{"id":17657,"date":"2025-03-28T10:04:00","date_gmt":"2025-03-28T13:04:00","guid":{"rendered":"https:\/\/www.visionweb.com.ar\/?p=17657"},"modified":"2025-03-28T10:10:36","modified_gmt":"2025-03-28T13:10:36","slug":"legislatura-bonaerense-aprobo-el-proyecto-ley-para-el-estado-de-emergencia-en-bahia-blanca","status":"publish","type":"post","link":"https:\/\/www.visionweb.com.ar\/?p=17657","title":{"rendered":"Legislatura bonaerense: Aprob\u00f3 la ley de estado de emergencia para Bah\u00eda Blanca"},"content":{"rendered":"<p><strong><em>Durante este bloque tem\u00e1tico, se realiz\u00f3 un minuto de silencio en homenaje a las v\u00edctimas de la tragedia clim\u00e1tica ocurrida el pasado 7 de marzo en Bah\u00eda Blanca.<\/em><\/strong><!--more--><\/p>\n<p><img loading=\"lazy\" decoding=\"async\" class=\"size-medium wp-image-17658 alignright\" src=\"https:\/\/www.visionweb.com.ar\/wp-content\/uploads\/2025\/03\/APRUEBAN-EMERGENCIA-PARA-BB-300x200.png\" alt=\"\" width=\"300\" height=\"200\" srcset=\"https:\/\/www.visionweb.com.ar\/wp-content\/uploads\/2025\/03\/APRUEBAN-EMERGENCIA-PARA-BB-300x200.png 300w, https:\/\/www.visionweb.com.ar\/wp-content\/uploads\/2025\/03\/APRUEBAN-EMERGENCIA-PARA-BB.png 640w\" sizes=\"auto, (max-width: 300px) 100vw, 300px\" \/>La C\u00e1mara de Diputados, presidida por Alexis Guerrera, en su primera sesi\u00f3n ordinaria del 153\u00b0 per\u00edodo legislativo, aprob\u00f3 el proyecto de ley que declara el estado de emergencia en Bah\u00eda Blanca.<\/p>\n<p>La iniciativa crea un Comit\u00e9 Temporal de Emergencia y establece medidas de alivio fiscal y suspende aumentos en los servicios p\u00fablicos esenciales en todo el municipio.<\/p>\n<p>Al respecto, la diputada Maite Alvado celebr\u00f3 la aprobaci\u00f3n del proyecto y destac\u00f3 que \u201ces un desaf\u00edo de todos nosotros y de la sociedad en su conjunto convertir en cotidianidad el ejemplo de solidaridad que dio el pueblo de Bah\u00eda Blanca\u201d. Adem\u00e1s, subray\u00f3 la importancia del rol del Estado y la necesidad de priorizar el cambio clim\u00e1tico y la obra p\u00fablica para prevenir futuras cat\u00e1strofes.<\/p>\n<p>En la misma l\u00ednea, la legisladora Laura Cano Kelly expres\u00f3 su solidaridad con las familias y la comunidad bahiense. \u201cDesde nuestro lugar vamos a acompa\u00f1ar este proyecto porque no podemos demorar la asistencia a las familias afectadas\u201d, afirm\u00f3.<\/p>\n<p>Por su parte, el diputado Luciano Bugallo valor\u00f3 el consenso alcanzado: \u201cA pesar de las diferencias pol\u00edticas, hay situaciones en las que podemos dejar de lado las grietas para resolver problemas concretos. Celebro que la mayor\u00eda de la C\u00e1mara est\u00e9 alineada en este sentido y enfocada en atender las urgencias\u201d.<\/p>\n<p>Durante este bloque tem\u00e1tico, se realiz\u00f3 un minuto de silencio en homenaje a las v\u00edctimas de la tragedia clim\u00e1tica ocurrida el pasado 7 de marzo en Bah\u00eda Blanca.<\/p>\n<p><strong>Deudores alimentarios<\/strong><\/p>\n<p>Adem\u00e1s durante la sesi\u00f3n, se convirti\u00f3 en ley el proyecto del Ejecutivo provincial que modifica y ampl\u00eda la Ley 13.074, de Registro de Deudores Alimentarios Morosos, con el objetivo de garantizar el cumplimiento de la cuota alimentaria de ni\u00f1as, ni\u00f1os y adolescentes.<\/p>\n<p>En este sentido, se aprob\u00f3 tambi\u00e9n el proyecto impulsado por el diputado Germ\u00e1n Di Cesare, que proh\u00edbe el ingreso a casinos, salas de juego de azar y de bingos en toda la provincia a quienes figuren en el registro de deudores alimentarios.<\/p>\n<p>\u201cSe trata de una herramienta clave para garantizar el pago de la cuota alimentaria. Es una obligaci\u00f3n legal y moral, y lamentablemente los \u00edndices de incumplimiento en nuestro pa\u00eds y en la provincia son alarmantemente altos\u201d, explic\u00f3 el legislador<strong>(VW)<\/strong>.<\/p>\n","protected":false},"excerpt":{"rendered":"<p>Durante este bloque tem\u00e1tico, se realiz\u00f3 un minuto de silencio en homenaje a las v\u00edctimas de la tragedia clim\u00e1tica ocurrida el pasado 7 de marzo en Bah\u00eda Blanca.<\/p>\n","protected":false},"author":3,"featured_media":17658,"comment_status":"closed","ping_status":"closed","sticky":false,"template":"","format":"standard","meta":{"_monsterinsights_skip_tracking":false,"_monsterinsights_sitenote_active":false,"_monsterinsights_sitenote_note":"","_monsterinsights_sitenote_category":0,"footnotes":""},"categories":[4],"tags":[1861,397,872],"class_list":["post-17657","post","type-post","status-publish","format-standard","has-post-thumbnail","hentry","category-politica","tag-bahia-blanca","tag-emergencia","tag-legislatura"],"_links":{"self":[{"href":"https:\/\/www.visionweb.com.ar\/index.php?rest_route=\/wp\/v2\/posts\/17657","targetHints":{"allow":["GET"]}}],"collection":[{"href":"https:\/\/www.visionweb.com.ar\/index.php?rest_route=\/wp\/v2\/posts"}],"about":[{"href":"https:\/\/www.visionweb.com.ar\/index.php?rest_route=\/wp\/v2\/types\/post"}],"author":[{"embeddable":true,"href":"https:\/\/www.visionweb.com.ar\/index.php?rest_route=\/wp\/v2\/users\/3"}],"replies":[{"embeddable":true,"href":"https:\/\/www.visionweb.com.ar\/index.php?rest_route=%2Fwp%2Fv2%2Fcomments&post=17657"}],"version-history":[{"count":4,"href":"https:\/\/www.visionweb.com.ar\/index.php?rest_route=\/wp\/v2\/posts\/17657\/revisions"}],"predecessor-version":[{"id":17662,"href":"https:\/\/www.visionweb.com.ar\/index.php?rest_route=\/wp\/v2\/posts\/17657\/revisions\/17662"}],"wp:featuredmedia":[{"embeddable":true,"href":"https:\/\/www.visionweb.com.ar\/index.php?rest_route=\/wp\/v2\/media\/17658"}],"wp:attachment":[{"href":"https:\/\/www.visionweb.com.ar\/index.php?rest_route=%2Fwp%2Fv2%2Fmedia&parent=17657"}],"wp:term":[{"taxonomy":"category","embeddable":true,"href":"https:\/\/www.visionweb.com.ar\/index.php?rest_route=%2Fwp%2Fv2%2Fcategories&post=17657"},{"taxonomy":"post_tag","embeddable":true,"href":"https:\/\/www.visionweb.com.ar\/index.php?rest_route=%2Fwp%2Fv2%2Ftags&post=17657"}],"curies":[{"name":"wp","href":"https:\/\/api.w.org\/{rel}","templated":true}]}}