{"id":17655,"date":"2025-03-28T09:40:56","date_gmt":"2025-03-28T12:40:56","guid":{"rendered":"https:\/\/www.visionweb.com.ar\/?p=17655"},"modified":"2025-03-28T09:40:56","modified_gmt":"2025-03-28T12:40:56","slug":"al-final-no-hubo-paro-de-colectivos-trabajo-dicto-la-conciliacion-obligatoria","status":"publish","type":"post","link":"https:\/\/www.visionweb.com.ar\/?p=17655","title":{"rendered":"Al final no hubo paro de colectivos, Trabajo dicto la conciliaci\u00f3n obligatoria"},"content":{"rendered":"<p><em><strong>La medida fue informada a \u00faltima hora del jueves, antes de que comenzara el paro que iba a afectar a gran parte de la Ciudad de Buenos Aires y el Conurbano bonaerense.<\/strong><\/em><!--more--><\/p>\n<p><img loading=\"lazy\" decoding=\"async\" class=\"size-medium wp-image-13723 alignright\" src=\"https:\/\/www.visionweb.com.ar\/wp-content\/uploads\/2024\/02\/colectivos-1-300x180.png\" alt=\"\" width=\"300\" height=\"180\" srcset=\"https:\/\/www.visionweb.com.ar\/wp-content\/uploads\/2024\/02\/colectivos-1-300x180.png 300w, https:\/\/www.visionweb.com.ar\/wp-content\/uploads\/2024\/02\/colectivos-1.png 499w\" sizes=\"auto, (max-width: 300px) 100vw, 300px\" \/>Horas antes del comienzo de la medida de fuerza que estaba prevista para este viernes, el Ministerio de Capital Humano estableci\u00f3 un plazo de 15 d\u00edas para que contin\u00faen las negociaciones.<\/p>\n<p>En ese sentido, el paro de colectivos de la UTA pautado para este viernes qued\u00f3 desactivado despu\u00e9s de que la Secretar\u00eda de Trabajo dictara la conciliaci\u00f3n obligatoria en el marco del conflicto salarial con las empresas de la actividad.<\/p>\n<p>La cartea Capital Humano anunci\u00f3 la conciliaci\u00f3n obligatoria entre la Uni\u00f3n Tranviarios Automotor (UTA) y las c\u00e1maras del sector y de esta manera se pone en suspenso el paro de colectivos que estaba previsto para este viernes.<\/p>\n<article class=\"article-body article-body--third-paragraph content-protected-false\">Seg\u00fan agregaron desde\u00a0<strong>Capital Humano<\/strong>, la conciliaci\u00f3n tiene como objetivo\u00a0<strong>\u00abgarantizar la prestaci\u00f3n del servicio p\u00fablico de transporte y preservar el di\u00e1logo entre las partes\u00bb.<\/strong><\/p>\n<\/article>\n<article class=\"article-body article-body--fourth-paragraph content-protected-false\">De esta manera, establecieron un plazo de 15 d\u00edas para instar a los representantes gremiales y empresariales a retomar las negociaciones \u00abdurante el cual est\u00e1n inhibidos de tomar cualquier represalia o medida de fuerza\u00bb<strong>(VW)<\/strong>.<\/p>\n<\/article>\n","protected":false},"excerpt":{"rendered":"<p>La medida fue informada a \u00faltima hora del jueves, antes de que comenzara el paro que iba a afectar a gran parte de la Ciudad de Buenos Aires y el Conurbano bonaerense.<\/p>\n","protected":false},"author":3,"featured_media":13723,"comment_status":"closed","ping_status":"closed","sticky":false,"template":"","format":"standard","meta":{"_monsterinsights_skip_tracking":false,"_monsterinsights_sitenote_active":false,"_monsterinsights_sitenote_note":"","_monsterinsights_sitenote_category":0,"footnotes":""},"categories":[8,4],"tags":[4257,705,6277,252,2697],"class_list":["post-17655","post","type-post","status-publish","format-standard","has-post-thumbnail","hentry","category-interes-general","category-politica","tag-camaras","tag-colectivos","tag-conciliacion","tag-paro","tag-uta"],"_links":{"self":[{"href":"https:\/\/www.visionweb.com.ar\/index.php?rest_route=\/wp\/v2\/posts\/17655","targetHints":{"allow":["GET"]}}],"collection":[{"href":"https:\/\/www.visionweb.com.ar\/index.php?rest_route=\/wp\/v2\/posts"}],"about":[{"href":"https:\/\/www.visionweb.com.ar\/index.php?rest_route=\/wp\/v2\/types\/post"}],"author":[{"embeddable":true,"href":"https:\/\/www.visionweb.com.ar\/index.php?rest_route=\/wp\/v2\/users\/3"}],"replies":[{"embeddable":true,"href":"https:\/\/www.visionweb.com.ar\/index.php?rest_route=%2Fwp%2Fv2%2Fcomments&post=17655"}],"version-history":[{"count":1,"href":"https:\/\/www.visionweb.com.ar\/index.php?rest_route=\/wp\/v2\/posts\/17655\/revisions"}],"predecessor-version":[{"id":17656,"href":"https:\/\/www.visionweb.com.ar\/index.php?rest_route=\/wp\/v2\/posts\/17655\/revisions\/17656"}],"wp:featuredmedia":[{"embeddable":true,"href":"https:\/\/www.visionweb.com.ar\/index.php?rest_route=\/wp\/v2\/media\/13723"}],"wp:attachment":[{"href":"https:\/\/www.visionweb.com.ar\/index.php?rest_route=%2Fwp%2Fv2%2Fmedia&parent=17655"}],"wp:term":[{"taxonomy":"category","embeddable":true,"href":"https:\/\/www.visionweb.com.ar\/index.php?rest_route=%2Fwp%2Fv2%2Fcategories&post=17655"},{"taxonomy":"post_tag","embeddable":true,"href":"https:\/\/www.visionweb.com.ar\/index.php?rest_route=%2Fwp%2Fv2%2Ftags&post=17655"}],"curies":[{"name":"wp","href":"https:\/\/api.w.org\/{rel}","templated":true}]}}