{"id":17649,"date":"2025-03-28T09:23:02","date_gmt":"2025-03-28T12:23:02","guid":{"rendered":"https:\/\/www.visionweb.com.ar\/?p=17649"},"modified":"2025-03-28T09:23:40","modified_gmt":"2025-03-28T12:23:40","slug":"came-renovo-sus-autoridades","status":"publish","type":"post","link":"https:\/\/www.visionweb.com.ar\/?p=17649","title":{"rendered":"CAME renov\u00f3 sus autoridades"},"content":{"rendered":"<p><strong><em>Ricardo Diab es un empresario pyme con vasta experiencia en los rubros comercio y servicios e industria pyme. Adem\u00e1s es c\u00f3nsul honorario de Brasil en la ciudad de Rosario.<\/em><\/strong> <!--more--><\/p>\n<p><img loading=\"lazy\" decoding=\"async\" class=\"size-medium wp-image-17652 alignright\" src=\"https:\/\/www.visionweb.com.ar\/wp-content\/uploads\/2025\/03\/AUTORIDADES-CAME-300x200.png\" alt=\"\" width=\"300\" height=\"200\" srcset=\"https:\/\/www.visionweb.com.ar\/wp-content\/uploads\/2025\/03\/AUTORIDADES-CAME-300x200.png 300w, https:\/\/www.visionweb.com.ar\/wp-content\/uploads\/2025\/03\/AUTORIDADES-CAME.png 640w\" sizes=\"auto, (max-width: 300px) 100vw, 300px\" \/>Con la participaci\u00f3n de representantes de entidades asociadas de todo el pa\u00eds, se realiz\u00f3 con \u00e9xito una nueva Asamblea General Ordinaria de la Confederaci\u00f3n Argentina de la Mediana Empresa (CAME). En ese marco de consenso y participaci\u00f3n democr\u00e1tica, se fijaron los cimientos para seguir fortaleciendo a la entidad m\u00e1s representativa de las peque\u00f1as y medianas empresas a nivel nacional.<\/p>\n<p>Como resultado de este proceso, se renov\u00f3 parte del Consejo Directivo de la entidad, que a continuaci\u00f3n de la Asamblea celebr\u00f3 su primera reuni\u00f3n, con el prop\u00f3sito de elegir a las nuevas autoridades de CAME.<\/p>\n<p>De esta forma, y por aclamaci\u00f3n, se eligi\u00f3 a Ricardo Diab como nuevo presidente de CAME, quedando conformado el Comit\u00e9 de Presidencia de la siguiente manera:<\/p>\n<p>Presidente: Ricardo Diab &#8211; Asociaci\u00f3n Empresaria de Rosario (AER)<\/p>\n<p>Vicepresidente 1\u00ba: Camilo Alberto Kahale &#8211; Federaci\u00f3n Econ\u00f3mica de la Provincia de Buenos Aires (FEBA)<\/p>\n<p>Vicepresidente 2\u00ba: Fabi\u00e1n Xavier Castillo &#8211; Federaci\u00f3n de Comercio e Industria de la Ciudad de Buenos Aires (FECOBA)<\/p>\n<p>Vicepresidenta 3\u00aa: Claudia Patricia Fern\u00e1ndez &#8211; C\u00e1mara de Comercio de Ushuaia<\/p>\n<p>Secretaria General: Beatriz del Carmen Tourn &#8211; C\u00e1mara Mujeres Empresarias del Chaco (CAMECH)<\/p>\n<p>Secretario de Hacienda: Juan Blas Taladrid &#8211; Uni\u00f3n del Comercio, la Industria y la Producci\u00f3n de Mar del Plata (UCIP)<\/p>\n<p>Prosecretario de Hacienda: Jos\u00e9 Eduardo Rodr\u00edguez &#8211; C\u00e1mara Regional de la Producci\u00f3n y la Agroindustria<\/p>\n<p>Secretario de Organizaci\u00f3n: Silvio Farach &#8211; Federaci\u00f3n Econ\u00f3mica de Entre R\u00edos (FEDER)<\/p>\n<p>Secretario Gremial: Guillermo Esteban Polke &#8211; Federaci\u00f3n Econ\u00f3mica de Santa Cruz (FESC)<\/p>\n<p>Secretario de Prensa: Salvador Femen\u00eda &#8211; Uni\u00f3n Empresarial del Partido Moreno (UEM)<\/p>\n<p>Secretario de Capacitaci\u00f3n: Luis Alberto Alonso &#8211; Uni\u00f3n Empresarios de Jujuy (UEJ)<\/p>\n<p>Secretario de Relaciones Institucionales: Fausto \u00c1ngel Brandolin &#8211; Federaci\u00f3n Comercial de la Provincia de C\u00f3rdoba (FEDECOM)<\/p>\n<p>Secretario de Relaciones Internacionales: Alfredo Desiderio Gonz\u00e1lez &#8211; Federaci\u00f3n Econ\u00f3mica del Chaco (FECHACO)<\/p>\n<p>Secretario de Turismo: Gregorio El\u00edas Werchow &#8211; Federaci\u00f3n Econ\u00f3mica de Tucum\u00e1n (FET)<\/p>\n<p>Secretario de Servicios: Dino Esteban Minnozzi &#8211; Federaci\u00f3n Econ\u00f3mica de San Juan (FESJ)<\/p>\n<p>Secretario de Interior: Gerardo Daniel D\u00edaz Beltr\u00e1n &#8211; Confederaci\u00f3n Econ\u00f3mica de Misiones (CEM)<\/p>\n<p>CAME es la \u00fanica entidad del pa\u00eds que representa a 1.491 federaciones, c\u00e1maras, centros y uniones de los distintos sectores productivos de todas las provincias de la Argentina y su estatuto garantiza el federalismo en la conducci\u00f3n. Su principal objetivo es la defensa de las peque\u00f1as y medianas empresas como principal motor de la econom\u00eda.<\/p>\n<p><strong>Sobre Ricardo Diab<\/strong><\/p>\n<p>Adem\u00e1s de nuevo presidente de CAME, es el titular de la Asociaci\u00f3n Empresaria de Rosario (AER) y c\u00f3nsul honorario de Brasil en Rosario. Diab es un empresario pyme con vasta experiencia en los rubros comercio y servicios e industria pyme. A lo largo de su trayectoria empresarial asesor\u00f3 a peque\u00f1as y medianas empresas a desarrollar su perfil exportador. Dentro de la entidad pyme es el impulsor del proyecto de CAME en Brasil.<strong>(VW)<\/strong><\/p>\n","protected":false},"excerpt":{"rendered":"<p>Ricardo Diab es un empresario pyme con vasta experiencia en los rubros comercio y servicios e industria pyme. Adem\u00e1s es c\u00f3nsul honorario de Brasil en la ciudad de Rosario.<\/p>\n","protected":false},"author":3,"featured_media":17652,"comment_status":"closed","ping_status":"closed","sticky":false,"template":"","format":"standard","meta":{"_monsterinsights_skip_tracking":false,"_monsterinsights_sitenote_active":false,"_monsterinsights_sitenote_note":"","_monsterinsights_sitenote_category":0,"footnotes":""},"categories":[749],"tags":[491,309,7515],"class_list":["post-17649","post","type-post","status-publish","format-standard","has-post-thumbnail","hentry","category-pymes","tag-autoridades","tag-came","tag-federaciones"],"_links":{"self":[{"href":"https:\/\/www.visionweb.com.ar\/index.php?rest_route=\/wp\/v2\/posts\/17649","targetHints":{"allow":["GET"]}}],"collection":[{"href":"https:\/\/www.visionweb.com.ar\/index.php?rest_route=\/wp\/v2\/posts"}],"about":[{"href":"https:\/\/www.visionweb.com.ar\/index.php?rest_route=\/wp\/v2\/types\/post"}],"author":[{"embeddable":true,"href":"https:\/\/www.visionweb.com.ar\/index.php?rest_route=\/wp\/v2\/users\/3"}],"replies":[{"embeddable":true,"href":"https:\/\/www.visionweb.com.ar\/index.php?rest_route=%2Fwp%2Fv2%2Fcomments&post=17649"}],"version-history":[{"count":2,"href":"https:\/\/www.visionweb.com.ar\/index.php?rest_route=\/wp\/v2\/posts\/17649\/revisions"}],"predecessor-version":[{"id":17654,"href":"https:\/\/www.visionweb.com.ar\/index.php?rest_route=\/wp\/v2\/posts\/17649\/revisions\/17654"}],"wp:featuredmedia":[{"embeddable":true,"href":"https:\/\/www.visionweb.com.ar\/index.php?rest_route=\/wp\/v2\/media\/17652"}],"wp:attachment":[{"href":"https:\/\/www.visionweb.com.ar\/index.php?rest_route=%2Fwp%2Fv2%2Fmedia&parent=17649"}],"wp:term":[{"taxonomy":"category","embeddable":true,"href":"https:\/\/www.visionweb.com.ar\/index.php?rest_route=%2Fwp%2Fv2%2Fcategories&post=17649"},{"taxonomy":"post_tag","embeddable":true,"href":"https:\/\/www.visionweb.com.ar\/index.php?rest_route=%2Fwp%2Fv2%2Ftags&post=17649"}],"curies":[{"name":"wp","href":"https:\/\/api.w.org\/{rel}","templated":true}]}}