{"id":17645,"date":"2025-03-27T11:14:35","date_gmt":"2025-03-27T14:14:35","guid":{"rendered":"https:\/\/www.visionweb.com.ar\/?p=17645"},"modified":"2025-03-27T11:21:07","modified_gmt":"2025-03-27T14:21:07","slug":"el-lunes-vence-el-congelamiento-salarial-en-el-senado-y-las-dietas-podrian-llegar-a-9-millones","status":"publish","type":"post","link":"https:\/\/www.visionweb.com.ar\/?p=17645","title":{"rendered":"El lunes vence el congelamiento salarial en el Senado y las dietas podr\u00edan llegar a $9 millones"},"content":{"rendered":"<p><em><strong>Las dietas se disparan otra vez. El lunes finalizar\u00e1 el congelamiento de las dietas de los senadores nacionales. Con la vigencia del nuevo per\u00edodo ordinario, la actualizaci\u00f3n ser\u00e1 autom\u00e1tica si no se toma alguna medida en contrario.<\/strong><\/em><!--more--><\/p>\n<div id=\"attachment_14729\" style=\"width: 310px\" class=\"wp-caption alignright\"><img loading=\"lazy\" decoding=\"async\" aria-describedby=\"caption-attachment-14729\" class=\"wp-image-14729 size-medium\" src=\"https:\/\/www.visionweb.com.ar\/wp-content\/uploads\/2024\/05\/Villarruel-senado-300x180.png\" alt=\"\" width=\"300\" height=\"180\" srcset=\"https:\/\/www.visionweb.com.ar\/wp-content\/uploads\/2024\/05\/Villarruel-senado-300x180.png 300w, https:\/\/www.visionweb.com.ar\/wp-content\/uploads\/2024\/05\/Villarruel-senado.png 460w\" sizes=\"auto, (max-width: 300px) 100vw, 300px\" \/><p id=\"caption-attachment-14729\" class=\"wp-caption-text\">Senado. Foto archivo<\/p><\/div>\n<p><strong>\u00a0 \u00a0\u00a0 E<\/strong>l pr\u00f3ximo lunes finalizar\u00e1 el c<strong>ongelamiento de sueldos<\/strong> de los\u00a0<strong>legisladores nacionales<\/strong>, lo que podr\u00eda derivar en un incremento autom\u00e1tico que elevar\u00eda sus ingresos brutos a m\u00e1s de $9 millones mensuales.<\/p>\n<p>La\u00a0<strong>vicepresidente y titular de la C\u00e1mara alta<\/strong>,\u00a0<strong>Victoria Villarruel<\/strong>, confirm\u00f3 que esta vez no podr\u00e1 intervenir para frenar la actualizaci\u00f3n de las\u00a0<strong>dietas<\/strong>\u00a0del\u00a0<strong><a href=\"https:\/\/www.senado.gob.ar\/\">Senado<\/a><\/strong>, ya que el cuerpo se encuentra en per\u00edodo de sesiones ordinarias.<\/p>\n<p>Cabe recordar, que la resoluci\u00f3n que\u00a0<strong>Victoria Villarruel<\/strong>\u00a0firm\u00f3 en enero pasado para frenar la\u00a0<strong>actualizaci\u00f3n autom\u00e1tica de las dietas de los legisladores<\/strong>, en relaci\u00f3n con el valor del m\u00f3dulo de referencia que utiliza el Congreso<strong>, se vencer\u00e1 el 31 de marzo pr\u00f3ximo.<\/strong><\/p>\n<p>As\u00ed, desde enero de 2025, las\u00a0<strong>dietas\u00a0<\/strong>de los\u00a0<strong>senadores\u00a0<\/strong>se mantienen en $4,5 millones gracias a la resoluci\u00f3n 01\/25 firmada por\u00a0<strong>Villarruel<\/strong>, que impidi\u00f3 que ascendieran a $9 millones luego de la \u00faltima paritaria legislativa, con la vigencia del nuevo per\u00edodo ordinario, la actualizaci\u00f3n ser\u00e1 autom\u00e1tica si no se toma ninguna medida.<\/p>\n<p>En t\u00e9rminos netos, los senadores actualmente perciben en mano $5.431.297. Esta cifra surge de una dieta base de $4.916.982, a la que se suman $1.770.113 por gastos de representaci\u00f3n. Con los descuentos, el monto final ronda los $3.661.184, aunque aquellos que viven fuera del\u00a0<strong>\u00c1rea Metropolitana de Buenos Aires\u00a0<\/strong>(<strong>AMBA<\/strong>) reciben un adicional por desarraigo.<\/p>\n<p>El incremento de abril responde a la aplicaci\u00f3n de la actualizaci\u00f3n salarial de los empleados del\u00a0<strong>Congreso<\/strong>, ya que los\u00a0<strong>senadores\u00a0<\/strong>fijaron su sueldo en funci\u00f3n de un sistema de m\u00f3dulos y en la \u00faltima modificaci\u00f3n, sus ingresos se calcularon en 2.500 m\u00f3dulos de base, con un extra de 1.000 por gastos de representaci\u00f3n y 500 por desarraigo.<\/p>\n<div id=\"attachment_15528\" style=\"width: 310px\" class=\"wp-caption alignleft\"><img loading=\"lazy\" decoding=\"async\" aria-describedby=\"caption-attachment-15528\" class=\"wp-image-15528 size-medium\" src=\"https:\/\/www.visionweb.com.ar\/wp-content\/uploads\/2024\/08\/Senadores-dieta-300x300.png\" alt=\"\" width=\"300\" height=\"300\" srcset=\"https:\/\/www.visionweb.com.ar\/wp-content\/uploads\/2024\/08\/Senadores-dieta-300x300.png 300w, https:\/\/www.visionweb.com.ar\/wp-content\/uploads\/2024\/08\/Senadores-dieta-150x150.png 150w, https:\/\/www.visionweb.com.ar\/wp-content\/uploads\/2024\/08\/Senadores-dieta-80x80.png 80w, https:\/\/www.visionweb.com.ar\/wp-content\/uploads\/2024\/08\/Senadores-dieta-320x320.png 320w, https:\/\/www.visionweb.com.ar\/wp-content\/uploads\/2024\/08\/Senadores-dieta-65x65.png 65w, https:\/\/www.visionweb.com.ar\/wp-content\/uploads\/2024\/08\/Senadores-dieta.png 480w\" sizes=\"auto, (max-width: 300px) 100vw, 300px\" \/><p id=\"caption-attachment-15528\" class=\"wp-caption-text\">Senadores en votaci\u00f3n por las dietas. Foto archivo ago. 2024<\/p><\/div>\n<p>Por este mecanismo, con cada paritaria legislativa, el sueldo de los\u00a0<strong>senadores\u00a0<\/strong>tambi\u00e9n aumenta, y de hecho, en los pr\u00f3ximos meses se sumar\u00e1 un ajuste del 6,6% correspondiente a aumentos acordados previamente y otro del 6,13% por la actualizaci\u00f3n del \u00faltimo trimestre de 2024.<\/p>\n<p>Hasta el momento, solo dos\u00a0<strong>senadores\u00a0<\/strong>solicitaron que <strong>no se aplique el aumento, Luis Juez del PRO y Jos\u00e9 Carambia de Por Santa Cruz<\/strong>, que presentaron una nota ante la\u00a0<strong>Presidencia de la C\u00e1mara alta<\/strong>, pero desde el \u00e1rea administrativa se\u00f1alaron que es imposible impedir la actualizaci\u00f3n de forma individual.<\/p>\n<p>En otro orden, Villarruel convoc\u00f3 a una sesi\u00f3n especial en el\u00a0<strong>Senado\u00a0<\/strong>para el pr\u00f3ximo 3 de abril con el objetivo de que los legisladores nacionales traten los pliegos de\u00a0<strong>Ariel Lijo\u00a0<\/strong>y\u00a0<strong>Manuel Garc\u00eda-Mansilla<\/strong>, los nuevos magistrados propuestos por el\u00a0<strong>Gobierno\u00a0<\/strong>para la\u00a0<strong>Corte Suprema de Justicia<\/strong>.<\/p>\n<p>En el oficialismo y sectores opositores \u201cdialoguistas\u201d surgieron propuestas para renovar el\u00a0<strong>congelamiento<\/strong>, pero no hay consenso, con lo cual la \u00fanica v\u00eda efectiva para sostener la medida ser\u00eda un acuerdo mayoritario en el recinto, lo que requerir\u00eda el respaldo de al menos dos tercios de los legisladores.<\/p>\n<p>En resumen, las dos opciones posibles para que los\u00a0<strong>senadores\u00a0<\/strong>no reciban el aumento de sus\u00a0<strong>dietas,\u00a0<\/strong>es que los jefes de los bloques legislativos <strong>soliciten a\u00a0Villarruel\u00a0que emita un nuevo decreto de congelamiento o que se vote en el recinto<\/strong>, tal como ocurri\u00f3 en agosto del a\u00f1o pasado, para aprobar la extensi\u00f3n de la medida.<\/p>\n<p><strong>El gremio del personal legislativo reclama aumentos <\/strong><\/p>\n<p>Mientras los\u00a0<strong>senadores\u00a0<\/strong>discuten el posible incremento de sus\u00a0<strong>dietas<\/strong>, los empleados legislativos bregan por el deterioro salarial. Seg\u00fan denuncian desde la\u00a0<strong>Asociaci\u00f3n del Personal Legislativo<\/strong>\u00a0(<strong>APL<\/strong>), el gremio conducido por\u00a0<strong>Norberto Di Pr\u00f3spero<\/strong>, los trabajadores del Congreso perdieron m\u00e1s del 65% de su poder adquisitivo en comparaci\u00f3n con la inflaci\u00f3n acumulada desde diciembre de 2023.<\/p>\n<p>Las negociaciones paritarias est\u00e1n en curso, pero las expectativas no son alentadoras. Se estima que el ajuste podr\u00eda ubicarse en apenas un 1,2%, una cifra muy por debajo de la inflaci\u00f3n proyectada. Adem\u00e1s, en la\u00a0<strong>C\u00e1mara de Diputados<\/strong>\u00a0se impuso un sistema de control de asistencia m\u00e1s estricto, lo que gener\u00f3 malestar entre los empleados que trabajan en jornadas extendidas durante las sesiones. <strong>(VW)<\/strong><\/p>\n<p>&nbsp;<\/p>\n","protected":false},"excerpt":{"rendered":"<p>Las dietas se disparan otra vez. El lunes finalizar\u00e1 el congelamiento de las dietas de los senadores nacionales. Con la vigencia del nuevo per\u00edodo ordinario, la actualizaci\u00f3n ser\u00e1 autom\u00e1tica si no se toma alguna&#46;&#46;&#46;<\/p>\n","protected":false},"author":4,"featured_media":14729,"comment_status":"closed","ping_status":"closed","sticky":false,"template":"","format":"standard","meta":{"_monsterinsights_skip_tracking":false,"_monsterinsights_sitenote_active":false,"_monsterinsights_sitenote_note":"","_monsterinsights_sitenote_category":0,"footnotes":""},"categories":[4],"tags":[58,7514,468,5255],"class_list":["post-17645","post","type-post","status-publish","format-standard","has-post-thumbnail","hentry","category-politica","tag-aumento","tag-dietas","tag-senado","tag-villarruel"],"_links":{"self":[{"href":"https:\/\/www.visionweb.com.ar\/index.php?rest_route=\/wp\/v2\/posts\/17645","targetHints":{"allow":["GET"]}}],"collection":[{"href":"https:\/\/www.visionweb.com.ar\/index.php?rest_route=\/wp\/v2\/posts"}],"about":[{"href":"https:\/\/www.visionweb.com.ar\/index.php?rest_route=\/wp\/v2\/types\/post"}],"author":[{"embeddable":true,"href":"https:\/\/www.visionweb.com.ar\/index.php?rest_route=\/wp\/v2\/users\/4"}],"replies":[{"embeddable":true,"href":"https:\/\/www.visionweb.com.ar\/index.php?rest_route=%2Fwp%2Fv2%2Fcomments&post=17645"}],"version-history":[{"count":3,"href":"https:\/\/www.visionweb.com.ar\/index.php?rest_route=\/wp\/v2\/posts\/17645\/revisions"}],"predecessor-version":[{"id":17648,"href":"https:\/\/www.visionweb.com.ar\/index.php?rest_route=\/wp\/v2\/posts\/17645\/revisions\/17648"}],"wp:featuredmedia":[{"embeddable":true,"href":"https:\/\/www.visionweb.com.ar\/index.php?rest_route=\/wp\/v2\/media\/14729"}],"wp:attachment":[{"href":"https:\/\/www.visionweb.com.ar\/index.php?rest_route=%2Fwp%2Fv2%2Fmedia&parent=17645"}],"wp:term":[{"taxonomy":"category","embeddable":true,"href":"https:\/\/www.visionweb.com.ar\/index.php?rest_route=%2Fwp%2Fv2%2Fcategories&post=17645"},{"taxonomy":"post_tag","embeddable":true,"href":"https:\/\/www.visionweb.com.ar\/index.php?rest_route=%2Fwp%2Fv2%2Ftags&post=17645"}],"curies":[{"name":"wp","href":"https:\/\/api.w.org\/{rel}","templated":true}]}}