{"id":17643,"date":"2025-03-27T10:29:27","date_gmt":"2025-03-27T13:29:27","guid":{"rendered":"https:\/\/www.visionweb.com.ar\/?p=17643"},"modified":"2025-03-27T10:29:27","modified_gmt":"2025-03-27T13:29:27","slug":"arranca-el-paro-de-ate-con-movilizacion-al-ministerio-de-desregulacion","status":"publish","type":"post","link":"https:\/\/www.visionweb.com.ar\/?p=17643","title":{"rendered":"Arranca el paro de ATE con movilizaci\u00f3n al Ministerio de Desregulaci\u00f3n"},"content":{"rendered":"<p><em><strong>ATE se adelanta a la CGT y realiza hoy su propio paro nacional para evitar 50.000 despidos por contratos laborales que vencen. \u201cLos estatales no podemos esperar hasta abril\u201d, dijo Aguiar.<\/strong><\/em><!--more--><\/p>\n<div id=\"attachment_13000\" style=\"width: 310px\" class=\"wp-caption alignright\"><img loading=\"lazy\" decoding=\"async\" aria-describedby=\"caption-attachment-13000\" class=\"wp-image-13000 size-medium\" src=\"https:\/\/www.visionweb.com.ar\/wp-content\/uploads\/2023\/12\/ate-rodolfo-aguiar-300x211.png\" alt=\"\" width=\"300\" height=\"211\" srcset=\"https:\/\/www.visionweb.com.ar\/wp-content\/uploads\/2023\/12\/ate-rodolfo-aguiar-300x211.png 300w, https:\/\/www.visionweb.com.ar\/wp-content\/uploads\/2023\/12\/ate-rodolfo-aguiar.png 476w\" sizes=\"auto, (max-width: 300px) 100vw, 300px\" \/><p id=\"caption-attachment-13000\" class=\"wp-caption-text\">Rodolfo Aguiar, ATE. Foto archivo VW<\/p><\/div>\n<p><strong>L<\/strong>a Asociaci\u00f3n Trabajadores del Estado (<strong>ATE<\/strong>) encabeza este jueves\u00a0<strong>27 de marzo<\/strong>\u00a0su propio\u00a0<strong>paro nacional\u00a0<\/strong>acompa\u00f1ado de una movilizaci\u00f3n al\u00a0<strong>Ministerio de Desregulaci\u00f3n y Transformaci\u00f3n del Estado<\/strong>, que dirige\u00a0<strong>Federico Sturzenegger<\/strong>, para evitar 50 mil despidos en la administraci\u00f3n p\u00fablica cuyos contratos vencen el 31 de marzo.<\/p>\n<p>Luego de conocerse la convocatoria de la Confederaci\u00f3n General del Trabajo (<strong>CGT<\/strong>), al\u00a0<strong>tercer paro nacional\u00a0para el pr\u00f3ximo\u00a010 de abril\u00a0<\/strong>contra la administraci\u00f3n nacional de\u00a0<strong>Javier Milei<\/strong>, el secretario general de ATE,<strong> Rodolfo Aguilar<\/strong>, anunci\u00f3 que el sindicato de los trabajadores\u00a0<strong>estatales<\/strong>\u00a0realizar\u00e1 <strong>su propia medida de fuerza este jueves<\/strong>.<\/p>\n<p>\u201cLa medida de fuerza tendr\u00e1 un alto acatamiento. En la administraci\u00f3n p\u00fablica el malestar es creciente en todo el pa\u00eds. Rechazamos cualquier posibilidad de que <strong>pretendan compensar el costo fiscal<\/strong> de la rebaja de retenciones al campo y la eliminaci\u00f3n de impuestos a la compra de autos de alta gama con nuevos despidos masivos\u201d, remarc\u00f3\u00a0<strong>Aguiar<\/strong>.<\/p>\n<p>Asimismo, el dirigente gremial remarc\u00f3 que \u201c<strong>los estatales no pueden esperar hasta abril<\/strong>\u201d, y breg\u00f3 porque los contratos que vencen el 31 deben ser renovados de manera autom\u00e1tica. \u201cNo toleraremos cesant\u00edas masivas\u201d, asegur\u00f3.<\/p>\n<p>Lo que sucede es que, la administraci\u00f3n nacional prepara una nueva tanda de\u00a0<strong>despidos masivos<\/strong>\u00a0en la administraci\u00f3n p\u00fablica. Seg\u00fan estiman desde\u00a0<strong>ATE<\/strong>,\u00a0<strong>se tratar\u00eda de al menos 50.000 trabajadores a los cuales se les vence el contrato\u00a0<\/strong>con el Estado el pr\u00f3ximo 31 de marzo.<\/p>\n<p>Frente a ello,\u00a0<strong>ATE<\/strong>\u00a0exige que el Ejecutivo nacional cumpla con la renovaci\u00f3n autom\u00e1tica y anual, seg\u00fan lo establecido en la Resoluci\u00f3n 26\/24 del Ministerio de Desregulaci\u00f3n y Transformaci\u00f3n del Estado.<\/p>\n<p>\u201cNos vamos a movilizar hasta el Ministerio que conduce\u00a0<strong>Sturzenegger<\/strong>\u00a0porque \u00e9l es el arquitecto, el que propone compensar el costo fiscal de los USD 800 millones que supone la baja de retenciones al campo y la eliminaci\u00f3n de impuestos a los autos de alta gama con un nuevo achique del sector p\u00fablico proponiendo el cierre y la fusi\u00f3n de numerosos organismos\u201d, apunt\u00f3 el dirigente de\u00a0<strong>ATE<\/strong>.<\/p>\n<p><img loading=\"lazy\" decoding=\"async\" class=\"size-medium wp-image-13653 alignleft\" src=\"https:\/\/www.visionweb.com.ar\/wp-content\/uploads\/2024\/02\/Paro-de-ATE-300x152.png\" alt=\"\" width=\"300\" height=\"152\" srcset=\"https:\/\/www.visionweb.com.ar\/wp-content\/uploads\/2024\/02\/Paro-de-ATE-300x152.png 300w, https:\/\/www.visionweb.com.ar\/wp-content\/uploads\/2024\/02\/Paro-de-ATE.png 575w\" sizes=\"auto, (max-width: 300px) 100vw, 300px\" \/>Vale se\u00f1alar que, la organizaci\u00f3n sindical denuncia que la administraci\u00f3n nacional ya despidi\u00f3 al menos\u00a0<strong>40.000 trabajadores<\/strong>. Sin embargo, tras el vencimiento de una nueva tanda de contratos,\u00a0<strong>ATE estima que podr\u00edan quedarse sumarse otros 70.000 empleados<\/strong>. \u201c<strong>El empleo p\u00fablico est\u00e1 en emergencia<\/strong>. No solo se trata de defender cada puesto de trabajo, sino tambi\u00e9n de mantener los derechos que brindan los servicios esenciales\u201d, afirm\u00f3\u00a0<strong>Aguiar<\/strong>.<\/p>\n<p>Cabe destacar que, la <strong>movilizaci\u00f3n de este jueves ser\u00e1 en reclamo tambi\u00e9n de un aumento salarial<\/strong>. \u201cDeben reabrirse de manera inmediata las\u00a0paritarias y garantizar que el da\u00f1o que sufrieron los salarios sea reparado\u201d, agreg\u00f3\u00a0<strong>Aguiar<\/strong>.<\/p>\n<p>En concreto, la paritaria estatal qued\u00f3 44,4% por debajo de la inflaci\u00f3n en 2024 y este a\u00f1o los aumentos en los primeros meses tambi\u00e9n quedaron relegados frente al IPC: 1,5% en enero y 1,2% en febrero, con las negociaciones habiendo pasado a un cuarto intermedio desde entonces.<\/p>\n<p>\u201cTiene que ser una medida que tambi\u00e9n permita ponerle l\u00edmites al impulso no democr\u00e1tico y esa simpat\u00eda por reprimir que muestra el Gobierno. Un paro con movilizaci\u00f3n nos permitir\u00e1 seguir defendiendo nuestro derecho constitucional a manifestarnos y peticionar libremente a las autoridades\u201d, concluy\u00f3 el Secretario General de\u00a0<strong>ATE Nacional<\/strong>.<\/p>\n<p><strong>ATE en alerta m\u00e1xima por la destrucci\u00f3n de archivos hist\u00f3ricos de la Armada<\/strong><\/p>\n<p>El secretario general de la\u00a0<strong>Asociaci\u00f3n de Trabajadores del Estado\u00a0<\/strong>(<strong><a href=\"https:\/\/ate.org.ar\/\">ATE<\/a><\/strong>),\u00a0<strong>Rodolfo Aguiar<\/strong>, anunci\u00f3 que los empleados estatales entraron en un estado de alerta m\u00e1xima y permanente, por la autorizaci\u00f3n que realiz\u00f3 el ministro de Defensa de la Naci\u00f3n,\u00a0<strong>Luis Petri<\/strong>, para destruir archivos hist\u00f3ricos de la\u00a0<strong>Armada Argentina<\/strong>.<\/p>\n<p>\u201c40 a\u00f1os despu\u00e9s de la vuelta de la democracia, los grupos negacionistas se proponen seguir destruyendo pruebas. Los genocidas festejan, lograron que arribe un\u00a0<strong>Gobierno nacional\u00a0<\/strong>que pretende garantizarles la impunidad legal y legitimar sus cr\u00edmenes atroces\u201d, se\u00f1al\u00f3\u00a0<strong>Aguiar\u00a0<\/strong>en sus redes sociales.<\/p>\n<p>En ese sentido, el titular de\u00a0<strong>ATE\u00a0<\/strong>anunci\u00f3 que el gremio de estatales envi\u00f3 un pedido de informes al Gobierno, puntualmente al\u00a0<strong>Ministerio de Defensa<\/strong>, para que\u00a0<strong>Petri\u00a0<\/strong>ponga sobre la mesa lo que suceder\u00e1 con la posible \u201cdepuraci\u00f3n y trituraci\u00f3n\u201d de documentaci\u00f3n de la\u00a0<strong>Armada\u00a0<\/strong>que van de la mano con su traslado.<\/p>\n<p>\u201cSe est\u00e1n vulnerando todas las leyes vigentes en nuestro pa\u00eds. No puede ser la propia\u00a0<strong>Armada\u00a0<\/strong>la que ahora lleve adelante este proceso de depuraci\u00f3n y trituraci\u00f3n de documentaci\u00f3n que resulta valiosa para el fortalecimiento de una democracia que se construy\u00f3 sobre el juicio y castigo de los responsables de los cr\u00edmenes ocurridos durante la \u00faltima dictadura militar\u201d, enfatiz\u00f3 el secretario general de los estatales nacionales.\u00a0<strong>(VW)<\/strong><\/p>\n<p>&nbsp;<\/p>\n","protected":false},"excerpt":{"rendered":"<p>ATE se adelanta a la CGT y realiza hoy su propio paro nacional para evitar 50.000 despidos por contratos laborales que vencen. \u201cLos estatales no podemos esperar hasta abril\u201d, dijo Aguiar.<\/p>\n","protected":false},"author":4,"featured_media":13000,"comment_status":"closed","ping_status":"closed","sticky":false,"template":"","format":"standard","meta":{"_monsterinsights_skip_tracking":false,"_monsterinsights_sitenote_active":false,"_monsterinsights_sitenote_note":"","_monsterinsights_sitenote_category":0,"footnotes":""},"categories":[4,5],"tags":[2719,252,5396],"class_list":["post-17643","post","type-post","status-publish","format-standard","has-post-thumbnail","hentry","category-politica","category-sociedad","tag-ate","tag-paro","tag-rodolfo-aguiar"],"_links":{"self":[{"href":"https:\/\/www.visionweb.com.ar\/index.php?rest_route=\/wp\/v2\/posts\/17643","targetHints":{"allow":["GET"]}}],"collection":[{"href":"https:\/\/www.visionweb.com.ar\/index.php?rest_route=\/wp\/v2\/posts"}],"about":[{"href":"https:\/\/www.visionweb.com.ar\/index.php?rest_route=\/wp\/v2\/types\/post"}],"author":[{"embeddable":true,"href":"https:\/\/www.visionweb.com.ar\/index.php?rest_route=\/wp\/v2\/users\/4"}],"replies":[{"embeddable":true,"href":"https:\/\/www.visionweb.com.ar\/index.php?rest_route=%2Fwp%2Fv2%2Fcomments&post=17643"}],"version-history":[{"count":1,"href":"https:\/\/www.visionweb.com.ar\/index.php?rest_route=\/wp\/v2\/posts\/17643\/revisions"}],"predecessor-version":[{"id":17644,"href":"https:\/\/www.visionweb.com.ar\/index.php?rest_route=\/wp\/v2\/posts\/17643\/revisions\/17644"}],"wp:featuredmedia":[{"embeddable":true,"href":"https:\/\/www.visionweb.com.ar\/index.php?rest_route=\/wp\/v2\/media\/13000"}],"wp:attachment":[{"href":"https:\/\/www.visionweb.com.ar\/index.php?rest_route=%2Fwp%2Fv2%2Fmedia&parent=17643"}],"wp:term":[{"taxonomy":"category","embeddable":true,"href":"https:\/\/www.visionweb.com.ar\/index.php?rest_route=%2Fwp%2Fv2%2Fcategories&post=17643"},{"taxonomy":"post_tag","embeddable":true,"href":"https:\/\/www.visionweb.com.ar\/index.php?rest_route=%2Fwp%2Fv2%2Ftags&post=17643"}],"curies":[{"name":"wp","href":"https:\/\/api.w.org\/{rel}","templated":true}]}}