{"id":17641,"date":"2025-03-27T10:09:47","date_gmt":"2025-03-27T13:09:47","guid":{"rendered":"https:\/\/www.visionweb.com.ar\/?p=17641"},"modified":"2025-03-27T10:09:47","modified_gmt":"2025-03-27T13:09:47","slug":"las-empresas-estatales-de-salud-de-kicillof-tuvieron-un-freno-en-el-senado","status":"publish","type":"post","link":"https:\/\/www.visionweb.com.ar\/?p=17641","title":{"rendered":"Las empresas estatales de Salud de Kicillof tuvieron un freno en el Senado"},"content":{"rendered":"<p><em><strong>La comisi\u00f3n de Salud P\u00fablica del Senado no logr\u00f3 dictaminar los proyectos de empresas de emergencias impulsados por Kicillof y que cuentan con\u00a0media sanci\u00f3n de Diputados. La oposici\u00f3n cuestion\u00f3 la actual situaci\u00f3n del IOMA.<\/strong><\/em><!--more--><\/p>\n<p><strong>\u00a0\u00a0 <img loading=\"lazy\" decoding=\"async\" class=\"size-medium wp-image-382 alignright\" src=\"https:\/\/www.visionweb.com.ar\/wp-content\/uploads\/2020\/11\/IOMA-DOS-300x201.png\" alt=\"\" width=\"300\" height=\"201\" srcset=\"https:\/\/www.visionweb.com.ar\/wp-content\/uploads\/2020\/11\/IOMA-DOS-300x201.png 300w, https:\/\/www.visionweb.com.ar\/wp-content\/uploads\/2020\/11\/IOMA-DOS.png 640w\" sizes=\"auto, (max-width: 300px) 100vw, 300px\" \/>\u00a0 L<\/strong>a\u00a0<strong>comisi\u00f3n de Salud P\u00fablica<\/strong>\u00a0del\u00a0<strong><a href=\"https:\/\/www.senado-ba.gov.ar\/\">Senado bonaerense<\/a><\/strong> retom\u00f3 el debate de los proyectos presentados a inicios de 2024 por el <strong>gobierno de Axel Kicillof<\/strong>, que contemplan la creaci\u00f3n de una\u00a0<strong>empresa estatal de emergencias\u00a0<\/strong>en<strong>\u00a0Salud<\/strong>\u00a0y de un<strong>\u00a0Centro de Industria Farmac\u00e9utica<\/strong>, pero quedaron en suspenso frente a cuestionamientos de la oposici\u00f3n por la gesti\u00f3n del Instituto de Obra M\u00e9dico Asistencial (<strong>IOMA<\/strong>).<\/p>\n<p>En ese sentido, los senadores del bloque del\u00a0<strong>PRO<\/strong>\u00a0y de\u00a0<strong>UCR\u00a0<\/strong>+<strong>\u00a0Cambio Federal<\/strong>\u00a0le reclamaron\u00a0<strong>al titular de la<\/strong>\u00a0<strong>comisi\u00f3n de Salud P\u00fablica<\/strong>,\u00a0<strong>Eduardo Bucca<\/strong>, la necesidad de reunirse con el ministro de Salud,\u00a0<strong>Nicol\u00e1s Kreplak<\/strong>, para abordar la situaci\u00f3n del\u00a0<strong>IOMA<\/strong>, antes de emitir dictamen a la <strong>creaci\u00f3n de nueva \u201cestructura burocr\u00e1tica\u201d al sistema sanitario<\/strong>.<\/p>\n<p>\u201cCuando vino\u00a0<strong>Kreplak<\/strong>\u00a0el a\u00f1o pasado a la\u00a0<strong>C\u00e1mara<\/strong>, qued\u00f3 pendiente el compromiso de tratar la crisis que atraviesa el\u00a0<strong>IOMA<\/strong>, ya pas\u00f3 m\u00e1s de un a\u00f1o de ese compromiso. Nos interesa armar una mesa de trabajo sobre la obra social\u201d, manifest\u00f3 el senador del PRO,\u00a0<strong>Marcelo Leguizam\u00f3n<\/strong>, durante la reuni\u00f3n de ayer del cuerpo parlamentario.<\/p>\n<p>En efecto, el\u00a0<strong>ministro de Salud<\/strong>\u00a0provincial se reuni\u00f3 en mayo de 2024 con los integrantes de la\u00a0<strong>comisi\u00f3n de Salud P\u00fablica de la C\u00e1mara alta<\/strong>\u00a0para respaldar los dos proyectos de creaci\u00f3n de empresas estatales de\u00a0<strong>Salud<\/strong>, los cuales cuentan con\u00a0<strong>media sanci\u00f3n de Diputados<\/strong>, pero no hizo menci\u00f3n alguna a las dificultades de la prestaci\u00f3n del\u00a0<strong>IOMA<\/strong>.<\/p>\n<p>En tanto, el legislador del radicalismo\u00a0<strong>Alejandro Cellillo<\/strong>\u00a0apoy\u00f3 este jueves lo planteado por\u00a0<strong>Leguizam\u00f3n<\/strong>\u00a0y pidi\u00f3 tener en los pr\u00f3ximos d\u00edas \u201cuna reuni\u00f3n franca con el Ministro por todos los problemas que arrastra el\u00a0<strong>IOMA<\/strong>\u201d. \u201cEntendemos que entre todos podemos mejorar la situaci\u00f3n\u201d, a\u00f1adi\u00f3.<\/p>\n<p>M\u00e9dico de profesi\u00f3n, con a\u00f1os de experiencia en hospitales del interior de la provincia, el legislador bonaerense cuestion\u00f3 que en m\u00e1s cinco a\u00f1os de gesti\u00f3n de Kicillof todav\u00eda no hay una definici\u00f3n clara sobre el sistema de salud que se busca implementar, y que\u00a0la creaci\u00f3n de las\u00a0<strong>empresas estatales de salud\u00a0<\/strong>\u201cagravar\u00eda a\u00fan m\u00e1s la situaci\u00f3n\u201d, inform\u00f3 Diputados Bonaerenses.<\/p>\n<p>Con la intenci\u00f3n de impulsar el debate de los proyectos impulsados por\u00a0<strong>Kicillof<\/strong>,\u00a0<strong>Eduardo Bucca<\/strong>, plante\u00f3 la posibilidad de invitar a la comisi\u00f3n a un funcionario o alg\u00fan integrante del\u00a0<strong>IOMA<\/strong>, aunque aclar\u00f3 que uno de los principales problemas de la obra social es el \u201ccosto de los medicamentos\u201d y que uno de los proyectos presentados busca \u201cavanzar en ese sentido\u201d.<\/p>\n<p>Es preciso mencionar que, durante su discurso ante de apertura de sesiones ordinarias, <strong>Kicillof <\/strong>reclam\u00f3 a los legisladores la sanci\u00f3n de los proyectos que\u00a0<strong>crean la empresa estatal de emergencias\u00a0<\/strong>y de<strong>\u00a0medicamentos<\/strong>, al considerarlas \u201c<strong>dos leyes importantes<\/strong> para atravesar la actual situaci\u00f3n de abandono nacional\u201d en el acceso al sistema de salud.<\/p>\n<p>En el caso de la\u00a0<strong>empresa estatal de emergencias<\/strong>, la iniciativa contaba con los tres dict\u00e1menes de comisi\u00f3n de la C\u00e1mara alta. No obstante, el oficialismo no logr\u00f3 el consenso necesario para tratarlo en el recinto, por lo que el expediente deber\u00e1 conseguir nuevamente la aprobaci\u00f3n en comisiones al perder estado parlamentario.<\/p>\n<p><strong>Senado: de qu\u00e9 tratan los proyectos de empresas estatales de salud<\/strong><\/p>\n<p>En primer t\u00e9rmino, el proyecto de<strong>\u00a0Kicillof<\/strong>\u00a0y de\u00a0<strong>La<\/strong>\u00a0<strong>C\u00e1mpora\u00a0<\/strong>que crea la\u00a0<strong>empresa estatal de emergencias<\/strong>, una Sociedad An\u00f3nima con Participaci\u00f3n Estatal Mayoritaria, seg\u00fan la mirada del ministro\u00a0<strong>Kreplak<\/strong>, busca mejorar la asistencia sanitaria ante urgencias o emergencias a partir de la log\u00edstica y el transporte de usuarios del sistema de salud, una opini\u00f3n que no es compartida por la oposici\u00f3n.<\/p>\n<p>Asimismo, la\u00a0iniciativa tambi\u00e9n apunta a regular el traslado de\u00a0<strong>insumos cr\u00edticos\u00a0<\/strong>(sangre y hemoderivados, ox\u00edgeno, medicamentos) y de\u00a0<strong>residuos patog\u00e9nicos\u00a0<\/strong>de los centros de salud y el manejo de un sistema de informaci\u00f3n integral que garantice el funcionamiento del sistema de\u00a0<strong>emergencias\u00a0<\/strong>en salud.<\/p>\n<p>En tanto, el proyecto de ley de\u00a0<strong>Creaci\u00f3n del Centro de Industria Farmac\u00e9utica Bonaerense<\/strong>\u00a0tiene por objetivo investigar, desarrollar, producir, importar, exportar, comprar, vender, distribuir y comercializar los productos relacionados a\u00a0<strong>medicamentos<\/strong>.<\/p>\n<p>Seg\u00fan explicita el proyecto, la f\u00e1brica de\u00a0<strong>medicamentos\u00a0<\/strong>producir\u00eda vacunas, insumos, productos m\u00e9dicos, equipamiento, ingredientes farmac\u00e9uticos activos, est\u00e1ndares primarios y secundarios para control de calidad de la producci\u00f3n, insumos m\u00e9dicos odontol\u00f3gicos, productos domisanitarios y cualquier otro insumo necesario para la salud.<\/p>\n<p>Entre los medios para lograr ese objetivo, se encuentra la potestad de la\u00a0<strong>empresa estatal de medicamentos<\/strong>\u00a0de celebrar todo tipo de contratos con entidades p\u00fablicas o privadas, incluidos contratos de trabajo y contrataciones interadministrativas, sin la necesidad de autorizaci\u00f3n del\u00a0<strong>Poder Ejecutivo<\/strong>.<\/p>\n<p>\u201cLa\u00a0<strong>producci\u00f3n de medicamentos<\/strong>\u00a0posee varios prop\u00f3sitos, entre los que se pueden mencionar ser una alternativa efectiva para asegurar el acceso a tratamientos asequibles y de calidad. Por otro lado, act\u00faa como mecanismos para garantizar derechos plasmados en la Constituci\u00f3n provincial, que reconoce al medicamento como un bien social y, finalmente, fomentar tanto la soberan\u00eda estatal en materia de salud, producci\u00f3n e innovaci\u00f3n\u201d, indican los fundamentos del proyecto. <strong>(VW)<\/strong><\/p>\n<p>&nbsp;<\/p>\n","protected":false},"excerpt":{"rendered":"<p>La comisi\u00f3n de Salud P\u00fablica del Senado no logr\u00f3 dictaminar los proyectos de empresas de emergencias impulsados por Kicillof y que cuentan con\u00a0media sanci\u00f3n de Diputados. La oposici\u00f3n cuestion\u00f3 la actual situaci\u00f3n del IOMA.<\/p>\n","protected":false},"author":4,"featured_media":382,"comment_status":"closed","ping_status":"closed","sticky":false,"template":"","format":"standard","meta":{"_monsterinsights_skip_tracking":false,"_monsterinsights_sitenote_active":false,"_monsterinsights_sitenote_note":"","_monsterinsights_sitenote_category":0,"footnotes":""},"categories":[4],"tags":[7512,359,7513,3309],"class_list":["post-17641","post","type-post","status-publish","format-standard","has-post-thumbnail","hentry","category-politica","tag-empresas-de-salud-provinciales","tag-kreplak","tag-proyectos-kicillof","tag-senado-bonaerense"],"_links":{"self":[{"href":"https:\/\/www.visionweb.com.ar\/index.php?rest_route=\/wp\/v2\/posts\/17641","targetHints":{"allow":["GET"]}}],"collection":[{"href":"https:\/\/www.visionweb.com.ar\/index.php?rest_route=\/wp\/v2\/posts"}],"about":[{"href":"https:\/\/www.visionweb.com.ar\/index.php?rest_route=\/wp\/v2\/types\/post"}],"author":[{"embeddable":true,"href":"https:\/\/www.visionweb.com.ar\/index.php?rest_route=\/wp\/v2\/users\/4"}],"replies":[{"embeddable":true,"href":"https:\/\/www.visionweb.com.ar\/index.php?rest_route=%2Fwp%2Fv2%2Fcomments&post=17641"}],"version-history":[{"count":1,"href":"https:\/\/www.visionweb.com.ar\/index.php?rest_route=\/wp\/v2\/posts\/17641\/revisions"}],"predecessor-version":[{"id":17642,"href":"https:\/\/www.visionweb.com.ar\/index.php?rest_route=\/wp\/v2\/posts\/17641\/revisions\/17642"}],"wp:featuredmedia":[{"embeddable":true,"href":"https:\/\/www.visionweb.com.ar\/index.php?rest_route=\/wp\/v2\/media\/382"}],"wp:attachment":[{"href":"https:\/\/www.visionweb.com.ar\/index.php?rest_route=%2Fwp%2Fv2%2Fmedia&parent=17641"}],"wp:term":[{"taxonomy":"category","embeddable":true,"href":"https:\/\/www.visionweb.com.ar\/index.php?rest_route=%2Fwp%2Fv2%2Fcategories&post=17641"},{"taxonomy":"post_tag","embeddable":true,"href":"https:\/\/www.visionweb.com.ar\/index.php?rest_route=%2Fwp%2Fv2%2Ftags&post=17641"}],"curies":[{"name":"wp","href":"https:\/\/api.w.org\/{rel}","templated":true}]}}