{"id":17637,"date":"2025-03-27T08:48:03","date_gmt":"2025-03-27T11:48:03","guid":{"rendered":"https:\/\/www.visionweb.com.ar\/?p=17637"},"modified":"2025-03-27T08:48:36","modified_gmt":"2025-03-27T11:48:36","slug":"contra-kicillof-el-kirchnerismo-presento-un-proyecto-para-que-no-se-desdoblen-las-elecciones","status":"publish","type":"post","link":"https:\/\/www.visionweb.com.ar\/?p=17637","title":{"rendered":"Contra Kicillof: El kirchnerismo present\u00f3 un proyecto para que no se desdoblen las elecciones"},"content":{"rendered":"<p><strong><em>El proyecto plantea atar las elecciones provinciaes a la nacionales, a la vez que avanza en la suspensi\u00f3n de las PASO. <\/em><\/strong><!--more--><\/p>\n<p><img loading=\"lazy\" decoding=\"async\" class=\"size-medium wp-image-12288 alignright\" src=\"https:\/\/www.visionweb.com.ar\/wp-content\/uploads\/2023\/10\/legislatura-bonaerense-300x235.png\" alt=\"\" width=\"300\" height=\"235\" srcset=\"https:\/\/www.visionweb.com.ar\/wp-content\/uploads\/2023\/10\/legislatura-bonaerense-300x235.png 300w, https:\/\/www.visionweb.com.ar\/wp-content\/uploads\/2023\/10\/legislatura-bonaerense.png 543w\" sizes=\"auto, (max-width: 300px) 100vw, 300px\" \/>El kirchnerismo\u00a0<strong>present\u00f3 hoy en la c\u00e1mra de Senadores un proyecto de Ley para atar las elecciones bonaerenses a la nacionales y, de ese modo, evitar el desdoblamiento que impulsa el gobernador Axel Kicillof<\/strong>.<\/p>\n<p>El proyecto, que lleva la firma de la senadora Teresa Garc\u00eda -muy cercana a Cristina Fern\u00e1ndez de Kirchner-, establece el freno al desdoblamiento junto con la suspensi\u00f3n de las PASO en la provincia, una posibilidad que<a href=\"https:\/\/dib.com.ar\/2025\/03\/panorama-las-conversaciones-en-uxp-ante-un-instancia-clave-para-la-interna-entre-kicillof-y-cristina\/\">\u00a0DIB hab\u00eda adelantado el s\u00e1bado<\/a>.<\/p>\n<p>En los hechos, al fijar como d\u00eda obligatoria en la provincia aquel en que se hagan los comicios nacionales, le quita al gobernador la posibilidad que hoy tiene de establecer la fecha de las elecciones por decreto. As\u00ed, Kicillof no podr\u00eda desdoblar.<\/p>\n<p>La iniciativa fue respaldada adem\u00e1s por los y las senadoras y senadores Bastida, Berni, Soos, Vivona, Clark, Defunchio, Gonz\u00e1lez Santalla, Curi, Demaria, Santarelli, Mart\u00ednez, Torchio y Viera Se trata de los 15 alineados con Cristina y M\u00e1ximo Kirchner en la pelea contra Kicillof.<\/p>\n<p>Tambi\u00e9n firm\u00f3 la senadora de Frene Renovador Sof\u00eda Vanelli, lo que pareci\u00f3 indicar una apoyo de Sergio Massa a la movida. Fuentes de ese espacio no lo negaron, pero insistieron ante la consulta de DIB en que su objetivo es \u201clograr un acuerdo con todos los actores adentro\u201d.<\/p>\n<p>\u201cUna sola Naci\u00f3n, una sola Provincia, una sola elecci\u00f3n\u201d, escribi\u00f3 Garc\u00eda al difundir el proyecto.<\/p>\n<p><strong>Tensi\u00f3n extrema<\/strong><\/p>\n<p>La movida provoc\u00f3 tensi\u00f3n extrema en el peronismo. \u201cEstamos al borde del enfrentamientos definitivo\u201d, dijo a este medio un legislador del kicillofismo. \u201cSi hay desdoblamiento se pudre todo\u201d, definieron, sin eufemismos, en el campamento cristinista.<\/p>\n<p>Garc\u00eda avanz\u00f3 apenas horas despu\u00e9s de que se conociera una reuni\u00f3n entre Axel Kicillof, Maximo Kirchner y Sergio Massa -que no es reconocida oficialmente por ninguno de ellos- en la que habr\u00edan comenzado a debatir la posilbidad de un acuerdo sobre qu\u00e9 hacer con las PASO, un expdiente que est\u00e1 directamente ligado al desdoblamiento. El proyecto de la senadora cristinista confirma que all\u00ed no hubo acuerdos.<\/p>\n<p>ERl articulado de Garc\u00eda, al aceptar la suspensi\u00f3n de las PASO, agita la posibilidad de un acuedo del fristinismo con la oposici\u00f3n porque bancadas como La Libertad Avanza o PRO tienen inter\u00e9s en eliminar las primarias y no est\u00e1n tan preocupadas por la posibilidad de que las elecciones sean concurrentes. Pero en el kicillofismo conf\u00edan en que ese entendimiento es inviable porque son pocos lo intendentes que quieren comicios unificados y ordenar\u00e1n a sus legisladores no acompa\u00f1ar.<\/p>\n<p>A la vez, se convoc\u00f3 para este jueves,\u00a0 una sesi\u00f3n en Diputados que est\u00e1 cruzada por la cuesti\u00f3n de la suspensi\u00f3n de las PASO. Luego de que se cayera un encuentro previo, la semana pasada, ahora algunos legisladores confiaban en tratar un proyecto para suspender las primarias -no dice nada sobre el desdoblamiento- presentado por la legisladora Susana Gonz\u00e1lez, alineada con el gobernador.<\/p>\n<p>Pero con el correr de las horas esa posibilidad se diluy\u00f3, debido a que no existe un acuerdo general sobre la estrategia electoral que suscriban Massa, Kirchner y Kicillof.<\/p>\n<p>Por eso, la iniciativa no tiene dictamen de todas las comiciones que deber\u00e1n d\u00e1rselo y solo podr\u00eda avanza con una mayor\u00eda de dos tercios que Kicillof no puede alcanzar sin el respaldo del Frente Renovador y el Instituto Patria<strong>(VW)<\/strong>.<\/p>\n<p><strong>Fuente: Agencia DIB<\/strong><\/p>\n","protected":false},"excerpt":{"rendered":"<p>El proyecto plantea atar las elecciones provinciaes a la nacionales, a la vez que avanza en la suspensi\u00f3n de las PASO.<\/p>\n","protected":false},"author":3,"featured_media":12288,"comment_status":"closed","ping_status":"closed","sticky":false,"template":"","format":"standard","meta":{"_monsterinsights_skip_tracking":false,"_monsterinsights_sitenote_active":false,"_monsterinsights_sitenote_note":"","_monsterinsights_sitenote_category":0,"footnotes":""},"categories":[1],"tags":[7122,340,167,204],"class_list":["post-17637","post","type-post","status-publish","format-standard","has-post-thumbnail","hentry","category-uncategorized","tag-desdoblamiento","tag-elecciones","tag-kicillof","tag-paso"],"_links":{"self":[{"href":"https:\/\/www.visionweb.com.ar\/index.php?rest_route=\/wp\/v2\/posts\/17637","targetHints":{"allow":["GET"]}}],"collection":[{"href":"https:\/\/www.visionweb.com.ar\/index.php?rest_route=\/wp\/v2\/posts"}],"about":[{"href":"https:\/\/www.visionweb.com.ar\/index.php?rest_route=\/wp\/v2\/types\/post"}],"author":[{"embeddable":true,"href":"https:\/\/www.visionweb.com.ar\/index.php?rest_route=\/wp\/v2\/users\/3"}],"replies":[{"embeddable":true,"href":"https:\/\/www.visionweb.com.ar\/index.php?rest_route=%2Fwp%2Fv2%2Fcomments&post=17637"}],"version-history":[{"count":1,"href":"https:\/\/www.visionweb.com.ar\/index.php?rest_route=\/wp\/v2\/posts\/17637\/revisions"}],"predecessor-version":[{"id":17638,"href":"https:\/\/www.visionweb.com.ar\/index.php?rest_route=\/wp\/v2\/posts\/17637\/revisions\/17638"}],"wp:featuredmedia":[{"embeddable":true,"href":"https:\/\/www.visionweb.com.ar\/index.php?rest_route=\/wp\/v2\/media\/12288"}],"wp:attachment":[{"href":"https:\/\/www.visionweb.com.ar\/index.php?rest_route=%2Fwp%2Fv2%2Fmedia&parent=17637"}],"wp:term":[{"taxonomy":"category","embeddable":true,"href":"https:\/\/www.visionweb.com.ar\/index.php?rest_route=%2Fwp%2Fv2%2Fcategories&post=17637"},{"taxonomy":"post_tag","embeddable":true,"href":"https:\/\/www.visionweb.com.ar\/index.php?rest_route=%2Fwp%2Fv2%2Ftags&post=17637"}],"curies":[{"name":"wp","href":"https:\/\/api.w.org\/{rel}","templated":true}]}}