{"id":17632,"date":"2025-03-27T08:15:37","date_gmt":"2025-03-27T11:15:37","guid":{"rendered":"https:\/\/www.visionweb.com.ar\/?p=17632"},"modified":"2025-03-27T08:19:35","modified_gmt":"2025-03-27T11:19:35","slug":"los-municipios-del-norte-acordaron-fortalecer-la-promocion-turistica-junto-a-la-provincia","status":"publish","type":"post","link":"https:\/\/www.visionweb.com.ar\/?p=17632","title":{"rendered":"Los municipios del norte puntano acordaron fortalecer la promoci\u00f3n tur\u00edstica junto a la Provincia"},"content":{"rendered":"<p><em><strong>El ministerio de Turismo y Cultura llev\u00f3 a cabo dos importantes reuniones de trabajo con los municipios que integran los corredores Norte Serrano y de la Costa de los Comechingones.<\/strong><\/em><!--more--><\/p>\n<div id=\"attachment_17633\" style=\"width: 310px\" class=\"wp-caption alignright\"><img loading=\"lazy\" decoding=\"async\" aria-describedby=\"caption-attachment-17633\" class=\"wp-image-17633 size-medium\" src=\"https:\/\/www.visionweb.com.ar\/wp-content\/uploads\/2025\/03\/PAISAJE-PUNTANO-300x137.png\" alt=\"\" width=\"300\" height=\"137\" srcset=\"https:\/\/www.visionweb.com.ar\/wp-content\/uploads\/2025\/03\/PAISAJE-PUNTANO-300x137.png 300w, https:\/\/www.visionweb.com.ar\/wp-content\/uploads\/2025\/03\/PAISAJE-PUNTANO-768x351.png 768w, https:\/\/www.visionweb.com.ar\/wp-content\/uploads\/2025\/03\/PAISAJE-PUNTANO.png 800w\" sizes=\"auto, (max-width: 300px) 100vw, 300px\" \/><p id=\"caption-attachment-17633\" class=\"wp-caption-text\"><em><strong>El paisaje puntano una cita ideal para el pr\u00f3ximo fin de largo de Semana Santa, ideal para la reflexi\u00f3n (Gentileza Turismo de San Luis)<\/strong><\/em><\/p><\/div>\n<p>La cartera de Turismo y Cultura de San Luis, realiza una serie de encuentros con los municipios del norte de la Provincia\u00a0 para <strong>evaluar las acciones realizadas hasta el momento<\/strong>\u00a0y\u00a0<strong>planificaron estrategias<\/strong>\u00a0para el resto del a\u00f1o.<\/p>\n<p>Adem\u00e1s, trabajaron en una\u00a0<strong>agenda de actividades<\/strong> para Semana Santa, la cual ser\u00e1 presentada en los pr\u00f3ximos d\u00edas con el fin de potenciar la llegada de turistas a la provincia, consign\u00f3 la agencia ANSL.<\/p>\n<p><strong>Reuni\u00f3n en Luj\u00e1n: Corredor Norte Serrano<\/strong><\/p>\n<p>La jornada comenz\u00f3 en la localidad de\u00a0<strong>Luj\u00e1n<\/strong>. Su intendente,\u00a0<strong>Pablo L\u00f3pez<\/strong>, destac\u00f3: \u201cSe nota mucho la promoci\u00f3n que est\u00e1 realizando el Gobierno provincial y nosotros lo reflejamos en el incremento del turismo, que es un gran motor para nuestra localidad\u201d.<\/p>\n<p>Por su parte, el intendente de\u00a0<strong>Leandro N. Alem, Eduardo Cabello<\/strong>, expres\u00f3: \u201cLa posibilidad que nos dio la Provincia de sumarnos a la promoci\u00f3n tur\u00edstica, especialmente con la participaci\u00f3n en la FIT, nos ha tra\u00eddo nuevos turistas\u201d.<\/p>\n<h5 style=\"text-align: center;\"><span style=\"color: #0000ff;\"><strong><em>El objetivo es fortalecer la promoci\u00f3n tur\u00edstica de cara a Semana Santa y la temporada baja<\/em>.<\/strong><\/span><\/h5>\n<p>A su vez, participaron de la reuni\u00f3n la secretaria de Turismo de La Carolina, Roxana Lucero; el secretario de Turismo de San Francisco del Monte de Oro, Guillermo Lucero; la secretaria de Turismo de Luj\u00e1n, Cecilia G\u00f3mez; el secretario de Gobierno de Luj\u00e1n, Mario Romero, y la diputada provincial por el departamento Ayacucho, Aida L\u00f3pez.<\/p>\n<p><strong>Reuni\u00f3n en Los Molles: Corredor de la Costa de los Comechingones<\/strong><\/p>\n<p>Por la tarde, la comitiva provincial estuvo integrada por el director de Promoci\u00f3n Tur\u00edstica Cultural, Ignacio Morris; la subdirectora de Marketing,\u00a0Luciana Trobo, y la subdirectora de Coordinaci\u00f3n Territorial, Marita Cuello, quienes se trasladaron a Los Molles para reunirse con los municipios del Corredor de la Costa de los Comechingones.<\/p>\n<p>El secretario de Turismo de Merlo,\u00a0<strong>Santiago Trobo<\/strong>, afirm\u00f3: \u201cTodas las promociones que se est\u00e1n realizando desde el ministerio de Turismo y Cultura son de mucha ayuda para los municipios, ya que sin ellos no podr\u00edamos asistir a ninguna por nuestra cuenta. Ahora estamos trabajando para ofrecer una mayor cantidad de propuestas a quienes nos eligen\u201d.<\/p>\n<p><strong>Morris<\/strong>, destac\u00f3: \u201cLas reuniones de trabajo con los Municipios son clave para articular estrategias de promoci\u00f3n de manera coordinada y amplificar nuestro alcance. En lo que va del a\u00f1o, hemos realizado acciones de promoci\u00f3n en m\u00e1s de 80 fiestas, festivales y eventos dentro de la provincia, adem\u00e1s de participar con activaciones de promoci\u00f3n tur\u00edstica en m\u00e1s de 10 localidades del pa\u00eds. Estas iniciativas nos han permitido llegar directamente a m\u00e1s de un mill\u00f3n de personas y son nuestros municipios con sus encantos los protagonistas de estas acciones\u201d.<\/p>\n<p>Formaron parte del encuentro los secretarios de Turismo de Villa de Merlo (Santiago Trobo), Cortaderas (Alejandro Altamirano), Villa del Carmen (Yohana Torres), Papagayos (El\u00edas Nasif) y Villa Larca (\u00c1lvaro Funes).<\/p>\n<p>Con estas acciones, el ministerio de Turismo y Cultura reafirma su compromiso con continuar\u00a0<strong>promoviendo el trabajo conjunto con los municipios<\/strong>\u00a0y consolidar a\u00a0<strong>San Luis<\/strong> como uno de los principales destinos del pa\u00eds<strong>(VW)<\/strong>.<\/p>\n<h3 style=\"text-align: center;\"><\/h3>\n<h3 style=\"text-align: center;\"><\/h3>\n","protected":false},"excerpt":{"rendered":"<p>El ministerio de Turismo y Cultura llev\u00f3 a cabo dos importantes reuniones de trabajo con los municipios que integran los corredores Norte Serrano y de la Costa de los Comechingones.<\/p>\n","protected":false},"author":3,"featured_media":17633,"comment_status":"closed","ping_status":"closed","sticky":false,"template":"","format":"standard","meta":{"_monsterinsights_skip_tracking":false,"_monsterinsights_sitenote_active":false,"_monsterinsights_sitenote_note":"","_monsterinsights_sitenote_category":0,"footnotes":""},"categories":[700],"tags":[7511,1115,180,49],"class_list":["post-17632","post","type-post","status-publish","format-standard","has-post-thumbnail","hentry","category-turismo","tag-estrastegias","tag-san-luis","tag-temporada","tag-turismo"],"_links":{"self":[{"href":"https:\/\/www.visionweb.com.ar\/index.php?rest_route=\/wp\/v2\/posts\/17632","targetHints":{"allow":["GET"]}}],"collection":[{"href":"https:\/\/www.visionweb.com.ar\/index.php?rest_route=\/wp\/v2\/posts"}],"about":[{"href":"https:\/\/www.visionweb.com.ar\/index.php?rest_route=\/wp\/v2\/types\/post"}],"author":[{"embeddable":true,"href":"https:\/\/www.visionweb.com.ar\/index.php?rest_route=\/wp\/v2\/users\/3"}],"replies":[{"embeddable":true,"href":"https:\/\/www.visionweb.com.ar\/index.php?rest_route=%2Fwp%2Fv2%2Fcomments&post=17632"}],"version-history":[{"count":3,"href":"https:\/\/www.visionweb.com.ar\/index.php?rest_route=\/wp\/v2\/posts\/17632\/revisions"}],"predecessor-version":[{"id":17636,"href":"https:\/\/www.visionweb.com.ar\/index.php?rest_route=\/wp\/v2\/posts\/17632\/revisions\/17636"}],"wp:featuredmedia":[{"embeddable":true,"href":"https:\/\/www.visionweb.com.ar\/index.php?rest_route=\/wp\/v2\/media\/17633"}],"wp:attachment":[{"href":"https:\/\/www.visionweb.com.ar\/index.php?rest_route=%2Fwp%2Fv2%2Fmedia&parent=17632"}],"wp:term":[{"taxonomy":"category","embeddable":true,"href":"https:\/\/www.visionweb.com.ar\/index.php?rest_route=%2Fwp%2Fv2%2Fcategories&post=17632"},{"taxonomy":"post_tag","embeddable":true,"href":"https:\/\/www.visionweb.com.ar\/index.php?rest_route=%2Fwp%2Fv2%2Ftags&post=17632"}],"curies":[{"name":"wp","href":"https:\/\/api.w.org\/{rel}","templated":true}]}}