{"id":17626,"date":"2025-03-26T09:20:02","date_gmt":"2025-03-26T12:20:02","guid":{"rendered":"https:\/\/www.visionweb.com.ar\/?p=17626"},"modified":"2025-03-26T09:20:02","modified_gmt":"2025-03-26T12:20:02","slug":"jubilados-el-aumento-para-abril-sera-del-24","status":"publish","type":"post","link":"https:\/\/www.visionweb.com.ar\/?p=17626","title":{"rendered":"Jubilados: El aumento para abril ser\u00e1 del 2,4%"},"content":{"rendered":"<p><strong><em> Los jubilados que cobran el haber m\u00e1s bajo obtendr\u00e1n $285.820,63, dado que en febrero la inflaci\u00f3n fue del 2,4%.<\/em><\/strong><!--more--><\/p>\n<p><img loading=\"lazy\" decoding=\"async\" class=\"size-medium wp-image-10802 alignright\" src=\"https:\/\/www.visionweb.com.ar\/wp-content\/uploads\/2023\/05\/JUBILADOS-300x200.png\" alt=\"\" width=\"300\" height=\"200\" srcset=\"https:\/\/www.visionweb.com.ar\/wp-content\/uploads\/2023\/05\/JUBILADOS-300x200.png 300w, https:\/\/www.visionweb.com.ar\/wp-content\/uploads\/2023\/05\/JUBILADOS.png 640w\" sizes=\"auto, (max-width: 300px) 100vw, 300px\" \/>El Gobierno nacional oficializ\u00f3 este mi\u00e9rcoles\u00a0<strong>un incremento del 2,40%<\/strong>\u00a0en los\u00a0<strong>haberes m\u00ednimos y m\u00e1ximos<\/strong>\u00a0a partir de abril\u00a0para jubilados y pensionados, en l\u00ednea con la inflaci\u00f3n de febrero, y confirm\u00f3 el otorgamiento de otro\u00a0<strong>bono de $70.000<\/strong>.<\/p>\n<p>Esta medida de la Administraci\u00f3n Nacional de la Seguridad Social (ANSES) fue formalizada a trav\u00e9s de las resoluciones 179\/2025 y 231\/2025, publicadas en el Bolet\u00edn Oficial.<\/p>\n<p>Conforme al esquema dispuesto por el Gobierno, que se basa en el \u00cdndice de Precios al Consumidor, los jubilados que cobran el haber m\u00e1s bajo obtendr\u00e1n\u00a0<strong>$285.820,63<\/strong>, dado que en febrero la inflaci\u00f3n fue del 2,4%.\u00a0<strong>Con el refuerzo econ\u00f3mico<\/strong>, la cifra ascender\u00e1 a\u00a0<strong>$355.820,63<\/strong>. En tanto, la\u00a0<strong>jubilaci\u00f3n m\u00e1xima<\/strong>\u00a0se fij\u00f3 en\u00a0<strong>$1.923.302,29<\/strong>.<\/p>\n<p>Por su parte, la Prestaci\u00f3n B\u00e1sica Universal (<strong>PBU<\/strong>) pasar\u00e1 a ser de\u00a0<strong>$130.749,89<\/strong>, mientras que la Pensi\u00f3n Universal para el Adulto Mayor<strong>\u00a0(PUAM) en $228.656,50<\/strong>.<\/p>\n<p>En cuanto al bono, si los haberes son mayores que el m\u00ednimo garantizado, el ajuste se realizar\u00e1 para completar el monto hasta alcanzar el tope del haber m\u00ednimo m\u00e1s el adicional.<\/p>\n<p>El refuerzo econ\u00f3mico tambi\u00e9n se extender\u00e1 tambi\u00e9n para los titulares de la PUAM; pensiones no contributivas y madres de siete hijos o m\u00e1s.<\/p>\n<p>El \u00edndice de\u00a0<strong>inflaci\u00f3n acumulado en los \u00faltimos doce meses, de\u00a066,9%<\/strong>, fue el m\u00e1s bajo registrado desde\u00a0junio de 2022. Sin embargo, los aumentos de los haberes previsionales siguen estando por debajo de la inflaci\u00f3n, lo que genera una p\u00e9rdida real de poder adquisitivo para los sectores m\u00e1s vulnerables de la poblaci\u00f3n.<\/p>\n<h3 class=\"wp-block-heading\">Cu\u00e1ndo cobrar\u00e1n en abril los jubilados de la m\u00ednima<\/h3>\n<ul class=\"wp-block-list\">\n<li>Documentos finalizados en 0, a partir del d\u00eda 9 de abril.<\/li>\n<li>Documentos finalizados en 1, a partir del d\u00eda 10 de abril.<\/li>\n<li>Documentos finalizados en 2, a partir del d\u00eda 11 de abril.<\/li>\n<li>Documentos finalizados en 3, a partir del d\u00eda 14 de abril.<\/li>\n<li>Documentos finalizados en 4, a partir del d\u00eda 15 de abril.<\/li>\n<li>Documentos finalizados en 5, a partir del d\u00eda 15 de abril.<\/li>\n<li>Documentos finalizados en 6, a partir del d\u00eda 16 de abril.<\/li>\n<li>Documentos finalizados en 7, a partir del d\u00eda 21 de abril.<\/li>\n<li>Documentos finalizados en 8, a partir del d\u00eda 22 de abril.<\/li>\n<li>Documentos finalizados en 9, a partir del d\u00eda 23 de abril.<\/li>\n<li><strong>(VW)<\/strong><\/li>\n<\/ul>\n","protected":false},"excerpt":{"rendered":"<p>Los jubilados que cobran el haber m\u00e1s bajo obtendr\u00e1n $285.820,63, dado que en febrero la inflaci\u00f3n fue del 2,4%.<\/p>\n","protected":false},"author":3,"featured_media":10802,"comment_status":"closed","ping_status":"closed","sticky":false,"template":"","format":"standard","meta":{"_monsterinsights_skip_tracking":false,"_monsterinsights_sitenote_active":false,"_monsterinsights_sitenote_note":"","_monsterinsights_sitenote_category":0,"footnotes":""},"categories":[8,5],"tags":[799,7505,7504],"class_list":["post-17626","post","type-post","status-publish","format-standard","has-post-thumbnail","hentry","category-interes-general","category-sociedad","tag-abril","tag-aumnentos","tag-jubbilados"],"_links":{"self":[{"href":"https:\/\/www.visionweb.com.ar\/index.php?rest_route=\/wp\/v2\/posts\/17626","targetHints":{"allow":["GET"]}}],"collection":[{"href":"https:\/\/www.visionweb.com.ar\/index.php?rest_route=\/wp\/v2\/posts"}],"about":[{"href":"https:\/\/www.visionweb.com.ar\/index.php?rest_route=\/wp\/v2\/types\/post"}],"author":[{"embeddable":true,"href":"https:\/\/www.visionweb.com.ar\/index.php?rest_route=\/wp\/v2\/users\/3"}],"replies":[{"embeddable":true,"href":"https:\/\/www.visionweb.com.ar\/index.php?rest_route=%2Fwp%2Fv2%2Fcomments&post=17626"}],"version-history":[{"count":1,"href":"https:\/\/www.visionweb.com.ar\/index.php?rest_route=\/wp\/v2\/posts\/17626\/revisions"}],"predecessor-version":[{"id":17627,"href":"https:\/\/www.visionweb.com.ar\/index.php?rest_route=\/wp\/v2\/posts\/17626\/revisions\/17627"}],"wp:featuredmedia":[{"embeddable":true,"href":"https:\/\/www.visionweb.com.ar\/index.php?rest_route=\/wp\/v2\/media\/10802"}],"wp:attachment":[{"href":"https:\/\/www.visionweb.com.ar\/index.php?rest_route=%2Fwp%2Fv2%2Fmedia&parent=17626"}],"wp:term":[{"taxonomy":"category","embeddable":true,"href":"https:\/\/www.visionweb.com.ar\/index.php?rest_route=%2Fwp%2Fv2%2Fcategories&post=17626"},{"taxonomy":"post_tag","embeddable":true,"href":"https:\/\/www.visionweb.com.ar\/index.php?rest_route=%2Fwp%2Fv2%2Ftags&post=17626"}],"curies":[{"name":"wp","href":"https:\/\/api.w.org\/{rel}","templated":true}]}}