{"id":17597,"date":"2025-03-24T12:22:25","date_gmt":"2025-03-24T15:22:25","guid":{"rendered":"https:\/\/www.visionweb.com.ar\/?p=17597"},"modified":"2025-03-24T12:23:34","modified_gmt":"2025-03-24T15:23:34","slug":"provincia-pone-en-marcha-la-campana-nacional-de-vacunacion-contra-la-gripe","status":"publish","type":"post","link":"https:\/\/www.visionweb.com.ar\/?p=17597","title":{"rendered":"Provincia pone en marcha la campa\u00f1a nacional de vacunaci\u00f3n contra la Gripe"},"content":{"rendered":"<p><em><strong>Este a\u00f1o la estrategia de vacunaci\u00f3n en territorio bonaerense se llevar\u00e1 a cabo de manera escalonada, de acuerdo con la poblaci\u00f3n m\u00e1s expuesta, seg\u00fan se inform\u00f3 desde el Ministerio de Salud bonaerense<\/strong><\/em><!--more--><\/p>\n<p><img loading=\"lazy\" decoding=\"async\" class=\"size-medium wp-image-17598 alignleft\" src=\"https:\/\/www.visionweb.com.ar\/wp-content\/uploads\/2025\/03\/VACUNACION-ANTIGRIPAL-300x200.png\" alt=\"\" width=\"300\" height=\"200\" srcset=\"https:\/\/www.visionweb.com.ar\/wp-content\/uploads\/2025\/03\/VACUNACION-ANTIGRIPAL-300x200.png 300w, https:\/\/www.visionweb.com.ar\/wp-content\/uploads\/2025\/03\/VACUNACION-ANTIGRIPAL.png 640w\" sizes=\"auto, (max-width: 300px) 100vw, 300px\" \/>\u00a0El Ministerio de Salud de la Provincia pone en marcha la Campa\u00f1a Nacional de Vacunaci\u00f3n Antigripal 2025, destinada al personal de salud, mayores de 65 a\u00f1os, ni\u00f1as y ni\u00f1os de 6 a 24 meses, personas gestantes y pu\u00e9rperas, personas de 2 a 64 a\u00f1os con factores de riesgo y personal estrat\u00e9gico. La inmunizaci\u00f3n estar\u00e1 disponible en forma gratuita en todos los vacunatorios bonaerenses.<\/p>\n<p>La gripe o influenza es una enfermedad viral respiratoria muy transmisible, ya que se transmite de una persona a otra por el contacto de gotitas provenientes de la v\u00eda respiratoria de personas infectadas que se propagan al toser o estornudar, o tambi\u00e9n a trav\u00e9s de superficies u objetos contaminados con estas secreciones.<\/p>\n<p>Si bien, por lo general, la mayor\u00eda de los afectados se recupera en una o dos semanas, en los grupos poblaciones de riesgo puede ocasionar graves complicaciones. Por eso, con la vacunaci\u00f3n antigripal se apunta a reducir las complicaciones, hospitalizaciones, secuelas y muertes ocasionadas por la infecci\u00f3n por el virus influenza en la poblaci\u00f3n de riesgo.<\/p>\n<p>Seg\u00fan se inform\u00f3 desde el Ministerio, este a\u00f1o la estrategia de vacunaci\u00f3n en territorio bonaerense se llevar\u00e1 a cabo de manera escalonada, de acuerdo con la poblaci\u00f3n m\u00e1s expuesta. La primera etapa, que comienza este martes 25 de marzo, est\u00e1 dirigida al personal de salud y mayores de 65 a\u00f1os. En tanto, desde el lunes 7 de abril se comenzar\u00e1 a vacunar tambi\u00e9n a personas embarazadas, pu\u00e9rperas (en los diez d\u00edas posteriores al parto, preferentemente antes del egreso de la maternidad), ni\u00f1os de entre seis meses y dos a\u00f1os, personas de 2 a 64 a\u00f1os con factores de riesgo, y personal estrat\u00e9gico.<\/p>\n<p>La vacuna no requiere orden m\u00e9dica y puede aplicarse junto con otras del Calendario Nacional. Por ello es importante que toda persona que concurra al vacunatorio lleve su carn\u00e9 y libreta de vacunaci\u00f3n, junto con la de sus hijos para su chequeo por parte del equipo de salud<strong>(VW)<\/strong>.<\/p>\n","protected":false},"excerpt":{"rendered":"<p>Este a\u00f1o la estrategia de vacunaci\u00f3n en territorio bonaerense se llevar\u00e1 a cabo de manera escalonada, de acuerdo con la poblaci\u00f3n m\u00e1s expuesta, seg\u00fan se inform\u00f3 desde el Ministerio de Salud bonaerense<\/p>\n","protected":false},"author":3,"featured_media":17598,"comment_status":"closed","ping_status":"closed","sticky":false,"template":"","format":"standard","meta":{"_monsterinsights_skip_tracking":false,"_monsterinsights_sitenote_active":false,"_monsterinsights_sitenote_note":"","_monsterinsights_sitenote_category":0,"footnotes":""},"categories":[5],"tags":[552,447,100,339],"class_list":["post-17597","post","type-post","status-publish","format-standard","has-post-thumbnail","hentry","category-sociedad","tag-buenos-aires","tag-ministerio","tag-salud","tag-vacunacion"],"_links":{"self":[{"href":"https:\/\/www.visionweb.com.ar\/index.php?rest_route=\/wp\/v2\/posts\/17597","targetHints":{"allow":["GET"]}}],"collection":[{"href":"https:\/\/www.visionweb.com.ar\/index.php?rest_route=\/wp\/v2\/posts"}],"about":[{"href":"https:\/\/www.visionweb.com.ar\/index.php?rest_route=\/wp\/v2\/types\/post"}],"author":[{"embeddable":true,"href":"https:\/\/www.visionweb.com.ar\/index.php?rest_route=\/wp\/v2\/users\/3"}],"replies":[{"embeddable":true,"href":"https:\/\/www.visionweb.com.ar\/index.php?rest_route=%2Fwp%2Fv2%2Fcomments&post=17597"}],"version-history":[{"count":1,"href":"https:\/\/www.visionweb.com.ar\/index.php?rest_route=\/wp\/v2\/posts\/17597\/revisions"}],"predecessor-version":[{"id":17599,"href":"https:\/\/www.visionweb.com.ar\/index.php?rest_route=\/wp\/v2\/posts\/17597\/revisions\/17599"}],"wp:featuredmedia":[{"embeddable":true,"href":"https:\/\/www.visionweb.com.ar\/index.php?rest_route=\/wp\/v2\/media\/17598"}],"wp:attachment":[{"href":"https:\/\/www.visionweb.com.ar\/index.php?rest_route=%2Fwp%2Fv2%2Fmedia&parent=17597"}],"wp:term":[{"taxonomy":"category","embeddable":true,"href":"https:\/\/www.visionweb.com.ar\/index.php?rest_route=%2Fwp%2Fv2%2Fcategories&post=17597"},{"taxonomy":"post_tag","embeddable":true,"href":"https:\/\/www.visionweb.com.ar\/index.php?rest_route=%2Fwp%2Fv2%2Ftags&post=17597"}],"curies":[{"name":"wp","href":"https:\/\/api.w.org\/{rel}","templated":true}]}}