{"id":17594,"date":"2025-03-24T12:08:57","date_gmt":"2025-03-24T15:08:57","guid":{"rendered":"https:\/\/www.visionweb.com.ar\/?p=17594"},"modified":"2025-03-24T12:08:57","modified_gmt":"2025-03-24T15:08:57","slug":"gracias-a-todos-francisco-recibio-el-alta-y-saludo-a-los-fieles-desde-un-balcon","status":"publish","type":"post","link":"https:\/\/www.visionweb.com.ar\/?p=17594","title":{"rendered":"\u201c\u00a1Gracias a todos!\u201d: Francisco recibi\u00f3 el alta y salud\u00f3 a los fieles desde un balc\u00f3n"},"content":{"rendered":"<p><em><strong>El Papa apareci\u00f3 en p\u00fablico este domingo, luego de haber estado internado desde el 14 de febrero en el hospital Gemelli de Roma.<\/strong><\/em><!--more--><\/p>\n<div id=\"attachment_17595\" style=\"width: 310px\" class=\"wp-caption alignright\"><img loading=\"lazy\" decoding=\"async\" aria-describedby=\"caption-attachment-17595\" class=\"wp-image-17595 size-medium\" src=\"https:\/\/www.visionweb.com.ar\/wp-content\/uploads\/2025\/03\/PAPA-FRANCISCO-300x169.png\" alt=\"\" width=\"300\" height=\"169\" srcset=\"https:\/\/www.visionweb.com.ar\/wp-content\/uploads\/2025\/03\/PAPA-FRANCISCO-300x169.png 300w, https:\/\/www.visionweb.com.ar\/wp-content\/uploads\/2025\/03\/PAPA-FRANCISCO.png 640w\" sizes=\"auto, (max-width: 300px) 100vw, 300px\" \/><p id=\"caption-attachment-17595\" class=\"wp-caption-text\"><strong><em>El Papa Francisco, el cardenal argentino Jorge Bergoclio), saluda desde uno de los balcones del hospital Gemelli, en Roma (Foto: ANSA) <\/em><\/strong><\/p><\/div>\n<p><strong>El papa Francisco apareci\u00f3 en p\u00fablico este domingo tras recibir el alta m\u00e9dica<\/strong>, luego de haber estado internado desde el 14 de febrero en el hospital Gemelli de Roma por una neumon\u00eda bilateral. El Sumo Pont\u00edfice salud\u00f3 a los fieles desde un balc\u00f3n, agradeci\u00f3 con un \u201c\u00a1Gracias a todos!\u201d y luego se retir\u00f3 en auto, acompa\u00f1ado por personal m\u00e9dico y miembros del Vaticano.<\/p>\n<p>Antes de que Jorge Bergoglio se asomara a la ventana, la plaza del policl\u00ednico Agostino Gemelli ya estaba llena. Los fieles se agolpaban, algunos con dibujos, otros con flores y otros con las manos entrelazadas, todos expectantes por ver al pont\u00edfice, seg\u00fan informa la agencia ANSA.<\/p>\n<p><strong>Francisco, visiblemente cansado y asistido por una c\u00e1nula nasal para suministrar ox\u00edgeno, fue dado de alta al mediod\u00eda italiano, aunque sus m\u00e9dicos indicaron que la recuperaci\u00f3n llevar\u00e1 al menos dos meses, durante los cuales no podr\u00e1 retomar su agenda habitual.<\/strong>\u00a0\u201cLa voz tardar\u00e1 en volver a ser la misma\u201d, advirti\u00f3 Sergio Alfieri, quien lo atendi\u00f3 durante su internaci\u00f3n.<\/p>\n<p>Seg\u00fan los m\u00e9dicos, Francisco enfrent\u00f3 dos momentos cr\u00edticos durante la hospitalizaci\u00f3n, pero \u201cnunca fue intubado y siempre estuvo consciente\u201d, aseguraron. Desde el Vaticano no se confirma si podr\u00e1 participar de las celebraciones de Semana Santa, pero se\u00f1alaron que se evaluar\u00e1n sus intervenciones p\u00fablicas seg\u00fan su evoluci\u00f3n m\u00e9dica, informa la agencia Noticias Argentinas(VW).<\/p>\n<p><strong>Con informaci\u00f3n de las agencias DIB y ANSA\u00a0<\/strong><\/p>\n","protected":false},"excerpt":{"rendered":"<p>El Papa apareci\u00f3 en p\u00fablico este domingo, luego de haber estado internado desde el 14 de febrero en el hospital Gemelli de Roma.<\/p>\n","protected":false},"author":3,"featured_media":17595,"comment_status":"closed","ping_status":"closed","sticky":false,"template":"","format":"standard","meta":{"_monsterinsights_skip_tracking":false,"_monsterinsights_sitenote_active":false,"_monsterinsights_sitenote_note":"","_monsterinsights_sitenote_category":0,"footnotes":""},"categories":[1822],"tags":[7493,7492,7491,6182,100],"class_list":["post-17594","post","type-post","status-publish","format-standard","has-post-thumbnail","hentry","category-internacionales","tag-bergoglio","tag-francisco","tag-papa","tag-recuperacion","tag-salud"],"_links":{"self":[{"href":"https:\/\/www.visionweb.com.ar\/index.php?rest_route=\/wp\/v2\/posts\/17594","targetHints":{"allow":["GET"]}}],"collection":[{"href":"https:\/\/www.visionweb.com.ar\/index.php?rest_route=\/wp\/v2\/posts"}],"about":[{"href":"https:\/\/www.visionweb.com.ar\/index.php?rest_route=\/wp\/v2\/types\/post"}],"author":[{"embeddable":true,"href":"https:\/\/www.visionweb.com.ar\/index.php?rest_route=\/wp\/v2\/users\/3"}],"replies":[{"embeddable":true,"href":"https:\/\/www.visionweb.com.ar\/index.php?rest_route=%2Fwp%2Fv2%2Fcomments&post=17594"}],"version-history":[{"count":1,"href":"https:\/\/www.visionweb.com.ar\/index.php?rest_route=\/wp\/v2\/posts\/17594\/revisions"}],"predecessor-version":[{"id":17596,"href":"https:\/\/www.visionweb.com.ar\/index.php?rest_route=\/wp\/v2\/posts\/17594\/revisions\/17596"}],"wp:featuredmedia":[{"embeddable":true,"href":"https:\/\/www.visionweb.com.ar\/index.php?rest_route=\/wp\/v2\/media\/17595"}],"wp:attachment":[{"href":"https:\/\/www.visionweb.com.ar\/index.php?rest_route=%2Fwp%2Fv2%2Fmedia&parent=17594"}],"wp:term":[{"taxonomy":"category","embeddable":true,"href":"https:\/\/www.visionweb.com.ar\/index.php?rest_route=%2Fwp%2Fv2%2Fcategories&post=17594"},{"taxonomy":"post_tag","embeddable":true,"href":"https:\/\/www.visionweb.com.ar\/index.php?rest_route=%2Fwp%2Fv2%2Ftags&post=17594"}],"curies":[{"name":"wp","href":"https:\/\/api.w.org\/{rel}","templated":true}]}}