{"id":17588,"date":"2025-03-21T09:52:21","date_gmt":"2025-03-21T12:52:21","guid":{"rendered":"https:\/\/www.visionweb.com.ar\/?p=17588"},"modified":"2025-03-21T09:52:21","modified_gmt":"2025-03-21T12:52:21","slug":"cgt-habra-movilizaciones-el-lunes-24-y-paro-nacional-el-10-de-abril","status":"publish","type":"post","link":"https:\/\/www.visionweb.com.ar\/?p=17588","title":{"rendered":"CGT: Habr\u00e1 movilizaciones el lunes 24 y paro nacional el 10 de abril"},"content":{"rendered":"<p><strong><em>La central obrera defini\u00f3 movilizaciones para este lunes 24 de marzo, donde se sumar\u00e1 a la concentraci\u00f3n de los organismos de Derechos Humanos. Convoc\u00f3 a \u201cuna acci\u00f3n sindical de 36 horas\u201d el 10 de abril.<\/em><em>\u00a0<\/em><\/strong><!--more--><\/p>\n<p><strong> <img loading=\"lazy\" decoding=\"async\" class=\"size-medium wp-image-17589 alignright\" src=\"https:\/\/www.visionweb.com.ar\/wp-content\/uploads\/2025\/03\/cgt-daer-300x209.png\" alt=\"\" width=\"300\" height=\"209\" srcset=\"https:\/\/www.visionweb.com.ar\/wp-content\/uploads\/2025\/03\/cgt-daer-300x209.png 300w, https:\/\/www.visionweb.com.ar\/wp-content\/uploads\/2025\/03\/cgt-daer.png 479w\" sizes=\"auto, (max-width: 300px) 100vw, 300px\" \/>\u00a0\u00a0\u00a0 L<\/strong>a <strong>CGT convoc\u00f3 a un paro nacional para el 10 de abril, <\/strong>en rechazo a las pol\u00edticas sociales y laborales, especialmente a lo que consideran \u201cel techo a las paritarias\u201d. Se trata de la tercera huelga general que practican durante el gobierno de Javier Milei.<\/p>\n<p><strong>La central obrera tambi\u00e9n defini\u00f3 una serie de movilizaciones previas,<\/strong> para el pr\u00f3ximo lunes 24 de marzo, se sumar\u00e1 a la <strong>concentraci\u00f3n de los organismos de Derechos Humanos por el D\u00eda Nacional de la Memoria por la Verdad y la Justicia<\/strong>. Luego, el mi\u00e9rcoles 9 de abril participar\u00e1 de la marcha de los jubilados; mientras que el jueves 10 de abril se concretar\u00e1 el paro nacional.<\/p>\n<p>En una <strong>reuni\u00f3n del Consejo Directivo<\/strong> de m\u00e1s de tres horas, la CGT resolvi\u00f3 apoyar a los sindicatos que se movilicen junto a los jubilados y convocar a las regionales el jueves 27 en el sal\u00f3n Felipe Vallese de la calle Azopardo, donde se pondr\u00e1 a consideraci\u00f3n el plan de lucha.<\/p>\n<p>Seg\u00fan fuentes sindicales, este plan de lucha incluye\u00a0<strong>\u201cuna acci\u00f3n sindical de 36 horas, comenzando con movilizaciones a partir del d\u00eda 9 al mediod\u00eda. Y a partir de las 0 horas del d\u00eda 10, un paro por 24 horas\u201d.<\/strong><\/p>\n<p><strong>\u201cEste paro no se levanta\u201d<\/strong>:<\/p>\n<p><strong>H\u00e9ctor Daer<\/strong>, miembro del triunvirato que conduce la central, desminti\u00f3 los rumores sobre una posible negociaci\u00f3n con el Gobierno para levantar el paro.\u00a0<strong>\u201cNo hay ninguna conversaci\u00f3n con el Gobierno. Este paro no se levanta\u201d<\/strong>.<\/p>\n<p>Daer explic\u00f3 que los motivos del paro incluyen \u201cexigir la libertad para negociar paritarias libres y acuerdos homologados; aumento a los jubilados y actualizaci\u00f3n del bono de 70.000 pesos y volver a discutir las asignaciones familiares\u201d.<\/p>\n<p>Adem\u00e1s, acus\u00f3 al Gobierno de \u201cpisar las paritarias para que vayan por debajo de la inflaci\u00f3n\u201d y le exigi\u00f3 que \u201cmodifique su pol\u00edtica social y para los sectores del trabajo\u201d.<\/p>\n<p>Tambi\u00e9n mencion\u00f3 la necesidad de activar \u201cprogramas de desarrollo para el sector industrial y productivo\u201d y de retomar la obra p\u00fablica, ya que muchas obras est\u00e1n paralizadas al 80 o 90 por ciento de su finalizaci\u00f3n, lo que ser\u00eda m\u00e1s perjudicial que dejarlas inconclusas, de acuerdo indic\u00f3 la agencia NA. <strong>(VW)<\/strong><\/p>\n","protected":false},"excerpt":{"rendered":"<p>La central obrera defini\u00f3 movilizaciones para este lunes 24 de marzo, donde se sumar\u00e1 a la concentraci\u00f3n de los organismos de Derechos Humanos. Convoc\u00f3 a \u201cuna acci\u00f3n sindical de 36 horas\u201d el 10 de&#46;&#46;&#46;<\/p>\n","protected":false},"author":4,"featured_media":17589,"comment_status":"closed","ping_status":"closed","sticky":false,"template":"","format":"standard","meta":{"_monsterinsights_skip_tracking":false,"_monsterinsights_sitenote_active":false,"_monsterinsights_sitenote_note":"","_monsterinsights_sitenote_category":0,"footnotes":""},"categories":[4,5],"tags":[2032,5468,7489],"class_list":["post-17588","post","type-post","status-publish","format-standard","has-post-thumbnail","hentry","category-politica","category-sociedad","tag-cgt","tag-daer","tag-paro-10-de-abril"],"_links":{"self":[{"href":"https:\/\/www.visionweb.com.ar\/index.php?rest_route=\/wp\/v2\/posts\/17588","targetHints":{"allow":["GET"]}}],"collection":[{"href":"https:\/\/www.visionweb.com.ar\/index.php?rest_route=\/wp\/v2\/posts"}],"about":[{"href":"https:\/\/www.visionweb.com.ar\/index.php?rest_route=\/wp\/v2\/types\/post"}],"author":[{"embeddable":true,"href":"https:\/\/www.visionweb.com.ar\/index.php?rest_route=\/wp\/v2\/users\/4"}],"replies":[{"embeddable":true,"href":"https:\/\/www.visionweb.com.ar\/index.php?rest_route=%2Fwp%2Fv2%2Fcomments&post=17588"}],"version-history":[{"count":1,"href":"https:\/\/www.visionweb.com.ar\/index.php?rest_route=\/wp\/v2\/posts\/17588\/revisions"}],"predecessor-version":[{"id":17590,"href":"https:\/\/www.visionweb.com.ar\/index.php?rest_route=\/wp\/v2\/posts\/17588\/revisions\/17590"}],"wp:featuredmedia":[{"embeddable":true,"href":"https:\/\/www.visionweb.com.ar\/index.php?rest_route=\/wp\/v2\/media\/17589"}],"wp:attachment":[{"href":"https:\/\/www.visionweb.com.ar\/index.php?rest_route=%2Fwp%2Fv2%2Fmedia&parent=17588"}],"wp:term":[{"taxonomy":"category","embeddable":true,"href":"https:\/\/www.visionweb.com.ar\/index.php?rest_route=%2Fwp%2Fv2%2Fcategories&post=17588"},{"taxonomy":"post_tag","embeddable":true,"href":"https:\/\/www.visionweb.com.ar\/index.php?rest_route=%2Fwp%2Fv2%2Ftags&post=17588"}],"curies":[{"name":"wp","href":"https:\/\/api.w.org\/{rel}","templated":true}]}}