{"id":17583,"date":"2025-03-21T09:05:26","date_gmt":"2025-03-21T12:05:26","guid":{"rendered":"https:\/\/www.visionweb.com.ar\/?p=17583"},"modified":"2025-03-21T09:05:26","modified_gmt":"2025-03-21T12:05:26","slug":"diputados-sesion-especial-por-la-memoria-la-verdad-y-la-justicia","status":"publish","type":"post","link":"https:\/\/www.visionweb.com.ar\/?p=17583","title":{"rendered":"Diputados: Sesi\u00f3n especial por la Memoria, la Verdad y la Justicia"},"content":{"rendered":"<p><em><strong>La legislatura bonaerense realiz\u00f3 la Sesi\u00f3n en el\u00a0 \u00a0marco del 49\u00b0 aniversario del \u00faltimo Golpe de Estado que se cumple el pr\u00f3ximo 24 de marzo.<\/strong><\/em><!--more--><\/p>\n<p><img loading=\"lazy\" decoding=\"async\" class=\"size-medium wp-image-17584 alignright\" src=\"https:\/\/www.visionweb.com.ar\/wp-content\/uploads\/2025\/03\/DIPUTADOS-300x197.png\" alt=\"\" width=\"300\" height=\"197\" srcset=\"https:\/\/www.visionweb.com.ar\/wp-content\/uploads\/2025\/03\/DIPUTADOS-300x197.png 300w, https:\/\/www.visionweb.com.ar\/wp-content\/uploads\/2025\/03\/DIPUTADOS.png 640w\" sizes=\"auto, (max-width: 300px) 100vw, 300px\" \/>La C\u00e1mara de Diputados de la provincia de Buenos Aires llev\u00f3 a cabo una sesi\u00f3n especial en el marco del D\u00eda de la Memoria por la Verdad y la Justicia, en cumplimiento de lo establecido por la Ley 12.654, que insta a la realizaci\u00f3n de un acto de reafirmaci\u00f3n de la democracia y los derechos humanos, as\u00ed como al repudio del terrorismo de Estado y toda forma de discriminaci\u00f3n.<\/p>\n<p>Durante la jornada, el cuerpo legislativo aprob\u00f3 un proyecto de declaraci\u00f3n de benepl\u00e1cito por la conmemoraci\u00f3n del D\u00eda de la Memoria, la Verdad y la Justicia, al cumplirse un nuevo aniversario del Golpe de Estado del 24 de marzo de 1976. El texto resalta \u00abla importancia hist\u00f3rica, pol\u00edtica y social de esta fecha y renueva el compromiso de esta C\u00e1mara con la protecci\u00f3n de los derechos y libertades fundamentales\u00bb.<\/p>\n<p>El expediente destaca el significado de esta jornada para la ciudadan\u00eda bonaerense y reafirma el compromiso del Poder Legislativo con el Estado de Derecho, sus instituciones y la promoci\u00f3n de la educaci\u00f3n y la conciencia sobre la historia reciente del pa\u00eds.<\/p>\n<p>El presidente de la Comisi\u00f3n de Derechos Humanos, Juan Mart\u00edn Malpeli, subray\u00f3 la importancia de esta fecha, destacando que \u00abno se trata solo de conmemorar, sino de renovar a\u00f1o tras a\u00f1o el compromiso con los valores democr\u00e1ticos en esta Casa, que es por excelencia la casa de la democracia, donde est\u00e1n representadas todas las voces\u00bb.<\/p>\n<p>Asimismo, expres\u00f3: \u00abMuchos de los que estamos ac\u00e1, y el pueblo argentino, logramos restaurar la democracia y levantar las banderas de Memoria, Verdad y Justicia. Es fundamental recordar lo que pas\u00f3 para que no vuelva a suceder, conocer la verdad y alcanzar la justicia, como ha ocurrido con los juicios de lesa humanidad y la restituci\u00f3n de la identidad de tantos nietos y nietas. A\u00fan falta mucho por hacer\u00bb<strong>(VW)<\/strong>.<\/p>\n","protected":false},"excerpt":{"rendered":"<p>La legislatura bonaerense realiz\u00f3 la Sesi\u00f3n en el\u00a0 \u00a0marco del 49\u00b0 aniversario del \u00faltimo Golpe de Estado que se cumple el pr\u00f3ximo 24 de marzo.<\/p>\n","protected":false},"author":3,"featured_media":17584,"comment_status":"closed","ping_status":"closed","sticky":false,"template":"","format":"standard","meta":{"_monsterinsights_skip_tracking":false,"_monsterinsights_sitenote_active":false,"_monsterinsights_sitenote_note":"","_monsterinsights_sitenote_category":0,"footnotes":""},"categories":[4],"tags":[219,872,3895],"class_list":["post-17583","post","type-post","status-publish","format-standard","has-post-thumbnail","hentry","category-politica","tag-dia","tag-legislatura","tag-memoria"],"_links":{"self":[{"href":"https:\/\/www.visionweb.com.ar\/index.php?rest_route=\/wp\/v2\/posts\/17583","targetHints":{"allow":["GET"]}}],"collection":[{"href":"https:\/\/www.visionweb.com.ar\/index.php?rest_route=\/wp\/v2\/posts"}],"about":[{"href":"https:\/\/www.visionweb.com.ar\/index.php?rest_route=\/wp\/v2\/types\/post"}],"author":[{"embeddable":true,"href":"https:\/\/www.visionweb.com.ar\/index.php?rest_route=\/wp\/v2\/users\/3"}],"replies":[{"embeddable":true,"href":"https:\/\/www.visionweb.com.ar\/index.php?rest_route=%2Fwp%2Fv2%2Fcomments&post=17583"}],"version-history":[{"count":1,"href":"https:\/\/www.visionweb.com.ar\/index.php?rest_route=\/wp\/v2\/posts\/17583\/revisions"}],"predecessor-version":[{"id":17585,"href":"https:\/\/www.visionweb.com.ar\/index.php?rest_route=\/wp\/v2\/posts\/17583\/revisions\/17585"}],"wp:featuredmedia":[{"embeddable":true,"href":"https:\/\/www.visionweb.com.ar\/index.php?rest_route=\/wp\/v2\/media\/17584"}],"wp:attachment":[{"href":"https:\/\/www.visionweb.com.ar\/index.php?rest_route=%2Fwp%2Fv2%2Fmedia&parent=17583"}],"wp:term":[{"taxonomy":"category","embeddable":true,"href":"https:\/\/www.visionweb.com.ar\/index.php?rest_route=%2Fwp%2Fv2%2Fcategories&post=17583"},{"taxonomy":"post_tag","embeddable":true,"href":"https:\/\/www.visionweb.com.ar\/index.php?rest_route=%2Fwp%2Fv2%2Ftags&post=17583"}],"curies":[{"name":"wp","href":"https:\/\/api.w.org\/{rel}","templated":true}]}}