{"id":17581,"date":"2025-03-21T08:31:03","date_gmt":"2025-03-21T11:31:03","guid":{"rendered":"https:\/\/www.visionweb.com.ar\/?p=17581"},"modified":"2025-03-21T08:31:03","modified_gmt":"2025-03-21T11:31:03","slug":"crecio-el-desempleo-en-2024","status":"publish","type":"post","link":"https:\/\/www.visionweb.com.ar\/?p=17581","title":{"rendered":"Creci\u00f3 el desempleo en 2024"},"content":{"rendered":"<p><strong><em>Seg\u00fan el INDEC hay casi 1,5 millones de personas desocupadas. La medici\u00f3n corresponde a los monitoreos hechos en la zona AMBA.<\/em><\/strong> <!--more--><\/p>\n<p><img loading=\"lazy\" decoding=\"async\" class=\"size-full wp-image-11029 alignright\" src=\"https:\/\/www.visionweb.com.ar\/wp-content\/uploads\/2023\/06\/desempleo.png\" alt=\"\" width=\"285\" height=\"266\" \/>El INDEC inform\u00f3 este jueves que en el \u00faltimo trimestre trimestre de 2024, las tasas de actividad y empleo en 31 aglomerados urbanos se ubicaron en\u00a0<strong>48,8 % y 45,7 %, respectivamente.<\/strong><\/p>\n<p>En tanto, la tasa de desocupaci\u00f3n, que se calcula sobre la poblaci\u00f3n econ\u00f3micamente activa,\u00a0<strong>fue del 6,4 %<\/strong>, un indicador que muestra\u00a0<strong>una mejora respecto al tercer cuatrimestre del a\u00f1o pasado<\/strong>\u00a0cuando hab\u00eda sido del 6,9 %.<\/p>\n<p>No obstante, en la comparaci\u00f3n\u00a0<strong>con el mismo per\u00edodo del a\u00f1o anterior, la tasa registr\u00f3 un crecimiento, ya que hab\u00eda sido del 5,7 %<\/strong>\u00a0en el mismo per\u00edodo del a\u00f1o previo.<\/p>\n<p>De esta manera, si se traza la proyecci\u00f3n del informe a nivel nacional, el estudio permite concluir que<strong> la desocupaci\u00f3n alcanza a 1,45 millones de personas.<\/strong><\/p>\n<p>En el cuarto trimestre de 2024, la tasa de actividad (TA) \u2013que mide la poblaci\u00f3n econ\u00f3micamente<br \/>\nactiva (PEA) sobre el total de la poblaci\u00f3n\u2013 alcanz\u00f3 el 48,8%; la tasa de empleo (TE), mientras que la<br \/>\nproporci\u00f3n de personas ocupadas con relaci\u00f3n a la poblaci\u00f3n total, se ubic\u00f3 en 45,7%; y la tasa de<br \/>\ndesocupaci\u00f3n (TD) (personas que no tienen ocupaci\u00f3n, est\u00e1n disponibles para trabajar y buscan<br \/>\nempleo activamente) se ubic\u00f3 en 6,4%.\u00a0<strong>(VW)<\/strong><\/p>\n","protected":false},"excerpt":{"rendered":"<p>Seg\u00fan el INDEC hay casi 1,5 millones de personas desocupadas. La medici\u00f3n corresponde a los monitoreos hechos en la zona AMBA.<\/p>\n","protected":false},"author":3,"featured_media":11029,"comment_status":"closed","ping_status":"closed","sticky":false,"template":"","format":"standard","meta":{"_monsterinsights_skip_tracking":false,"_monsterinsights_sitenote_active":false,"_monsterinsights_sitenote_note":"","_monsterinsights_sitenote_category":0,"footnotes":""},"categories":[3],"tags":[1524,598,75],"class_list":["post-17581","post","type-post","status-publish","format-standard","has-post-thumbnail","hentry","category-actualidad","tag-conurbano","tag-desempleo","tag-indec"],"_links":{"self":[{"href":"https:\/\/www.visionweb.com.ar\/index.php?rest_route=\/wp\/v2\/posts\/17581","targetHints":{"allow":["GET"]}}],"collection":[{"href":"https:\/\/www.visionweb.com.ar\/index.php?rest_route=\/wp\/v2\/posts"}],"about":[{"href":"https:\/\/www.visionweb.com.ar\/index.php?rest_route=\/wp\/v2\/types\/post"}],"author":[{"embeddable":true,"href":"https:\/\/www.visionweb.com.ar\/index.php?rest_route=\/wp\/v2\/users\/3"}],"replies":[{"embeddable":true,"href":"https:\/\/www.visionweb.com.ar\/index.php?rest_route=%2Fwp%2Fv2%2Fcomments&post=17581"}],"version-history":[{"count":1,"href":"https:\/\/www.visionweb.com.ar\/index.php?rest_route=\/wp\/v2\/posts\/17581\/revisions"}],"predecessor-version":[{"id":17582,"href":"https:\/\/www.visionweb.com.ar\/index.php?rest_route=\/wp\/v2\/posts\/17581\/revisions\/17582"}],"wp:featuredmedia":[{"embeddable":true,"href":"https:\/\/www.visionweb.com.ar\/index.php?rest_route=\/wp\/v2\/media\/11029"}],"wp:attachment":[{"href":"https:\/\/www.visionweb.com.ar\/index.php?rest_route=%2Fwp%2Fv2%2Fmedia&parent=17581"}],"wp:term":[{"taxonomy":"category","embeddable":true,"href":"https:\/\/www.visionweb.com.ar\/index.php?rest_route=%2Fwp%2Fv2%2Fcategories&post=17581"},{"taxonomy":"post_tag","embeddable":true,"href":"https:\/\/www.visionweb.com.ar\/index.php?rest_route=%2Fwp%2Fv2%2Ftags&post=17581"}],"curies":[{"name":"wp","href":"https:\/\/api.w.org\/{rel}","templated":true}]}}