{"id":17570,"date":"2025-03-20T09:22:38","date_gmt":"2025-03-20T12:22:38","guid":{"rendered":"https:\/\/www.visionweb.com.ar\/?p=17570"},"modified":"2025-03-20T10:18:18","modified_gmt":"2025-03-20T13:18:18","slug":"nueva-marcha-de-jubilados-esta-vez-sin-insidentes","status":"publish","type":"post","link":"https:\/\/www.visionweb.com.ar\/?p=17570","title":{"rendered":"Nueva marcha de jubilados, esta vez sin incidentes"},"content":{"rendered":"<p><strong><em>Sin embargo a \u00faltima hora de la tarde y primeras de la noche hubo disturbios impulsados por un grupo de manifestantes, ubicados sobre la avenida Rivadavia a unos 100 M del Congreso.<\/em><\/strong>\u00a0 <!--more--><img loading=\"lazy\" decoding=\"async\" class=\"size-medium wp-image-17571 alignright\" src=\"https:\/\/www.visionweb.com.ar\/wp-content\/uploads\/2025\/03\/PROTESTAS-EN-CONGRESO-300x169.png\" alt=\"\" width=\"300\" height=\"169\" srcset=\"https:\/\/www.visionweb.com.ar\/wp-content\/uploads\/2025\/03\/PROTESTAS-EN-CONGRESO-300x169.png 300w, https:\/\/www.visionweb.com.ar\/wp-content\/uploads\/2025\/03\/PROTESTAS-EN-CONGRESO.png 640w\" sizes=\"auto, (max-width: 300px) 100vw, 300px\" \/> <strong>\u00a0 \u00a0E<\/strong>n el marco de una nueva movilizaci\u00f3n de jubilados frente al Congreso, este mi\u00e9rcoles las autoridades nacionales implementaron un amplio operativo de seguridad en la zona que, a diferencia de la semana pasada, permiti\u00f3 el desarrollo de la protesta sin mayores incidentes.<\/p>\n<p>M\u00e1s temprano, el Gobierno nacional hab\u00eda anunciado que no aplicar\u00eda el protocolo antipiquete, aunque despleg\u00f3 un fuerte vallado y cientos de polic\u00edas federales como de la Ciudad de Buenos Aires.<\/p>\n<p>Adem\u00e1s, se sumaron a miembros de la Polic\u00eda Federal y de Gendarmer\u00eda Nacional y hasta helic\u00f3pteros para controlar la zona desde una perspectiva a\u00e9rea.<\/p>\n<p>La marcha comenz\u00f3 a las 17:00 horas; sin embargo, las manifestaciones comenzaron antes, ya que la Asociaci\u00f3n de Trabajadores del Estado (ATE) convoc\u00f3 a un paro desde las 12:00 para unirse a la protesta.<\/p>\n<p>Participaron en la marcha, adem\u00e1s de los jubilados, movimientos como el Polo Obrero, el Frente de Organizaciones en Lucha (FOL) y sectores de izquierda. Tambi\u00e9n se sumar\u00e1n organizaciones sociales como la Uni\u00f3n de Trabajadores de la Econom\u00eda Popular (UTEP), el Movimiento Evita, Barrios de Pie y el Frente Popular Dar\u00edo Santill\u00e1n, entre otros.<\/p>\n<p>El fuerte control policial m\u00e1s la instalaci\u00f3n de vallas que separaron a los militantes de los efectivos de seguridad, lo que redujo el roce cara a cara y disminuy\u00f3 el riesgo de reyertas entre ambos bandos. M\u00e1s all\u00e1 de algunos cruces que no pasaron a mayores cuando la noche hab\u00eda ca\u00eddo sobre la ciudad, la movilizaci\u00f3n se realiz\u00f3 con calma y sin contratiempos.<\/p>\n<p>La ma\u00f1ana hab\u00eda comenzado con im\u00e1genes orwellianas en las estaciones de tren de toda el \u00c1rea Metropolitana de Buenos Aires, donde las pantallas habitualmente utilizadas para informar sobre horarios ferroviarios y los altoparlantes, con una voz monocorde, anunciaban que las fuerzas de seguridad reprimir\u00edan cualquier \u201cataque a la Rep\u00fablica\u201d.<\/p>\n<p>El per\u00edmetro de seguridad dispuesto por las autoridades abarc\u00f3 un \u00e1rea comprendida por las calles Paran\u00e1 (y su continuaci\u00f3n S\u00e1enz Pe\u00f1a), Bartolom\u00e9 Mitre, Ayacucho (y su continuaci\u00f3n Sarand\u00ed) y Adolfo Alsina. A partir de las 17:00, la circulaci\u00f3n qued\u00f3 totalmente restringida dentro del \u00e1rea delimitada por las avenidas Entre R\u00edos (y su continuaci\u00f3n Callao), Hip\u00f3lito Yrigoyen, de Mayo y Bartolom\u00e9 Mitre, Lima\/Irigoyen, Yrigoyen y Ayacucho.<strong>(VW)<\/strong><\/p>\n","protected":false},"excerpt":{"rendered":"<p>Sin embargo a \u00faltima hora de la tarde y primeras de la noche hubo disturbios impulsados por un grupo de manifestantes, ubicados sobre la avenida Rivadavia a unos 100 M del Congreso.\u00a0<\/p>\n","protected":false},"author":3,"featured_media":17571,"comment_status":"closed","ping_status":"closed","sticky":false,"template":"","format":"standard","meta":{"_monsterinsights_skip_tracking":false,"_monsterinsights_sitenote_active":false,"_monsterinsights_sitenote_note":"","_monsterinsights_sitenote_category":0,"footnotes":""},"categories":[1],"tags":[485,569,516,653],"class_list":["post-17570","post","type-post","status-publish","format-standard","has-post-thumbnail","hentry","category-uncategorized","tag-congreso","tag-jubilados","tag-marcha","tag-protestas"],"_links":{"self":[{"href":"https:\/\/www.visionweb.com.ar\/index.php?rest_route=\/wp\/v2\/posts\/17570","targetHints":{"allow":["GET"]}}],"collection":[{"href":"https:\/\/www.visionweb.com.ar\/index.php?rest_route=\/wp\/v2\/posts"}],"about":[{"href":"https:\/\/www.visionweb.com.ar\/index.php?rest_route=\/wp\/v2\/types\/post"}],"author":[{"embeddable":true,"href":"https:\/\/www.visionweb.com.ar\/index.php?rest_route=\/wp\/v2\/users\/3"}],"replies":[{"embeddable":true,"href":"https:\/\/www.visionweb.com.ar\/index.php?rest_route=%2Fwp%2Fv2%2Fcomments&post=17570"}],"version-history":[{"count":3,"href":"https:\/\/www.visionweb.com.ar\/index.php?rest_route=\/wp\/v2\/posts\/17570\/revisions"}],"predecessor-version":[{"id":17580,"href":"https:\/\/www.visionweb.com.ar\/index.php?rest_route=\/wp\/v2\/posts\/17570\/revisions\/17580"}],"wp:featuredmedia":[{"embeddable":true,"href":"https:\/\/www.visionweb.com.ar\/index.php?rest_route=\/wp\/v2\/media\/17571"}],"wp:attachment":[{"href":"https:\/\/www.visionweb.com.ar\/index.php?rest_route=%2Fwp%2Fv2%2Fmedia&parent=17570"}],"wp:term":[{"taxonomy":"category","embeddable":true,"href":"https:\/\/www.visionweb.com.ar\/index.php?rest_route=%2Fwp%2Fv2%2Fcategories&post=17570"},{"taxonomy":"post_tag","embeddable":true,"href":"https:\/\/www.visionweb.com.ar\/index.php?rest_route=%2Fwp%2Fv2%2Ftags&post=17570"}],"curies":[{"name":"wp","href":"https:\/\/api.w.org\/{rel}","templated":true}]}}