{"id":17563,"date":"2025-03-19T11:39:15","date_gmt":"2025-03-19T14:39:15","guid":{"rendered":"https:\/\/www.visionweb.com.ar\/?p=17563"},"modified":"2025-03-19T11:39:15","modified_gmt":"2025-03-19T14:39:15","slug":"por-un-bache-gigante-desvios-de-transito-en-avellaneda","status":"publish","type":"post","link":"https:\/\/www.visionweb.com.ar\/?p=17563","title":{"rendered":"Por un bache gigante desv\u00edos de tr\u00e1nsito en Avellaneda"},"content":{"rendered":"<p><em><strong>El municipio de Avellaneda dispuso de v\u00edas alternativas de circulaci\u00f3n debido al cr\u00e1ter que interrumpi\u00f3 el tr\u00e1nsito en Hip\u00f3lito Yrigoyen, frente a la estaci\u00f3n de trenes de Avellaneda.<\/strong><\/em><!--more--><\/p>\n<p><img loading=\"lazy\" decoding=\"async\" class=\"size-medium wp-image-17564 alignright\" src=\"https:\/\/www.visionweb.com.ar\/wp-content\/uploads\/2025\/03\/COLECTIVO-CAE-EN-BACHE-300x158.png\" alt=\"\" width=\"300\" height=\"158\" srcset=\"https:\/\/www.visionweb.com.ar\/wp-content\/uploads\/2025\/03\/COLECTIVO-CAE-EN-BACHE-300x158.png 300w, https:\/\/www.visionweb.com.ar\/wp-content\/uploads\/2025\/03\/COLECTIVO-CAE-EN-BACHE.png 640w\" sizes=\"auto, (max-width: 300px) 100vw, 300px\" \/>El\u00a0<strong>municipio de Avellaneda<\/strong>\u00a0detall\u00f3 las v\u00edas alternativas que los conductores pueden tomar en sentido a la\u00a0<strong>Ciudad Aut\u00f3noma de Buenos Aires (CABA)<\/strong>, y mano contraria, con\u00a0<strong>destino a zona sur<\/strong>, ante el socavamiento del asfalto, a pocos metros del Puente Pueyrred\u00f3n, que genera embotellamientos y demoras en el tr\u00e1nsito.<\/p>\n<p>Un colectivo de la l\u00ednea 45 se hundi\u00f3 en el asfalto el 13 de marzo, en Hip\u00f3lito Yrigoyen al 400, producto de un pozo que -de acuerdo con medios nacionales -se gener\u00f3 por un\u00a0<strong>desperfecto pluvial subterr\u00e1neo<\/strong>.<strong>\u00a0<\/strong><\/p>\n<p><strong>Las obras para arreglar el \u2018cr\u00e1ter\u2019 se extender\u00e1n por tres semanas<\/strong>, lo que ocasiona grandes demoras en la circulaci\u00f3n, seg\u00fan informaron.<\/p>\n<p>El agujero de grandes dimensiones se encuentra acordonado y veh\u00edculos y m\u00e1quinas ya trabajan en la avenida ex Pav\u00f3n, por lo que\u00a0<strong>solo un carril de tres se encuentra habilitado.<\/strong><\/p>\n<h4 class=\"wp-block-heading\">Tr\u00e1nsito cortado en Avellaneda\u00a0Sentido CABA<\/h4>\n<h4>Los veh\u00edculos pueden rodear el cr\u00e1ter por las calles\u00a0<strong>D\u00edaz V\u00e9lez<\/strong>,\u00a0<strong>Mariano Acosta<\/strong>\u00a0y retomar\u00a0<strong>Av. Hip\u00f3lito Yrigoyen<\/strong>\u00a0por\u00a0<strong>Constituci\u00f3n<\/strong>.<\/h4>\n<p>O bien continuar derecho por\u00a0<strong>Mariano Acosta<\/strong>\u00a0en paralelo a Av. Hip\u00f3lito Yrigoyen y remontar la ex Pav\u00f3n por la<strong>\u00a0Av. Manuel Belgrano<\/strong>.<\/p>\n<p>Otra alternativa es el\u00a0<strong>puente Victorino de la Plaza<\/strong>, al que se llega mediante la<strong>\u00a0Av. Presidente Bernardino Rivadavia<\/strong>, hasta Jos\u00e9 Mar\u00eda Freire y luego se gira por Francisco Pienovi.<\/p>\n<h3 class=\"wp-block-heading\">Sentido sur<\/h3>\n<p>Para el\u00a0<strong>tr\u00e1nsito liviano<\/strong>, los veh\u00edculos pueden desviarse de Yrigoyen por la Av. Manuel Belgrano, en cambio, para el\u00a0<strong>tr\u00e1nsito pesado<\/strong> se recomienda la calle Monse\u00f1or M. de Andrea<strong>(VW)<\/strong>.<\/p>\n","protected":false},"excerpt":{"rendered":"<p>El municipio de Avellaneda dispuso de v\u00edas alternativas de circulaci\u00f3n debido al cr\u00e1ter que interrumpi\u00f3 el tr\u00e1nsito en Hip\u00f3lito Yrigoyen, frente a la estaci\u00f3n de trenes de Avellaneda.<\/p>\n","protected":false},"author":3,"featured_media":17564,"comment_status":"closed","ping_status":"closed","sticky":false,"template":"","format":"standard","meta":{"_monsterinsights_skip_tracking":false,"_monsterinsights_sitenote_active":false,"_monsterinsights_sitenote_note":"","_monsterinsights_sitenote_category":0,"footnotes":""},"categories":[8],"tags":[83,7478,2203],"class_list":["post-17563","post","type-post","status-publish","format-standard","has-post-thumbnail","hentry","category-interes-general","tag-avellaneda","tag-estacion-yrigoyen","tag-hundimiento"],"_links":{"self":[{"href":"https:\/\/www.visionweb.com.ar\/index.php?rest_route=\/wp\/v2\/posts\/17563","targetHints":{"allow":["GET"]}}],"collection":[{"href":"https:\/\/www.visionweb.com.ar\/index.php?rest_route=\/wp\/v2\/posts"}],"about":[{"href":"https:\/\/www.visionweb.com.ar\/index.php?rest_route=\/wp\/v2\/types\/post"}],"author":[{"embeddable":true,"href":"https:\/\/www.visionweb.com.ar\/index.php?rest_route=\/wp\/v2\/users\/3"}],"replies":[{"embeddable":true,"href":"https:\/\/www.visionweb.com.ar\/index.php?rest_route=%2Fwp%2Fv2%2Fcomments&post=17563"}],"version-history":[{"count":1,"href":"https:\/\/www.visionweb.com.ar\/index.php?rest_route=\/wp\/v2\/posts\/17563\/revisions"}],"predecessor-version":[{"id":17565,"href":"https:\/\/www.visionweb.com.ar\/index.php?rest_route=\/wp\/v2\/posts\/17563\/revisions\/17565"}],"wp:featuredmedia":[{"embeddable":true,"href":"https:\/\/www.visionweb.com.ar\/index.php?rest_route=\/wp\/v2\/media\/17564"}],"wp:attachment":[{"href":"https:\/\/www.visionweb.com.ar\/index.php?rest_route=%2Fwp%2Fv2%2Fmedia&parent=17563"}],"wp:term":[{"taxonomy":"category","embeddable":true,"href":"https:\/\/www.visionweb.com.ar\/index.php?rest_route=%2Fwp%2Fv2%2Fcategories&post=17563"},{"taxonomy":"post_tag","embeddable":true,"href":"https:\/\/www.visionweb.com.ar\/index.php?rest_route=%2Fwp%2Fv2%2Ftags&post=17563"}],"curies":[{"name":"wp","href":"https:\/\/api.w.org\/{rel}","templated":true}]}}