{"id":17556,"date":"2025-03-18T10:41:48","date_gmt":"2025-03-18T13:41:48","guid":{"rendered":"https:\/\/www.visionweb.com.ar\/?p=17556"},"modified":"2025-03-18T10:41:48","modified_gmt":"2025-03-18T13:41:48","slug":"refuerzan-la-vacunacion-contra-el-sarampion","status":"publish","type":"post","link":"https:\/\/www.visionweb.com.ar\/?p=17556","title":{"rendered":"Refuerzan la vacunaci\u00f3n contra el sarampi\u00f3n"},"content":{"rendered":"<p><em><strong>El Ministerio de Salud confirm\u00f3 11 casos de sarampi\u00f3n y lanz\u00f3 una vacunaci\u00f3n focalizada en el AMBA para contener el brote y reforzar la inmunizaci\u00f3n.<\/strong><\/em><!--more--><\/p>\n<p><img loading=\"lazy\" decoding=\"async\" class=\"size-medium wp-image-17388 alignright\" src=\"https:\/\/www.visionweb.com.ar\/wp-content\/uploads\/2025\/02\/vacuna-sarampion-300x187.png\" alt=\"\" width=\"300\" height=\"187\" srcset=\"https:\/\/www.visionweb.com.ar\/wp-content\/uploads\/2025\/02\/vacuna-sarampion-300x187.png 300w, https:\/\/www.visionweb.com.ar\/wp-content\/uploads\/2025\/02\/vacuna-sarampion.png 485w\" sizes=\"auto, (max-width: 300px) 100vw, 300px\" \/>\u00a0\u00a0\u00a0\u00a0\u00a0 <strong>E<\/strong>l\u00a0<strong>Ministerio de Salud de la Naci\u00f3n\u00a0<\/strong>anunci\u00f3 la<strong>\u00a0<\/strong>implementaci\u00f3n de una <strong>\u201cestrategia de vacunaci\u00f3n focalizada contra sarampi\u00f3n <\/strong>para controlar el brote en las zonas de alto riesgo\u201d, con especial atenci\u00f3n en el\u00a0<strong>\u00c1rea Metropolitana de Buenos Aires (AMBA)<\/strong>, luego de confirmar<strong> 11 casos de sarampi\u00f3n en el pa\u00eds,\u00a0<\/strong>con siete en la Ciudad Aut\u00f3noma de Buenos Aires (CABA) y cuatro en la provincia de Buenos Aires.<\/p>\n<p><strong>Vacunaci\u00f3n en zonas cr\u00edticas:<\/strong><\/p>\n<p>El <strong>Consejo Federal de Salud (COFESA<\/strong>), realizado en las \u00faltimas horas en ese sentido, y encabezado por el <strong>ministro de Salud de la Naci\u00f3n, Mario Lugones<\/strong>, decidi\u00f3, junto a los titulares de las carteras sanitarias de las distintas provincias, \u201cavanzar en una estrategia focalizada de vacunaci\u00f3n contra sarampi\u00f3n para control de brote en las \u00e1reas que presentan circulaci\u00f3n comunitaria\u201d.<\/p>\n<p>La medida busca reducir los brotes a trav\u00e9s de la <strong>aplicaci\u00f3n de la vacuna doble viral<\/strong> en las regiones m\u00e1s afectadas y reforzar los esquemas atrasados mediante el calendario nacional de vacunaci\u00f3n.<\/p>\n<p>Asimismo, se garantizar\u00e1 la disponibilidad de\u00a0<strong>dosis para contactos estrechos y viajeros<\/strong>, dependiendo de la disponibilidad de vacunas. La Comisi\u00f3n Nacional de Inmunizaciones (CONAIN) recomend\u00f3 esta estrategia ante el aumento de casos, priorizando la inmunizaci\u00f3n en ni\u00f1os de 6 a 11 meses y de 13 meses a 4 a\u00f1os en el AMBA.<\/p>\n<p><strong>Plan de vacunaci\u00f3n: qui\u00e9nes deben aplicarse la vacuna<\/strong><\/p>\n<p>La estrategia nacional contempla la aplicaci\u00f3n de distintas dosis seg\u00fan la edad y la exposici\u00f3n al virus:<\/p>\n<ul>\n<li><strong>Ni\u00f1os de 6 a 11 meses<\/strong>: recibir\u00e1n una dosis extra de la vacuna doble viral en zonas de alto riesgo.<\/li>\n<li><strong>Ni\u00f1os de 13 meses a 4 a\u00f1os<\/strong>: aplicaci\u00f3n de una dosis de triple viral para quienes tengan esquemas incompletos.<\/li>\n<li><strong>Adolescentes y adultos en \u00e1reas cr\u00edticas<\/strong>: refuerzo con doble o triple viral, dependiendo de antecedentes de vacunaci\u00f3n y disponibilidad.<\/li>\n<li><strong>Contactos estrechos y viajeros<\/strong>: se aplicar\u00e1n dosis adicionales de doble o triple viral seg\u00fan evaluaci\u00f3n m\u00e9dica.<\/li>\n<li><strong>Menores de 6 meses expuestos al virus<\/strong>: administraci\u00f3n de inmunoglobulinas espec\u00edficas en lugar de la vacuna para brindar inmunidad pasiva.<\/li>\n<\/ul>\n<p>Las provincias con casos confirmados ya iniciaron las acciones de inmunizaci\u00f3n, y el <strong>Gobierno nacional garantiz\u00f3 la compra de vacunas <\/strong>para el Calendario Nacional 2025.<\/p>\n<p>Seg\u00fan la\u00a0<strong>Organizaci\u00f3n Mundial de la Salud (OMS)<\/strong>, la vacunaci\u00f3n contra esta enfermedad ha evitado m\u00e1s de 60 millones de muertes entre 2000 y 2023, aunque la pandemia de COVID-19 interrumpi\u00f3 las campa\u00f1as de inmunizaci\u00f3n. <strong>(VW)<\/strong><\/p>\n<p>&nbsp;<\/p>\n","protected":false},"excerpt":{"rendered":"<p>El Ministerio de Salud confirm\u00f3 11 casos de sarampi\u00f3n y lanz\u00f3 una vacunaci\u00f3n focalizada en el AMBA para contener el brote y reforzar la inmunizaci\u00f3n.<\/p>\n","protected":false},"author":4,"featured_media":17388,"comment_status":"closed","ping_status":"closed","sticky":false,"template":"","format":"standard","meta":{"_monsterinsights_skip_tracking":false,"_monsterinsights_sitenote_active":false,"_monsterinsights_sitenote_note":"","_monsterinsights_sitenote_category":0,"footnotes":""},"categories":[8,5],"tags":[7477,2242,2017,339],"class_list":["post-17556","post","type-post","status-publish","format-standard","has-post-thumbnail","hentry","category-interes-general","category-sociedad","tag-cofesa","tag-refuerzo","tag-sarampion","tag-vacunacion"],"_links":{"self":[{"href":"https:\/\/www.visionweb.com.ar\/index.php?rest_route=\/wp\/v2\/posts\/17556","targetHints":{"allow":["GET"]}}],"collection":[{"href":"https:\/\/www.visionweb.com.ar\/index.php?rest_route=\/wp\/v2\/posts"}],"about":[{"href":"https:\/\/www.visionweb.com.ar\/index.php?rest_route=\/wp\/v2\/types\/post"}],"author":[{"embeddable":true,"href":"https:\/\/www.visionweb.com.ar\/index.php?rest_route=\/wp\/v2\/users\/4"}],"replies":[{"embeddable":true,"href":"https:\/\/www.visionweb.com.ar\/index.php?rest_route=%2Fwp%2Fv2%2Fcomments&post=17556"}],"version-history":[{"count":1,"href":"https:\/\/www.visionweb.com.ar\/index.php?rest_route=\/wp\/v2\/posts\/17556\/revisions"}],"predecessor-version":[{"id":17557,"href":"https:\/\/www.visionweb.com.ar\/index.php?rest_route=\/wp\/v2\/posts\/17556\/revisions\/17557"}],"wp:featuredmedia":[{"embeddable":true,"href":"https:\/\/www.visionweb.com.ar\/index.php?rest_route=\/wp\/v2\/media\/17388"}],"wp:attachment":[{"href":"https:\/\/www.visionweb.com.ar\/index.php?rest_route=%2Fwp%2Fv2%2Fmedia&parent=17556"}],"wp:term":[{"taxonomy":"category","embeddable":true,"href":"https:\/\/www.visionweb.com.ar\/index.php?rest_route=%2Fwp%2Fv2%2Fcategories&post=17556"},{"taxonomy":"post_tag","embeddable":true,"href":"https:\/\/www.visionweb.com.ar\/index.php?rest_route=%2Fwp%2Fv2%2Ftags&post=17556"}],"curies":[{"name":"wp","href":"https:\/\/api.w.org\/{rel}","templated":true}]}}