{"id":17546,"date":"2025-03-18T09:31:04","date_gmt":"2025-03-18T12:31:04","guid":{"rendered":"https:\/\/www.visionweb.com.ar\/?p=17546"},"modified":"2025-03-18T09:31:04","modified_gmt":"2025-03-18T12:31:04","slug":"seguridad-en-lanus-habra-un-nuevo-centro-de-monitoreo-y-un-anillo-digital","status":"publish","type":"post","link":"https:\/\/www.visionweb.com.ar\/?p=17546","title":{"rendered":"Seguridad en Lan\u00fas: Habr\u00e1 un nuevo Centro de Monitoreo y un Anillo Digital"},"content":{"rendered":"<p><em><strong>Lo anunci\u00f3 el intendente. El dispositivo digital estar\u00e1 integrado por 40 lectores de patentes y 10 p\u00f3rticos. La futura sede de vigilancia tendr\u00e1 300 nuevas alarmas y un total de 8 t\u00f3tems de seguridad en diferentes espacios verdes.<\/strong><\/em><!--more--><\/p>\n<div id=\"attachment_17547\" style=\"width: 310px\" class=\"wp-caption alignright\"><img loading=\"lazy\" decoding=\"async\" aria-describedby=\"caption-attachment-17547\" class=\"wp-image-17547 size-medium\" src=\"https:\/\/www.visionweb.com.ar\/wp-content\/uploads\/2025\/03\/julian-alvarez-2025-300x200.png\" alt=\"\" width=\"300\" height=\"200\" srcset=\"https:\/\/www.visionweb.com.ar\/wp-content\/uploads\/2025\/03\/julian-alvarez-2025-300x200.png 300w, https:\/\/www.visionweb.com.ar\/wp-content\/uploads\/2025\/03\/julian-alvarez-2025.png 503w\" sizes=\"auto, (max-width: 300px) 100vw, 300px\" \/><p id=\"caption-attachment-17547\" class=\"wp-caption-text\">Intendente Juli\u00e1n \u00c1lvarez. Foto Prensa de Lan\u00fas<\/p><\/div>\n<p><strong>\u00a0\u00a0\u00a0\u00a0 E<\/strong>l <strong>intendente de Lan\u00fas, Juli\u00e1n \u00c1lvarez<\/strong> resumi\u00f3 logros en Seguridad y anunci\u00f3 la creaci\u00f3n de un <strong>nuevo Centro de Monitoreo<\/strong> en el Distrito Parque Central Las Colonias y la incorporaci\u00f3n del <strong>primer Anillo Digital<\/strong> en el distrito.<\/p>\n<p>Durante el inicio del per\u00edodo legislativo 2025, el intendente Juli\u00e1n \u00c1lvarez, sintetiz\u00f3 los principales logros alcanzados en materia de seguridad durante su primer a\u00f1o de gesti\u00f3n.<\/p>\n<p>Adem\u00e1s, anunci\u00f3 la inauguraci\u00f3n de un <strong>nuevo Centro de Monitoreo en el Distrito Parque Central Las Colonias y la incorporaci\u00f3n del primer Anillo Digital<\/strong> en el distrito, inform\u00f3 Prensa de la Comuna.<\/p>\n<p>\u00abConsideramos que esta problem\u00e1tica estructural y tan compleja debe ser abordada como pol\u00edtica de Estado. Por eso, nos debe encontrar trabajando en forma conjunta con la responsabilidad institucional y humana que las y los vecinos merecen\u00bb, remarc\u00f3 el Intendente.<\/p>\n<p>En relaci\u00f3n a la <strong>futura sede de vigilancia<\/strong>, \u00c1lvarez adelant\u00f3 que se <strong>instalar\u00e1n 300 nuevas alarmas<\/strong> y un total de 8 t\u00f3tems de seguridad en diferentes espacios verdes para brindar respuestas m\u00e1s r\u00e1pidas y eficaces ante casos de urgencia.<\/p>\n<p>En tanto, al referirse al dispositivo digital, asegur\u00f3 que estar\u00e1 integrado por 40 lectores de patentes y 10 p\u00f3rticos. Esta medida implicar\u00e1 un avance innovador en materia de <strong>controles de tr\u00e1nsito<\/strong> a nivel local.<\/p>\n<p>En ese marco, tambi\u00e9n resalt\u00f3 los objetivos alcanzados mediante la puesta en marcha del <strong>Programa Lan\u00fas te Cuida<\/strong>. En cifras, el Municipio pas\u00f3 de 30 a 106 veh\u00edculos para tareas de patrullaje en la v\u00eda p\u00fablica y de 15 motos a 28. Asimismo, elev\u00f3 de 280 a 385 la cantidad de agentes del \u00e1rea de Seguridad Ciudadana con el objetivo de reforzar las medidas de prevenci\u00f3n del delito en toda la ciudad.<\/p>\n<p>Como resultado de esta iniciativa, en el \u00faltimo a\u00f1o, los operativos en las calles registraron un incremento que vari\u00f3 de 500 a 1200, lo que permiti\u00f3 reducir significativamente el n\u00famero de il\u00edcitos. Estas acciones fueron complementadas con\u00a0la inauguraci\u00f3n de una <strong>nueva base policial en el Club Atl\u00e9tico Talleres<\/strong> a la que se destinaron otros 240 efectivos policiales, 10 patrulleros y 12 motos. <strong>(VW)<\/strong><\/p>\n<p>&nbsp;<\/p>\n","protected":false},"excerpt":{"rendered":"<p>Lo anunci\u00f3 el intendente. El dispositivo digital estar\u00e1 integrado por 40 lectores de patentes y 10 p\u00f3rticos. La futura sede de vigilancia tendr\u00e1 300 nuevas alarmas y un total de 8 t\u00f3tems de seguridad&#46;&#46;&#46;<\/p>\n","protected":false},"author":4,"featured_media":17547,"comment_status":"closed","ping_status":"closed","sticky":false,"template":"","format":"standard","meta":{"_monsterinsights_skip_tracking":false,"_monsterinsights_sitenote_active":false,"_monsterinsights_sitenote_note":"","_monsterinsights_sitenote_category":0,"footnotes":""},"categories":[4],"tags":[5342,19,14,7472,529],"class_list":["post-17546","post","type-post","status-publish","format-standard","has-post-thumbnail","hentry","category-politica","tag-julian-alvarez","tag-lanus","tag-municipio","tag-nuevo-centro-de-monitoreo","tag-seguridad"],"_links":{"self":[{"href":"https:\/\/www.visionweb.com.ar\/index.php?rest_route=\/wp\/v2\/posts\/17546","targetHints":{"allow":["GET"]}}],"collection":[{"href":"https:\/\/www.visionweb.com.ar\/index.php?rest_route=\/wp\/v2\/posts"}],"about":[{"href":"https:\/\/www.visionweb.com.ar\/index.php?rest_route=\/wp\/v2\/types\/post"}],"author":[{"embeddable":true,"href":"https:\/\/www.visionweb.com.ar\/index.php?rest_route=\/wp\/v2\/users\/4"}],"replies":[{"embeddable":true,"href":"https:\/\/www.visionweb.com.ar\/index.php?rest_route=%2Fwp%2Fv2%2Fcomments&post=17546"}],"version-history":[{"count":1,"href":"https:\/\/www.visionweb.com.ar\/index.php?rest_route=\/wp\/v2\/posts\/17546\/revisions"}],"predecessor-version":[{"id":17548,"href":"https:\/\/www.visionweb.com.ar\/index.php?rest_route=\/wp\/v2\/posts\/17546\/revisions\/17548"}],"wp:featuredmedia":[{"embeddable":true,"href":"https:\/\/www.visionweb.com.ar\/index.php?rest_route=\/wp\/v2\/media\/17547"}],"wp:attachment":[{"href":"https:\/\/www.visionweb.com.ar\/index.php?rest_route=%2Fwp%2Fv2%2Fmedia&parent=17546"}],"wp:term":[{"taxonomy":"category","embeddable":true,"href":"https:\/\/www.visionweb.com.ar\/index.php?rest_route=%2Fwp%2Fv2%2Fcategories&post=17546"},{"taxonomy":"post_tag","embeddable":true,"href":"https:\/\/www.visionweb.com.ar\/index.php?rest_route=%2Fwp%2Fv2%2Ftags&post=17546"}],"curies":[{"name":"wp","href":"https:\/\/api.w.org\/{rel}","templated":true}]}}