{"id":17544,"date":"2025-03-18T08:07:10","date_gmt":"2025-03-18T11:07:10","guid":{"rendered":"https:\/\/www.visionweb.com.ar\/?p=17544"},"modified":"2025-03-18T09:52:11","modified_gmt":"2025-03-18T12:52:11","slug":"el-consumo-masivo-cayo-casi-10-interanual","status":"publish","type":"post","link":"https:\/\/www.visionweb.com.ar\/?p=17544","title":{"rendered":"El consumo masivo cay\u00f3 casi 10% interanual"},"content":{"rendered":"<p><em><strong>Las ventas en supermercados cayeron 8,3% en la zona del AMBA y 4,9% en las provincias del interior.<\/strong><\/em><!--more--><\/p>\n<p><img loading=\"lazy\" decoding=\"async\" class=\"size-medium wp-image-8876 alignright\" src=\"https:\/\/www.visionweb.com.ar\/wp-content\/uploads\/2022\/12\/CONSUMO-SUSTENTABLE-4-300x201.png\" alt=\"\" width=\"300\" height=\"201\" srcset=\"https:\/\/www.visionweb.com.ar\/wp-content\/uploads\/2022\/12\/CONSUMO-SUSTENTABLE-4-300x201.png 300w, https:\/\/www.visionweb.com.ar\/wp-content\/uploads\/2022\/12\/CONSUMO-SUSTENTABLE-4.png 448w\" sizes=\"auto, (max-width: 300px) 100vw, 300px\" \/>Las ventas en supermercados y autoservicios de todo el pa\u00eds cayeron un 9,8% interanual en febrero y acumulan 15 meses consecutivos de retroceso,\u00a0<strong>una tendencia que afecta a todos los rubros de consumo masivo tanto en las provincias como en el \u00c1rea Metropolitana de Buenos Aires<\/strong>\u00a0(AMBA).<\/p>\n<p>As\u00ed lo revel\u00f3 un informe de<strong> la consultora Scentia<\/strong> que, adem\u00e1s, se\u00f1al\u00f3 un dato preocupante:\u00a0<strong>la \u00faltima ca\u00edda es en comparaci\u00f3n con febrero de 2024, un mes que ya hab\u00eda retrocedido 4% respecto al mismo mes de 2023<\/strong>. En promedio, las ventas bajaron 10,2% todos los meses desde enero del a\u00f1o pasado.<\/p>\n<p>Sin embargo, febrero es el quinto mes consecutivo que presenta una\u00a0<strong>desaceleraci\u00f3n en la ca\u00edda despu\u00e9s del piso de -22,3% que se registr\u00f3 en septiembre pasado.<\/strong>\u00a0Los especialistas se\u00f1alan que una recuperaci\u00f3n de los salarios deber\u00eda impactar tambi\u00e9n, como consecuencia, en los niveles de consumo.<\/p>\n<p>En febrero, las ventas en supermercados cayeron 8,3% en la zona del AMBA y 4,9% en las provincias del interior. En el caso de los\u00a0<strong>autoservicios independientes, la baja fue del 12,8% y 12,5%, respectivamente.\u00a0<\/strong>Todos los rubros mostraron un retroceso interanual, sin importar el tama\u00f1o del comercio ni su localizaci\u00f3n.<\/p>\n<p>Los\u00a0<strong>m\u00e1s afectados fueron bebidas sin alcohol (-19,8%) y bebidas con alcohol (-16,2%),\u00a0<\/strong>seguidos por los productos de consumo impulsivo (-10,5%), limpieza de ropa y hogar (-9,7%), higiene y cosm\u00e9tica (-8%), desayuno y merienda (-7,7%) y alimentaci\u00f3n (-4,9%).<\/p>\n<p>En este escenario, la canasta alimentaria registr\u00f3 en febrero su mayor suba en seis meses. La canasta b\u00e1sica alimentaria (CBA), que mide la l\u00ednea de indigencia, trep\u00f3 un 3,2%, el registro m\u00e1s alto desde septiembre del a\u00f1o pasado. La canasta b\u00e1sica total (CBT), que determina la l\u00ednea de pobreza, aument\u00f3 un 2,3%, el m\u00e1ximo desde octubre de 2024.(VW)<\/p>\n","protected":false},"excerpt":{"rendered":"<p>Las ventas en supermercados cayeron 8,3% en la zona del AMBA y 4,9% en las provincias del interior.<\/p>\n","protected":false},"author":3,"featured_media":8876,"comment_status":"closed","ping_status":"closed","sticky":false,"template":"","format":"standard","meta":{"_monsterinsights_skip_tracking":false,"_monsterinsights_sitenote_active":false,"_monsterinsights_sitenote_note":"","_monsterinsights_sitenote_category":0,"footnotes":""},"categories":[8],"tags":[],"class_list":["post-17544","post","type-post","status-publish","format-standard","has-post-thumbnail","hentry","category-interes-general"],"_links":{"self":[{"href":"https:\/\/www.visionweb.com.ar\/index.php?rest_route=\/wp\/v2\/posts\/17544","targetHints":{"allow":["GET"]}}],"collection":[{"href":"https:\/\/www.visionweb.com.ar\/index.php?rest_route=\/wp\/v2\/posts"}],"about":[{"href":"https:\/\/www.visionweb.com.ar\/index.php?rest_route=\/wp\/v2\/types\/post"}],"author":[{"embeddable":true,"href":"https:\/\/www.visionweb.com.ar\/index.php?rest_route=\/wp\/v2\/users\/3"}],"replies":[{"embeddable":true,"href":"https:\/\/www.visionweb.com.ar\/index.php?rest_route=%2Fwp%2Fv2%2Fcomments&post=17544"}],"version-history":[{"count":1,"href":"https:\/\/www.visionweb.com.ar\/index.php?rest_route=\/wp\/v2\/posts\/17544\/revisions"}],"predecessor-version":[{"id":17545,"href":"https:\/\/www.visionweb.com.ar\/index.php?rest_route=\/wp\/v2\/posts\/17544\/revisions\/17545"}],"wp:featuredmedia":[{"embeddable":true,"href":"https:\/\/www.visionweb.com.ar\/index.php?rest_route=\/wp\/v2\/media\/8876"}],"wp:attachment":[{"href":"https:\/\/www.visionweb.com.ar\/index.php?rest_route=%2Fwp%2Fv2%2Fmedia&parent=17544"}],"wp:term":[{"taxonomy":"category","embeddable":true,"href":"https:\/\/www.visionweb.com.ar\/index.php?rest_route=%2Fwp%2Fv2%2Fcategories&post=17544"},{"taxonomy":"post_tag","embeddable":true,"href":"https:\/\/www.visionweb.com.ar\/index.php?rest_route=%2Fwp%2Fv2%2Ftags&post=17544"}],"curies":[{"name":"wp","href":"https:\/\/api.w.org\/{rel}","templated":true}]}}