{"id":17540,"date":"2025-03-17T17:14:43","date_gmt":"2025-03-17T20:14:43","guid":{"rendered":"https:\/\/www.visionweb.com.ar\/?p=17540"},"modified":"2025-03-17T17:14:43","modified_gmt":"2025-03-17T20:14:43","slug":"milei-se-reunio-con-referentes-del-pro-para-integrar-propuestas-en-la-provincia","status":"publish","type":"post","link":"https:\/\/www.visionweb.com.ar\/?p=17540","title":{"rendered":"Milei se reuni\u00f3 con referentes del PRO para \u201cintegrar propuestas\u201d en la Provincia"},"content":{"rendered":"<p><em><strong>El mandatario y Karina Milei estuvieron con Cristian Ritondo y Diego Santilli. \u00abEstamos concentrados en erradicar el populismo\u00bb, plantearon.<\/strong><\/em><!--more--><\/p>\n<p><img loading=\"lazy\" decoding=\"async\" class=\"size-medium wp-image-17541 alignright\" src=\"https:\/\/www.visionweb.com.ar\/wp-content\/uploads\/2025\/03\/ELECCIONES-300x166.png\" alt=\"\" width=\"300\" height=\"166\" srcset=\"https:\/\/www.visionweb.com.ar\/wp-content\/uploads\/2025\/03\/ELECCIONES-300x166.png 300w, https:\/\/www.visionweb.com.ar\/wp-content\/uploads\/2025\/03\/ELECCIONES.png 640w\" sizes=\"auto, (max-width: 300px) 100vw, 300px\" \/>El presidente\u00a0<strong>Javier Milei<\/strong>\u00a0mantuvo este lunes un encuentro con los\u00a0<strong>diputados nacionales del PRO Cristian Ritondo y Diego Santilli<\/strong>, con el objetivo puesto en las elecciones legislativas de este a\u00f1o en la provincia de Buenos Aires.<\/p>\n<p>\u201cEstamos<strong>\u00a0concentrados en erradicar el populismo de nuestro pa\u00eds<\/strong>\u00a0y la provincia de Buenos Aires se lleva todas las miradas. Para conseguirlo avanzamos en trabajar en conjunto a fin de\u00a0<strong>integrar nuestras propuestas\u00a0<\/strong>y darles a los bonaerenses un futuro mejor\u201d, comunic\u00f3 en redes sociales el vocero presidencial Manuel Adorni.<\/p>\n<p>Tambi\u00e9n, estuvieron presentes en el encuentro la secretaria general de la presidencia, <strong>Karina Milei<\/strong>, y el subsecretario de Integraci\u00f3n Socio-Urbana,\u00a0<strong>Sebasti\u00e1n Pareja<\/strong>.<\/p>\n<p>La cumbre se produjo apenas unas horas despu\u00e9s de la decisi\u00f3n del gobernador bonaerense Axel Kicillof de convocar a las PASO en la provincia, la de mayor peso electoral.\u00a0<strong>Todo apunta a conformar una alianza de cara a las elecciones de medio t\u00e9rmino<\/strong>\u00a0que se realizar\u00e1n el 26 de octubre entre el oficialismo y el partido creado por Mauricio Macri.<\/p>\n<p>Sin embargo, dentro del PRO hay mucho ruido, sobre todo tras una\u00a0<strong>tensa reuni\u00f3n de mesa ejecutiva celebrada por zoom<\/strong>\u00a0el domingo, donde\u00a0<strong>Macri<\/strong>\u00a0lanz\u00f3 una advertencia ante la posibilidad de que sigan las fugas y algunos dirigentes pidieron la expulsi\u00f3n de dirigentes como Patricia Bullrich y Horacio Rodr\u00edguez Larreta.<\/p>\n<p>Hasta ahora, La Libertad Avanza se ven\u00eda resistiendo a cerrar un acuerdo electoral org\u00e1nico de partido a partido con el PRO, y de hecho desde el entorno de Macri se mostraron molestos por algunas actitudes de Milei. Sin embargo, LLA siempre vio con buenos ojos a Ritondo, Santilli y otros dirigentes como el intendente de Mar del Plata, Guillermo Montenegro<strong>(VW)<\/strong>.<\/p>\n","protected":false},"excerpt":{"rendered":"<p>El mandatario y Karina Milei estuvieron con Cristian Ritondo y Diego Santilli. \u00abEstamos concentrados en erradicar el populismo\u00bb, plantearon.<\/p>\n","protected":false},"author":3,"featured_media":17541,"comment_status":"closed","ping_status":"closed","sticky":false,"template":"","format":"standard","meta":{"_monsterinsights_skip_tracking":false,"_monsterinsights_sitenote_active":false,"_monsterinsights_sitenote_note":"","_monsterinsights_sitenote_category":0,"footnotes":""},"categories":[4],"tags":[5187,4530,3103,920],"class_list":["post-17540","post","type-post","status-publish","format-standard","has-post-thumbnail","hentry","category-politica","tag-lla","tag-milei","tag-ritondo","tag-santilli"],"_links":{"self":[{"href":"https:\/\/www.visionweb.com.ar\/index.php?rest_route=\/wp\/v2\/posts\/17540","targetHints":{"allow":["GET"]}}],"collection":[{"href":"https:\/\/www.visionweb.com.ar\/index.php?rest_route=\/wp\/v2\/posts"}],"about":[{"href":"https:\/\/www.visionweb.com.ar\/index.php?rest_route=\/wp\/v2\/types\/post"}],"author":[{"embeddable":true,"href":"https:\/\/www.visionweb.com.ar\/index.php?rest_route=\/wp\/v2\/users\/3"}],"replies":[{"embeddable":true,"href":"https:\/\/www.visionweb.com.ar\/index.php?rest_route=%2Fwp%2Fv2%2Fcomments&post=17540"}],"version-history":[{"count":1,"href":"https:\/\/www.visionweb.com.ar\/index.php?rest_route=\/wp\/v2\/posts\/17540\/revisions"}],"predecessor-version":[{"id":17542,"href":"https:\/\/www.visionweb.com.ar\/index.php?rest_route=\/wp\/v2\/posts\/17540\/revisions\/17542"}],"wp:featuredmedia":[{"embeddable":true,"href":"https:\/\/www.visionweb.com.ar\/index.php?rest_route=\/wp\/v2\/media\/17541"}],"wp:attachment":[{"href":"https:\/\/www.visionweb.com.ar\/index.php?rest_route=%2Fwp%2Fv2%2Fmedia&parent=17540"}],"wp:term":[{"taxonomy":"category","embeddable":true,"href":"https:\/\/www.visionweb.com.ar\/index.php?rest_route=%2Fwp%2Fv2%2Fcategories&post=17540"},{"taxonomy":"post_tag","embeddable":true,"href":"https:\/\/www.visionweb.com.ar\/index.php?rest_route=%2Fwp%2Fv2%2Ftags&post=17540"}],"curies":[{"name":"wp","href":"https:\/\/api.w.org\/{rel}","templated":true}]}}