{"id":17530,"date":"2025-03-17T11:54:21","date_gmt":"2025-03-17T14:54:21","guid":{"rendered":"https:\/\/www.visionweb.com.ar\/?p=17530"},"modified":"2025-03-17T11:54:21","modified_gmt":"2025-03-17T14:54:21","slug":"lanus-inician-hoy-los-cursos-en-la-escuela-municipal-de-artes-plasticas","status":"publish","type":"post","link":"https:\/\/www.visionweb.com.ar\/?p=17530","title":{"rendered":"Lan\u00fas: Inician hoy los cursos en la Escuela Municipal de Artes Pl\u00e1sticas"},"content":{"rendered":"<p><em><strong>Comienzan hoy los cursos anuales en la EMAPLa, con una renovaci\u00f3n total del edificio. Se dictan cursos orientados a la formaci\u00f3n de artistas pl\u00e1sticos, como dibujo, pintura, escultura, acuarela, historia del arte, cer\u00e1mica, entre otros.<\/strong><\/em><!--more--><\/p>\n<p><strong> <img loading=\"lazy\" decoding=\"async\" class=\"size-medium wp-image-17531 alignright\" src=\"https:\/\/www.visionweb.com.ar\/wp-content\/uploads\/2025\/03\/escuela-artes-plasticas-lanus-300x266.png\" alt=\"\" width=\"300\" height=\"266\" srcset=\"https:\/\/www.visionweb.com.ar\/wp-content\/uploads\/2025\/03\/escuela-artes-plasticas-lanus-300x266.png 300w, https:\/\/www.visionweb.com.ar\/wp-content\/uploads\/2025\/03\/escuela-artes-plasticas-lanus.png 482w\" sizes=\"auto, (max-width: 300px) 100vw, 300px\" \/>\u00a0\u00a0\u00a0 E<\/strong>ste lunes abre sus puertas <strong>l<\/strong><strong>a Escuela Municipal de Artes Pl\u00e1sticas de Lan\u00fas (EMAPLa)<\/strong>, con una imponente renovaci\u00f3n edilicia, a cargo del equipo de Mantenimiento de la <strong>Subsecretaria de Cultura de Lan\u00fas<\/strong>.<\/p>\n<p>En ese sentido, el <strong>director General de Escuelas de Arte de la comuna, Andr\u00e9s Caputo<\/strong>, recorri\u00f3 las instalaciones el d\u00eda viernes, junto a la <strong>directora de la Escuela de Artes Pl\u00e1sticas, Romina Su\u00e1rez<\/strong>, y calific\u00f3 y cuantific\u00f3 las obras realizadas.<\/p>\n<p>\u201cEstuve en nuestra Escuela Municipal de Artes Pl\u00e1sticas y recorr\u00ed las distintas obras realizadas por el equipo de Mantenimiento de la Subsecretaria de Cultura para que los vecinos y vecinas disfruten de <strong>una escuela en condiciones y renovada<\/strong>\u201d, expres\u00f3 Caputo en redes sociales.<\/p>\n<p>Y ampli\u00f3: \u201cLa <strong>reforma total<\/strong> cuenta con renovaci\u00f3n de luminaria en patio, aulas, ba\u00f1os y secretar\u00eda, puesta en valor del frente de la escuela, <strong>pintura en la totalidad del edificio, arreglo de techos, ventanas, canaletas, y desag\u00fces, trabajos de alba\u00f1iler\u00eda en general<\/strong>, arreglos de estanter\u00edas, mesas y sillas, colocaci\u00f3n de TV en aula para ser utilizados por estudiantes, reemplazo de ca\u00f1er\u00edas de gas, desinstalaci\u00f3n de artefactos de calefacci\u00f3n en malas condiciones\u201d.<\/p>\n<p>A la vez agreg\u00f3: \u201cEn conjunto con la <strong>Subsecretaria de Ambiente <\/strong>se crearon nuevos canteros, se reemplazaron plantas y \u00e1rboles y creamos un nuevo punto de acopio de reciclados que estar\u00e1 a disposici\u00f3n del barrio\u201d, detall\u00f3 el director.<\/p>\n<p>Cabe destacar, que la <strong>EMAPLa<\/strong> tiene como objetivo brindar herramientas para la <strong>formaci\u00f3n de artistas pl\u00e1sticos<\/strong>, fomentando la creatividad y la sensibilidad art\u00edstica. En la escuela se\u00a0desarrollan habilidades manuales y est\u00e9ticas, y ofrece oportunidades de expresi\u00f3n individual y colectiva, indic\u00f3 el Municipio.<\/p>\n<p>Se ofrecen los diversos cursos anuales para todas las edades, como HISTORIA DEL ARTE ARGENTINO, GRABADO, DIBUJO Y PINTURA\u00a0(inicial y avanzado), HISTORIA DEL ARTE, MOSAIQUISMO, CER\u00c1MICA, TEOR\u00cdA DEL COLOR, ESCULTURA, IMAGEN DIGITAL Y FOTOGRAF\u00cdA, DIBUJO PUBLICITARIO y PINTURA (para ni\u00f1os y ni\u00f1as), ACUARELA Y T\u00c9CNICAS\u00a0MIXTAS, EXPRESI\u00d3N VISUAL, entre otros.<\/p>\n<p>La Escuela se halla ubicada en Av. Hip\u00f3lito Yrigoyen 5843, Remedios de Escalada, para informes escribir a: <a href=\"mailto:escueladeartesplasticas@lanus.gob.ar\">escueladeartesplasticas@lanus.gob.ar<\/a>\u00a0 <strong>(VW)<\/strong><\/p>\n<p>&nbsp;<\/p>\n","protected":false},"excerpt":{"rendered":"<p>Comienzan hoy los cursos anuales en la EMAPLa, con una renovaci\u00f3n total del edificio. Se dictan cursos orientados a la formaci\u00f3n de artistas pl\u00e1sticos, como dibujo, pintura, escultura, acuarela, historia del arte, cer\u00e1mica, entre&#46;&#46;&#46;<\/p>\n","protected":false},"author":4,"featured_media":17531,"comment_status":"closed","ping_status":"closed","sticky":false,"template":"","format":"standard","meta":{"_monsterinsights_skip_tracking":false,"_monsterinsights_sitenote_active":false,"_monsterinsights_sitenote_note":"","_monsterinsights_sitenote_category":0,"footnotes":""},"categories":[7,8],"tags":[7470,139,7471,7469,7384],"class_list":["post-17530","post","type-post","status-publish","format-standard","has-post-thumbnail","hentry","category-educacion-y-cultura","category-interes-general","tag-andres-caputo","tag-cultura","tag-director-escuelas","tag-escuela-artes-plasticas","tag-municipio-lanus"],"_links":{"self":[{"href":"https:\/\/www.visionweb.com.ar\/index.php?rest_route=\/wp\/v2\/posts\/17530","targetHints":{"allow":["GET"]}}],"collection":[{"href":"https:\/\/www.visionweb.com.ar\/index.php?rest_route=\/wp\/v2\/posts"}],"about":[{"href":"https:\/\/www.visionweb.com.ar\/index.php?rest_route=\/wp\/v2\/types\/post"}],"author":[{"embeddable":true,"href":"https:\/\/www.visionweb.com.ar\/index.php?rest_route=\/wp\/v2\/users\/4"}],"replies":[{"embeddable":true,"href":"https:\/\/www.visionweb.com.ar\/index.php?rest_route=%2Fwp%2Fv2%2Fcomments&post=17530"}],"version-history":[{"count":1,"href":"https:\/\/www.visionweb.com.ar\/index.php?rest_route=\/wp\/v2\/posts\/17530\/revisions"}],"predecessor-version":[{"id":17532,"href":"https:\/\/www.visionweb.com.ar\/index.php?rest_route=\/wp\/v2\/posts\/17530\/revisions\/17532"}],"wp:featuredmedia":[{"embeddable":true,"href":"https:\/\/www.visionweb.com.ar\/index.php?rest_route=\/wp\/v2\/media\/17531"}],"wp:attachment":[{"href":"https:\/\/www.visionweb.com.ar\/index.php?rest_route=%2Fwp%2Fv2%2Fmedia&parent=17530"}],"wp:term":[{"taxonomy":"category","embeddable":true,"href":"https:\/\/www.visionweb.com.ar\/index.php?rest_route=%2Fwp%2Fv2%2Fcategories&post=17530"},{"taxonomy":"post_tag","embeddable":true,"href":"https:\/\/www.visionweb.com.ar\/index.php?rest_route=%2Fwp%2Fv2%2Ftags&post=17530"}],"curies":[{"name":"wp","href":"https:\/\/api.w.org\/{rel}","templated":true}]}}