{"id":17527,"date":"2025-03-17T10:42:14","date_gmt":"2025-03-17T13:42:14","guid":{"rendered":"https:\/\/www.visionweb.com.ar\/?p=17527"},"modified":"2025-03-17T10:42:14","modified_gmt":"2025-03-17T13:42:14","slug":"hoy-se-cumplen-33-anos-del-tentado-a-la-embajada-de-israel","status":"publish","type":"post","link":"https:\/\/www.visionweb.com.ar\/?p=17527","title":{"rendered":"Hoy se cumplen 33 a\u00f1os del tentado a la Embajada de Israel"},"content":{"rendered":"<p><em><strong>Bajo el lema\u00a0\u201cCada mirada tiene una historia. Cada historia merece ser contada\u201d, se llevar\u00e1 a cabo un acto en homenaje a las v\u00edctimas, y se renovar\u00e1 el pedido de justicia. El ataque por parte de la organizaci\u00f3n terrorista Hezbollah caus\u00f3 la muerte de 29 personas y m\u00e1s de 200 heridos.<\/strong><\/em><!--more--><\/p>\n<p><img loading=\"lazy\" decoding=\"async\" class=\"size-medium wp-image-17528 alignright\" src=\"https:\/\/www.visionweb.com.ar\/wp-content\/uploads\/2025\/03\/ataque-embajada-israel-204x300.png\" alt=\"\" width=\"204\" height=\"300\" srcset=\"https:\/\/www.visionweb.com.ar\/wp-content\/uploads\/2025\/03\/ataque-embajada-israel-204x300.png 204w, https:\/\/www.visionweb.com.ar\/wp-content\/uploads\/2025\/03\/ataque-embajada-israel.png 392w\" sizes=\"auto, (max-width: 204px) 100vw, 204px\" \/>\u00a0\u00a0\u00a0\u00a0 \u00a0<strong>E<\/strong>n recuerdo de las 29 v\u00edctimas y de los m\u00e1s de 200 heridos, <strong>del atentado a la Embajada de Israel\u00a0<\/strong>perpetrado por la\u00a0<strong>organizaci\u00f3n terrorista Hezbollah, ocurrido el 17 de marzo de 1992, <\/strong>este lunes se realizar\u00e1 un acto, en homenaje a las v\u00edctimas.<\/p>\n<p>Este lunes 17 de marzo se cumple un nuevo aniversario del atentado contra la Embajada de Israel en la Argentina, cuando\u00a0<strong>una camioneta\u00a0conducida por un\u00a0suicida\u00a0y cargada con explosivos se estrell\u00f3 contra el frente del\u00a0edificio.<\/strong><\/p>\n<p>A 33 a\u00f1os del ataque por parte de dicha organizaci\u00f3n, se llevar\u00e1 a cabo el\u00a0<strong>acto central<\/strong>\u00a0a las\u00a0<strong>14:30<\/strong>, en la esquina de\u00a0<strong>Arroyo y Suipacha<\/strong>, lugar donde estaba ubicado el edificio.<\/p>\n<p>Bajo el lema\u00a0<strong>\u201cCada mirada tiene una historia. Cada historia merece ser contada\u201d<\/strong>, en la conmemoraci\u00f3n acompa\u00f1ar\u00e1n el presidente y los directivos de AMIA, se rendir\u00e1 homenaje a las v\u00edctimas fatales y a los sobrevivientes, y se <strong>renovar\u00e1 el pedido de justicia<\/strong>.<\/p>\n<p><strong>\u201cA trav\u00e9s de las miradas de sobrevivientes y familiares, recordamos la tragedia y honramos sus historias. Cada mirada tiene un relato \u00fanico, cargado de sufrimiento, resiliencia y esperanza. Hoy, m\u00e1s de tres d\u00e9cadas despu\u00e9s, estas miradas piden que no olvidemos\u201d<\/strong>, expresaron desde la embajada israel\u00ed.<\/p>\n<p><strong>El ataque Hezbollah<\/strong><\/p>\n<p>El 17 de marzo de 1992 un coche bomba se estrell\u00f3 contra la puerta de la Embajada, lo que caus\u00f3 la muerte de 29 personas y m\u00e1s de 200 heridos.<\/p>\n<p>Aquella jornada el centro porte\u00f1o se ti\u00f1\u00f3 de escombros, sangre y llanto ante la gravedad del ataque sufrido. Se trataba del primer atentado que sufr\u00eda la Argentina.<\/p>\n<p><strong>Hasta el d\u00eda de hoy no hay imputados ni condenados en la causa<\/strong>, pese a que fue investigada por la Corte Suprema de Justicia y organismos internacionales como el FBI y la agencia de inteligencia Mossad de Israel.<\/p>\n<p>En abril de 2024, un tribunal federal en Argentina declar\u00f3 que Ir\u00e1n y Hezbollah estaban detr\u00e1s del ataque, habiendo \u00aborganizado, planeado, financiado y ejecutado\u00bb el ataque.<\/p>\n<p>Dicho tribunal implic\u00f3 una serie de antiguos y actuales pol\u00edticos y militares iran\u00edes, varios de los cuales ten\u00edan inmunidad diplom\u00e1tica en aquel momento.<\/p>\n<p>En la lista tambi\u00e9n nombraron a varios funcionarios argentinos por \u201cmanipular evidencia e intentar encubrir el crimen\u201d. <strong>(VW)<\/strong><\/p>\n<p>&nbsp;<\/p>\n","protected":false},"excerpt":{"rendered":"<p>Bajo el lema\u00a0\u201cCada mirada tiene una historia. Cada historia merece ser contada\u201d, se llevar\u00e1 a cabo un acto en homenaje a las v\u00edctimas, y se renovar\u00e1 el pedido de justicia. El ataque por parte&#46;&#46;&#46;<\/p>\n","protected":false},"author":4,"featured_media":17528,"comment_status":"closed","ping_status":"closed","sticky":false,"template":"","format":"standard","meta":{"_monsterinsights_skip_tracking":false,"_monsterinsights_sitenote_active":false,"_monsterinsights_sitenote_note":"","_monsterinsights_sitenote_category":0,"footnotes":""},"categories":[4,5],"tags":[7468,4205,7467,7408],"class_list":["post-17527","post","type-post","status-publish","format-standard","has-post-thumbnail","hentry","category-politica","category-sociedad","tag-33-anos-del-atentado","tag-acto","tag-embajada-de-israel","tag-pedido-de-justicia"],"_links":{"self":[{"href":"https:\/\/www.visionweb.com.ar\/index.php?rest_route=\/wp\/v2\/posts\/17527","targetHints":{"allow":["GET"]}}],"collection":[{"href":"https:\/\/www.visionweb.com.ar\/index.php?rest_route=\/wp\/v2\/posts"}],"about":[{"href":"https:\/\/www.visionweb.com.ar\/index.php?rest_route=\/wp\/v2\/types\/post"}],"author":[{"embeddable":true,"href":"https:\/\/www.visionweb.com.ar\/index.php?rest_route=\/wp\/v2\/users\/4"}],"replies":[{"embeddable":true,"href":"https:\/\/www.visionweb.com.ar\/index.php?rest_route=%2Fwp%2Fv2%2Fcomments&post=17527"}],"version-history":[{"count":1,"href":"https:\/\/www.visionweb.com.ar\/index.php?rest_route=\/wp\/v2\/posts\/17527\/revisions"}],"predecessor-version":[{"id":17529,"href":"https:\/\/www.visionweb.com.ar\/index.php?rest_route=\/wp\/v2\/posts\/17527\/revisions\/17529"}],"wp:featuredmedia":[{"embeddable":true,"href":"https:\/\/www.visionweb.com.ar\/index.php?rest_route=\/wp\/v2\/media\/17528"}],"wp:attachment":[{"href":"https:\/\/www.visionweb.com.ar\/index.php?rest_route=%2Fwp%2Fv2%2Fmedia&parent=17527"}],"wp:term":[{"taxonomy":"category","embeddable":true,"href":"https:\/\/www.visionweb.com.ar\/index.php?rest_route=%2Fwp%2Fv2%2Fcategories&post=17527"},{"taxonomy":"post_tag","embeddable":true,"href":"https:\/\/www.visionweb.com.ar\/index.php?rest_route=%2Fwp%2Fv2%2Ftags&post=17527"}],"curies":[{"name":"wp","href":"https:\/\/api.w.org\/{rel}","templated":true}]}}