{"id":17524,"date":"2025-03-17T10:15:29","date_gmt":"2025-03-17T13:15:29","guid":{"rendered":"https:\/\/www.visionweb.com.ar\/?p=17524"},"modified":"2025-03-17T10:15:29","modified_gmt":"2025-03-17T13:15:29","slug":"inicia-el-paro-universitario-de-docentes-y-no-docentes-por-una-recomposicion-salarial","status":"publish","type":"post","link":"https:\/\/www.visionweb.com.ar\/?p=17524","title":{"rendered":"Inicia el paro universitario de docentes y no docentes por una recomposici\u00f3n salarial"},"content":{"rendered":"<p><em><strong>Docentes y no docentes de todas las casas de estudio se sumaron al paro universitario de 48 horas. Buscan una reuni\u00f3n paritaria con el Gobierno.<\/strong><\/em><!--more--><\/p>\n<p><img loading=\"lazy\" decoding=\"async\" class=\"size-medium wp-image-14259 alignright\" src=\"https:\/\/www.visionweb.com.ar\/wp-content\/uploads\/2024\/04\/UNIVERSIDADES-300x169.png\" alt=\"\" width=\"300\" height=\"169\" srcset=\"https:\/\/www.visionweb.com.ar\/wp-content\/uploads\/2024\/04\/UNIVERSIDADES-300x169.png 300w, https:\/\/www.visionweb.com.ar\/wp-content\/uploads\/2024\/04\/UNIVERSIDADES.png 640w\" sizes=\"auto, (max-width: 300px) 100vw, 300px\" \/>\u00a0\u00a0 <strong>L<\/strong>os\u00a0<strong>docentes\u00a0<\/strong>y\u00a0<strong>no docentes\u00a0<\/strong>de las\u00a0<strong>universidades nacionales\u00a0<\/strong>del pa\u00eds iniciaron este lunes un\u00a0<strong>paro universitario<\/strong>\u00a0de\u00a0<strong>48 horas,\u00a0<\/strong>con el objetivo de reclamarle al\u00a0<strong>Gobierno nacional\u00a0<\/strong>de\u00a0<strong>Javier Milei\u00a0<\/strong>una recomposici\u00f3n salarial y el cese del desfinanciamiento del sistema universitario.<\/p>\n<p>El\u00a0<strong>paro universitario<\/strong>, que se extender\u00e1 todo el lunes y martes, fue convocado por el\u00a0<strong>Frente Sindical Universitario\u00a0<\/strong>y cuenta con la adhesi\u00f3n de\u00a0<strong>gremios docentes\u00a0<\/strong>y\u00a0<strong>no docentes<\/strong>\u00a0que, adem\u00e1s del reclamo por un incremento salarial, denuncian la <strong>reducci\u00f3n de becas estudiantiles, la paralizaci\u00f3n de obras de infraestructura y el recorte en el financiamiento de la investigaci\u00f3n cient\u00edfica y tecnol\u00f3gica<\/strong>.<\/p>\n<p>La principal demanda del\u00a0<strong>paro universitario<\/strong>\u00a0es la actualizaci\u00f3n de los haberes de los trabajadores universitarios, ya que durante el a\u00f1o pasado, los salarios del sector tuvieron una recomposici\u00f3n del 270%, primero en la\u00a0<strong>Universidad de Buenos Aires\u00a0<\/strong>(<strong>UBA<\/strong>) y luego en el resto de las universidades nacionales.<\/p>\n<p>Sin embargo, en 2025 esta actualizaci\u00f3n qued\u00f3 desfasada respecto de la\u00a0<strong>inflaci\u00f3n<\/strong>. Seg\u00fan denuncian los sindicatos, los incrementos salariales de enero (1,5%) y febrero (1,2%) fueron inferiores a la inflaci\u00f3n de esos meses, que alcanz\u00f3 el 2,2% y 2,4%, respectivamente. Esta situaci\u00f3n ha generado una ca\u00edda sostenida del poder adquisitivo de docentes e investigadores.<\/p>\n<p>Desde el\u00a0<strong>Frente Sindical Universitario<\/strong>, que agrupa a la\u00a0<strong>Federaci\u00f3n Nacional de Docentes Universitarios\u00a0<\/strong>(<strong><a href=\"https:\/\/conadu.org.ar\/\">Conadu<\/a><\/strong>),\u00a0<strong>Conadu Hist\u00f3rica<\/strong>,\u00a0<strong>FEDUN<\/strong>,\u00a0<strong>CTERA<\/strong>,\u00a0<strong>FAGDUT<\/strong>,\u00a0<strong>FATUN\u00a0<\/strong>y\u00a0<strong>UDA<\/strong>, le exigen al\u00a0<strong>Gobierno nacional\u00a0<\/strong>la inmediata convocatoria a paritarias, y sostienen que <strong>la administraci\u00f3n libertaria \u201ctom\u00f3 decisiones salariales\u201d de manera unilateral<\/strong>, y que el ajuste en el sector educativo impacta negativamente en la calidad acad\u00e9mica.<\/p>\n<p>Seg\u00fan el decano de la Facultad de Ciencias Exactas y Naturales de la\u00a0<strong>UBA<\/strong>,\u00a0<strong>Guillermo Dur\u00e1n<\/strong>, la p\u00e9rdida de ingresos est\u00e1 impulsando una creciente migraci\u00f3n de docentes e investigadores hacia universidades privadas o del exterior. \u201cEn el \u00faltimo a\u00f1o, alrededor del 6% o 7% del personal de nuestra facultad emigr\u00f3 a otros pa\u00edses o acept\u00f3 ofertas de universidades privadas que pagan hasta tres veces m\u00e1s que la\u00a0<strong>UBA\u201d<\/strong>, explic\u00f3.<\/p>\n<p>Adem\u00e1s de la\u00a0<strong>crisis salarial<\/strong>\u00a0que impuls\u00f3 el\u00a0<strong>paro universitario<\/strong>, la comunidad universitaria enfrenta un <strong>grave recorte en el financiamiento para la investigaci\u00f3n<\/strong>. Es que, los subsidios de la\u00a0<strong>Agencia de Promoci\u00f3n de la Investigaci\u00f3n\u00a0<\/strong>no fueron entregados, y las becas doctorales se redujeron dr\u00e1sticamente, lo que tambi\u00e9n provoca una deserci\u00f3n en el \u00e1mbito cient\u00edfico.<\/p>\n<p>En ese sentido, el\u00a0<strong>Consejo Interuniversitario Nacional\u00a0<\/strong>(<strong>CIN<\/strong>) emiti\u00f3 un comunicado alertando sobre la dr\u00e1stica reducci\u00f3n de recursos destinados al sistema cient\u00edfico y tecnol\u00f3gico, y advirti\u00f3 que el recorte presupuestario que realiza el\u00a0<strong>Gobierno nacional\u00a0<\/strong>tiene como principal objetivo \u201cfrenar el desarrollo aut\u00f3nomo del sector\u201d. <strong>(VW)<\/strong><\/p>\n","protected":false},"excerpt":{"rendered":"<p>Docentes y no docentes de todas las casas de estudio se sumaron al paro universitario de 48 horas. Buscan una reuni\u00f3n paritaria con el Gobierno.<\/p>\n","protected":false},"author":4,"featured_media":14259,"comment_status":"closed","ping_status":"closed","sticky":false,"template":"","format":"standard","meta":{"_monsterinsights_skip_tracking":false,"_monsterinsights_sitenote_active":false,"_monsterinsights_sitenote_note":"","_monsterinsights_sitenote_category":0,"footnotes":""},"categories":[6,4,5],"tags":[7466,158,7465,5639,4918],"class_list":["post-17524","post","type-post","status-publish","format-standard","has-post-thumbnail","hentry","category-economia","category-politica","category-sociedad","tag-frente-sindical","tag-paritarias","tag-paro-universitario","tag-recortes","tag-uba"],"_links":{"self":[{"href":"https:\/\/www.visionweb.com.ar\/index.php?rest_route=\/wp\/v2\/posts\/17524","targetHints":{"allow":["GET"]}}],"collection":[{"href":"https:\/\/www.visionweb.com.ar\/index.php?rest_route=\/wp\/v2\/posts"}],"about":[{"href":"https:\/\/www.visionweb.com.ar\/index.php?rest_route=\/wp\/v2\/types\/post"}],"author":[{"embeddable":true,"href":"https:\/\/www.visionweb.com.ar\/index.php?rest_route=\/wp\/v2\/users\/4"}],"replies":[{"embeddable":true,"href":"https:\/\/www.visionweb.com.ar\/index.php?rest_route=%2Fwp%2Fv2%2Fcomments&post=17524"}],"version-history":[{"count":1,"href":"https:\/\/www.visionweb.com.ar\/index.php?rest_route=\/wp\/v2\/posts\/17524\/revisions"}],"predecessor-version":[{"id":17525,"href":"https:\/\/www.visionweb.com.ar\/index.php?rest_route=\/wp\/v2\/posts\/17524\/revisions\/17525"}],"wp:featuredmedia":[{"embeddable":true,"href":"https:\/\/www.visionweb.com.ar\/index.php?rest_route=\/wp\/v2\/media\/14259"}],"wp:attachment":[{"href":"https:\/\/www.visionweb.com.ar\/index.php?rest_route=%2Fwp%2Fv2%2Fmedia&parent=17524"}],"wp:term":[{"taxonomy":"category","embeddable":true,"href":"https:\/\/www.visionweb.com.ar\/index.php?rest_route=%2Fwp%2Fv2%2Fcategories&post=17524"},{"taxonomy":"post_tag","embeddable":true,"href":"https:\/\/www.visionweb.com.ar\/index.php?rest_route=%2Fwp%2Fv2%2Ftags&post=17524"}],"curies":[{"name":"wp","href":"https:\/\/api.w.org\/{rel}","templated":true}]}}