{"id":17519,"date":"2025-03-14T14:42:09","date_gmt":"2025-03-14T17:42:09","guid":{"rendered":"https:\/\/www.visionweb.com.ar\/?p=17519"},"modified":"2025-03-14T14:42:09","modified_gmt":"2025-03-14T17:42:09","slug":"declararon-la-emergencia-vial-en-bahia-blanca","status":"publish","type":"post","link":"https:\/\/www.visionweb.com.ar\/?p=17519","title":{"rendered":"Declararon la emergencia vial en Bah\u00eda Blanca"},"content":{"rendered":"<p><em><strong>Las rutas despu\u00e9s de la inundaci\u00f3n: Se declar\u00f3 \u201cel\u00a0estado de emergencia vial\u201d por 180 d\u00edas prorrogables, en rutas aleda\u00f1as a Bah\u00eda Blanca que sufrieron el paso del temporal.<\/strong><\/em><!--more--><\/p>\n<p><strong><img loading=\"lazy\" decoding=\"async\" class=\"size-medium wp-image-17520 alignright\" src=\"https:\/\/www.visionweb.com.ar\/wp-content\/uploads\/2025\/03\/Bahia-rutas-300x300.png\" alt=\"\" width=\"300\" height=\"300\" srcset=\"https:\/\/www.visionweb.com.ar\/wp-content\/uploads\/2025\/03\/Bahia-rutas-300x300.png 300w, https:\/\/www.visionweb.com.ar\/wp-content\/uploads\/2025\/03\/Bahia-rutas-150x150.png 150w, https:\/\/www.visionweb.com.ar\/wp-content\/uploads\/2025\/03\/Bahia-rutas-80x80.png 80w, https:\/\/www.visionweb.com.ar\/wp-content\/uploads\/2025\/03\/Bahia-rutas-320x320.png 320w, https:\/\/www.visionweb.com.ar\/wp-content\/uploads\/2025\/03\/Bahia-rutas-65x65.png 65w, https:\/\/www.visionweb.com.ar\/wp-content\/uploads\/2025\/03\/Bahia-rutas.png 441w\" sizes=\"auto, (max-width: 300px) 100vw, 300px\" \/>\u00a0\u00a0\u00a0\u00a0 Bah\u00eda Blanca\u00a0continuar\u00e1 con el proceso de reconstrucci\u00f3n, con fuertes problemas en\u00a0casas\u00a0particulares, escuelas y dem\u00e1s sitios, pero, poco a poco, la ciudad va teniendo un dejo de volver a la normalidad. Las\u00a0rutas tambi\u00e9n est\u00e1n afectadas.<\/strong><\/p>\n<p>La<strong>\u00a0Direcci\u00f3n Nacional de Vialidad\u00a0inform\u00f3 <\/strong>anoche que\u00a0todav\u00eda<strong> hay cortes totales sobre la ruta nacional 35 y muchos tramos en los que hay que transitar con precauci\u00f3n, <\/strong>inform\u00f3 Infocielo.<\/p>\n<p>En esa l\u00ednea, el director de Vialidad, Marcelo Jorge Campoy public\u00f3 este viernes la<strong>\u00a0<\/strong><strong><a href=\"https:\/\/www.boletinoficial.gob.ar\/detalleAviso\/primera\/322505\/20250314\">Resoluci\u00f3n 335\/25<\/a><\/strong><strong> con la que declara \u201cel estado de emergencia vial\u201d por 180 d\u00edas prorrogables.<\/strong><\/p>\n<p><strong>Seg\u00fan se explic\u00f3, \u201clas fuertes inclemencias clim\u00e1ticas\u201d del 7 de marzo causaron el corte parcial o total de las rutas. Esto incluye la\u00a0socavaci\u00f3n de terraplenes y estribos, p\u00e9rdida de alcantarillas y rotura de pavimentos, entre otras cosas. <\/strong>Con esta medida, de acuerdo a la norma,\u00a0Vialidad pretende acelerar las contrataciones y los trabajos que debe hacer\u00a0para<strong> reacondicionar toda la zona afectada.<\/strong><\/p>\n<p><strong>El estado de las rutas afectadas por el temporal<\/strong><\/p>\n<p><strong>Ruta nacional 3<\/strong><\/p>\n<ul>\n<li><strong>Tramo Azul-RN 229: transitable con normalidad.<\/strong><\/li>\n<li><strong>Tramo RN 229-El Tri\u00e1ngulo: transitable con precauci\u00f3n.<\/strong><\/li>\n<li><strong>Tramo El Tri\u00e1ngulo-Calle Charlone (km 691,400) transitable con precauci\u00f3n<\/strong><\/li>\n<li><strong>Tramo Canal Maldonado (km 692,01)-Emp. RN 33 corte total.<\/strong><\/li>\n<li><strong>Tramo Emp. RN 22-Patagones: transitable con normalidad.<\/strong><\/li>\n<\/ul>\n<p><strong>Rura nacional 22<\/strong><\/p>\n<ul>\n<li><strong>Tramo Emp. RN 3 \u2013 R\u00edo Colorado: transitable con normalidad.<\/strong><\/li>\n<\/ul>\n<p><strong>Ruta nacional 33<\/strong><\/p>\n<ul>\n<li><strong>Tramo emp. RN 3-La Vit\u00edcola: transitable con precauci\u00f3n.<\/strong><\/li>\n<li><strong>Tramo La Vit\u00edcola-Pig\u00fc\u00e9: transitable con normalidad.<\/strong><\/li>\n<li><strong>Tramo Pig\u00fc\u00e9-Trenque Lauquen: transitable con precauci\u00f3n.<\/strong><\/li>\n<\/ul>\n<p><strong>Ruta nacional 35<\/strong><\/p>\n<ul>\n<li><strong>Tramo Bah\u00eda Blanca-km 26: transitable con precauci\u00f3n.<\/strong><\/li>\n<li><strong>Tramo km 26-km 107: corte total.<\/strong><\/li>\n<li><strong>Tramo km 107-Lte. La Pampa: transitable con precauci\u00f3n.<\/strong><\/li>\n<\/ul>\n<p><strong>Ruta nacional 228<\/strong><\/p>\n<ul>\n<li><strong>Tramo Necochea-Tres Arroyos: transitable con normalidad.<\/strong><\/li>\n<\/ul>\n<p><strong>Ruta nacional 229<\/strong><\/p>\n<ul>\n<li><strong>Tramo Emp. RN 3-B. Marisol P. Alta: transitable con precauci\u00f3n.<\/strong><\/li>\n<\/ul>\n<p><strong>Rura nacional 249<\/strong><\/p>\n<ul>\n<li><strong>Tramo Emp. RN 3-Emp. RN 229 P. Alta: transitable con precauci\u00f3n.<\/strong><\/li>\n<\/ul>\n<p><strong>Ruta nacional 252<\/strong><\/p>\n<ul>\n<li><strong>Tramo rotonda V. Sarsfield-Pte- La Ni\u00f1a: transitable con precauci\u00f3n.<\/strong><\/li>\n<\/ul>\n<p><strong>Ruta nacional 1V03<\/strong><\/p>\n<ul>\n<li><strong>Tramo emp. RN 3-Rotonda ex Indiada: transitable con precauci\u00f3n. (VW)<\/strong><\/li>\n<\/ul>\n<p>&nbsp;<\/p>\n","protected":false},"excerpt":{"rendered":"<p>Las rutas despu\u00e9s de la inundaci\u00f3n: Se declar\u00f3 \u201cel\u00a0estado de emergencia vial\u201d por 180 d\u00edas prorrogables, en rutas aleda\u00f1as a Bah\u00eda Blanca que sufrieron el paso del temporal.<\/p>\n","protected":false},"author":4,"featured_media":17520,"comment_status":"closed","ping_status":"closed","sticky":false,"template":"","format":"standard","meta":{"_monsterinsights_skip_tracking":false,"_monsterinsights_sitenote_active":false,"_monsterinsights_sitenote_note":"","_monsterinsights_sitenote_category":0,"footnotes":""},"categories":[8],"tags":[1861,7464,1041],"class_list":["post-17519","post","type-post","status-publish","format-standard","has-post-thumbnail","hentry","category-interes-general","tag-bahia-blanca","tag-emergencia-vial","tag-rutas"],"_links":{"self":[{"href":"https:\/\/www.visionweb.com.ar\/index.php?rest_route=\/wp\/v2\/posts\/17519","targetHints":{"allow":["GET"]}}],"collection":[{"href":"https:\/\/www.visionweb.com.ar\/index.php?rest_route=\/wp\/v2\/posts"}],"about":[{"href":"https:\/\/www.visionweb.com.ar\/index.php?rest_route=\/wp\/v2\/types\/post"}],"author":[{"embeddable":true,"href":"https:\/\/www.visionweb.com.ar\/index.php?rest_route=\/wp\/v2\/users\/4"}],"replies":[{"embeddable":true,"href":"https:\/\/www.visionweb.com.ar\/index.php?rest_route=%2Fwp%2Fv2%2Fcomments&post=17519"}],"version-history":[{"count":1,"href":"https:\/\/www.visionweb.com.ar\/index.php?rest_route=\/wp\/v2\/posts\/17519\/revisions"}],"predecessor-version":[{"id":17521,"href":"https:\/\/www.visionweb.com.ar\/index.php?rest_route=\/wp\/v2\/posts\/17519\/revisions\/17521"}],"wp:featuredmedia":[{"embeddable":true,"href":"https:\/\/www.visionweb.com.ar\/index.php?rest_route=\/wp\/v2\/media\/17520"}],"wp:attachment":[{"href":"https:\/\/www.visionweb.com.ar\/index.php?rest_route=%2Fwp%2Fv2%2Fmedia&parent=17519"}],"wp:term":[{"taxonomy":"category","embeddable":true,"href":"https:\/\/www.visionweb.com.ar\/index.php?rest_route=%2Fwp%2Fv2%2Fcategories&post=17519"},{"taxonomy":"post_tag","embeddable":true,"href":"https:\/\/www.visionweb.com.ar\/index.php?rest_route=%2Fwp%2Fv2%2Ftags&post=17519"}],"curies":[{"name":"wp","href":"https:\/\/api.w.org\/{rel}","templated":true}]}}