{"id":17517,"date":"2025-03-14T14:25:10","date_gmt":"2025-03-14T17:25:10","guid":{"rendered":"https:\/\/www.visionweb.com.ar\/?p=17517"},"modified":"2025-03-14T14:25:10","modified_gmt":"2025-03-14T17:25:10","slug":"el-fotografo-pablo-grillo-continua-en-estado-critico","status":"publish","type":"post","link":"https:\/\/www.visionweb.com.ar\/?p=17517","title":{"rendered":"El fot\u00f3grafo Pablo Grillo contin\u00faa en estado cr\u00edtico"},"content":{"rendered":"<p><em><strong>Su padre confirm\u00f3 que contin\u00faa en estado cr\u00edtico, aunque podr\u00edan estar levemente esperanzados. El pueblo de Lan\u00fas pide justicia, y el intendente reclam\u00f3 el desplazamiento de Bullrich.<\/strong><\/em><!--more--><\/p>\n<p><img loading=\"lazy\" decoding=\"async\" class=\"size-medium wp-image-17503 alignright\" src=\"https:\/\/www.visionweb.com.ar\/wp-content\/uploads\/2025\/03\/pablo-grillo-fotografo-300x175.png\" alt=\"\" width=\"300\" height=\"175\" srcset=\"https:\/\/www.visionweb.com.ar\/wp-content\/uploads\/2025\/03\/pablo-grillo-fotografo-300x175.png 300w, https:\/\/www.visionweb.com.ar\/wp-content\/uploads\/2025\/03\/pablo-grillo-fotografo.png 621w\" sizes=\"auto, (max-width: 300px) 100vw, 300px\" \/> <strong>E<\/strong>l <strong>fotoperiodista Pablo Grillo <\/strong>vecino de Remedios de Escalada (Lan\u00fas) que estaba<strong> trabajando en la manifestaci\u00f3n de los jubilados del mi\u00e9rcoles pasado, <\/strong>y que fue alcanzado por una<strong> granada de gas lacrim\u00f3geno, contin\u00faa en lucha por su salud.\u00a0El barrio se moviliz\u00f3 para reclamar justicia.<\/strong><\/p>\n<p><strong>Fabi\u00e1n, el padre de\u00a0Pablo, <\/strong>dialog\u00f3 esta ma\u00f1ana con la prensa en las puertas del hospital Ramos Mej\u00eda y asegur\u00f3 que \u201c<strong>sigue en estado cr\u00edtico<\/strong>\u201d.<\/p>\n<p>A la vez, dio cuenta de<strong> \u201cciertos indicios\u201d que permiten estar \u201clevemente esperanzados\u201d, pero aclar\u00f3 que \u201csigue en estado cr\u00edtico\u201d<\/strong>. En las pr\u00f3ximas horas, le har\u00e1n una tomograf\u00eda.<\/p>\n<p>Visiblemente emocionado por el apoyo recibido, confirm\u00f3 que iniciar\u00e1n acciones judiciales por el ataque durante la represi\u00f3n del mi\u00e9rcoles, que lo dej\u00f3 debati\u00e9ndose entre la vida y la muerte.<\/p>\n<p><strong>Pablo est\u00e1 internado en estado cr\u00edtico,\u00a0luchando por su vida,\u00a0<\/strong>con fractura de cr\u00e1neo y desplazamiento de masa encef\u00e1lica que le produjo el lanzamiento.<\/p>\n<p><strong>La granada fue disparada apuntando directamente a los cuerpos de los manifestantes<\/strong>, \u201cviolando los protocolos de uso que establecen que <strong>deben dispararse hacia arriba<\/strong> para que hagan una par\u00e1bola y luego caigan\u201d, advirti\u00f3 la Comisi\u00f3n Provincial por la Memoria.<\/p>\n<p>La ministra Bullrich, responsable del operativo, aclar\u00f3 que\u00a0no se <strong>tomar\u00e1 \u201cninguna medida\u201d<\/strong> para <strong>investigar el accionar de las fuerzas<\/strong> de seguridad.\u00a0\u00a0<strong>El intendente de Lan\u00fas, Juli\u00e1n \u00c1lvarez, reclam\u00f3 su desplazamiento.<\/strong><\/p>\n<p><strong>Pedido de justicia por Pablo Grillo en Lan\u00fas<\/strong><\/p>\n<p><strong>La esquina de la plaza Mariano Moreno de Remedios de Escalada, frente a la estaci\u00f3n ferroviaria, fue el epicentro de la protesta.\u00a0<\/strong>Con carteles y banderas, vecinos y estudiantes de la UNLa (Universidad Nacional de Lan\u00fas) reclamaron justicia.<\/p>\n<p><strong>\u201cFuerza Pablo\u201d, \u201cBullrich asesina\u201d y \u201cFuera Milei\u201d son algunos de los mensajes que se pudieron ver durante la protesta.<\/strong><\/p>\n<p>Pablo es fotoperiodista, fue estudiante de dise\u00f1o en la UNLa y trabajaba como jardinero en el hospital Evita de Lan\u00fas.<\/p>\n<p><strong>F\u00e9rreo respaldo de Javier Milei a Patricia Bullrich tras la brutal represi\u00f3n<\/strong><\/p>\n<p><strong>El presidente Javier Milei, <\/strong>que particip\u00f3 este viernes de la<strong> Expoagro 2025, realiz\u00f3 una en\u00e9rgica defensa de la ministra de Seguridad, Patricia Bullrich<\/strong>, tras la represi\u00f3n a la movilizaci\u00f3n de jubilados, que cont\u00f3 con el apoyo de hinchas de distintos clubes y sindicatos.<\/p>\n<p><strong>\u201cEs la mejor ministra de la historia\u201d<\/strong>, asegur\u00f3 el Presidente, ante la consulta de la prensa en San Nicol\u00e1s. Y aclar\u00f3 que <strong>el respaldo es \u201cabsoluto\u201d<\/strong>.<\/p>\n<p>M\u00e1s temprano, se inform\u00f3 que\u00a0<strong>el Ministerio de Seguridad present\u00f3 una denuncia\u00a0penal por los delitos de Sedici\u00f3n, Atentado al Orden Constitucional\u00a0y la Vida Democr\u00e1tica y Asociaci\u00f3n Il\u00edcita Agravada.<\/strong><\/p>\n<p>Adem\u00e1s,\u00a0cuestion\u00f3 la decisi\u00f3n de la <strong>jueza Karina Andrade<\/strong>, quien orden\u00f3 la liberaci\u00f3n de casi todos los detenidos sin haber analizado la prueba ni los antecedentes penales.\u00a0<strong>\u201cExigiremos el apartamiento y la revisi\u00f3n de antecedentes de la jueza Karina Andrade<\/strong>\u00a0por liberar a m\u00e1s de 100 detenidos sin verificar antecedentes ni pruebas, violando la Ley de Reiterancia\u201d, hab\u00eda se\u00f1alado Bullrich. <strong>(VW)<\/strong><\/p>\n","protected":false},"excerpt":{"rendered":"<p>Su padre confirm\u00f3 que contin\u00faa en estado cr\u00edtico, aunque podr\u00edan estar levemente esperanzados. El pueblo de Lan\u00fas pide justicia, y el intendente reclam\u00f3 el desplazamiento de Bullrich.<\/p>\n","protected":false},"author":4,"featured_media":17503,"comment_status":"closed","ping_status":"closed","sticky":false,"template":"","format":"standard","meta":{"_monsterinsights_skip_tracking":false,"_monsterinsights_sitenote_active":false,"_monsterinsights_sitenote_note":"","_monsterinsights_sitenote_category":0,"footnotes":""},"categories":[4,5],"tags":[504,7411,7457,6627],"class_list":["post-17517","post","type-post","status-publish","format-standard","has-post-thumbnail","hentry","category-politica","category-sociedad","tag-bullrich","tag-marcha-de-jubilados","tag-pablo-grillo","tag-represion"],"_links":{"self":[{"href":"https:\/\/www.visionweb.com.ar\/index.php?rest_route=\/wp\/v2\/posts\/17517","targetHints":{"allow":["GET"]}}],"collection":[{"href":"https:\/\/www.visionweb.com.ar\/index.php?rest_route=\/wp\/v2\/posts"}],"about":[{"href":"https:\/\/www.visionweb.com.ar\/index.php?rest_route=\/wp\/v2\/types\/post"}],"author":[{"embeddable":true,"href":"https:\/\/www.visionweb.com.ar\/index.php?rest_route=\/wp\/v2\/users\/4"}],"replies":[{"embeddable":true,"href":"https:\/\/www.visionweb.com.ar\/index.php?rest_route=%2Fwp%2Fv2%2Fcomments&post=17517"}],"version-history":[{"count":1,"href":"https:\/\/www.visionweb.com.ar\/index.php?rest_route=\/wp\/v2\/posts\/17517\/revisions"}],"predecessor-version":[{"id":17518,"href":"https:\/\/www.visionweb.com.ar\/index.php?rest_route=\/wp\/v2\/posts\/17517\/revisions\/17518"}],"wp:featuredmedia":[{"embeddable":true,"href":"https:\/\/www.visionweb.com.ar\/index.php?rest_route=\/wp\/v2\/media\/17503"}],"wp:attachment":[{"href":"https:\/\/www.visionweb.com.ar\/index.php?rest_route=%2Fwp%2Fv2%2Fmedia&parent=17517"}],"wp:term":[{"taxonomy":"category","embeddable":true,"href":"https:\/\/www.visionweb.com.ar\/index.php?rest_route=%2Fwp%2Fv2%2Fcategories&post=17517"},{"taxonomy":"post_tag","embeddable":true,"href":"https:\/\/www.visionweb.com.ar\/index.php?rest_route=%2Fwp%2Fv2%2Ftags&post=17517"}],"curies":[{"name":"wp","href":"https:\/\/api.w.org\/{rel}","templated":true}]}}