{"id":17515,"date":"2025-03-14T10:33:07","date_gmt":"2025-03-14T13:33:07","guid":{"rendered":"https:\/\/www.visionweb.com.ar\/?p=17515"},"modified":"2025-03-14T08:37:55","modified_gmt":"2025-03-14T11:37:55","slug":"eclipse-de-luna-total-cuando-la-sombra-de-la-tierra-engulle-la-luna","status":"publish","type":"post","link":"https:\/\/www.visionweb.com.ar\/?p=17515","title":{"rendered":"Eclipse de Luna total, cuando la sombra de la Tierra engulle la Luna"},"content":{"rendered":"<p><em><strong>\u00a0Este espectacular evento astron\u00f3mico se produce solo cuando la Tierra se ubica en l\u00ednea entre el Sol y la Luna, proyectando su cono de sombra (umbra) sobre la totalidad del disco lunar*.<\/strong><\/em><!--more--><\/p>\n<p><img loading=\"lazy\" decoding=\"async\" class=\"size-full wp-image-6040 alignright\" src=\"https:\/\/www.visionweb.com.ar\/wp-content\/uploads\/2022\/06\/luna-de-fresa.bmp\" alt=\"\" width=\"579\" height=\"427\" \/>El fen\u00f3meno comienza con un suave oscurecimiento que avanza lentamente cubriendo de manera progresiva la superficie lunar, hasta completar todo el disco de la Luna. Sin embargo, nunca est\u00e1 totalmente oscura, porque la atm\u00f3sfera de la Tierra redirecciona los rayos del Sol, permitiendo que solo el color rojo pase por ella e ilumine tenuemente la Luna. Por esto luce ese color rojizo que origin\u00f3 el nombre de \u201cLuna de sangre\u201d.<\/p>\n<p>El perfil circular de la sombra de la Tierra proyectada sobre la Luna durante el avance del eclipse de Luna ense\u00f1\u00f3 a los astr\u00f3nomos de la antig\u00fcedad que la Tierra era redonda. Asimismo, los eclipses de Luna sirvieron a Aristarco de Samos (310 a 230 a.C.) primero y a Hiparco \u00a0de Nicea (190 a 120 a.C.) despu\u00e9s, para calcular el di\u00e1metro de la Luna y su distancia a la Tierra.<\/p>\n<p>Actualmente los eclipses son motivo de admiraci\u00f3n y gozo, pero en el pasado generaban mitos y leyendas populares, como disputas entre el Sol y la Luna o presagios de eventos trascendentales tanto buenos como malos. Existen varias referencias de eclipses que fueron aprovechados por las personas que ten\u00edan algunos conocimientos de astronom\u00eda. Se ha hablado del uso que Col\u00f3n hizo de sus conocimientos del cielo, cuando en 1504 en Jamaica y ante la falta de provisiones indispensables que los nativos se negaban a darle, Col\u00f3n los amenaz\u00f3 con ocultar la Luna el 29 de febrero sabiendo de ese pr\u00f3ximo eclipse lunar. Cuando se produjo el anunciado eclipse, la impresi\u00f3n que caus\u00f3 hizo que le entregaran las provisiones solicitadas.<\/p>\n<p>Por otro lado, y reafirmando lo atrayente que resultaron los eclipses a lo largo de la historia, resulta interesante mencionar que, con posterioridad a la Revoluci\u00f3n de Mayo, un grupo de astr\u00f3nomos aficionados argentinos, efectuaron observaciones del eclipse de Luna del 9 de junio de 1816 (justo un mes antes de la Declaraci\u00f3n de la Independencia Argentina). Los integrantes de este grupo fueron: Vicente L\u00f3pez y Planes, creador de nuestro himno nacional junto al sacerdote Doroteo Mu\u00f1oz y el ingeniero Felipe Senillosa.<\/p>\n<p>En esta ocasi\u00f3n, el eclipse de Luna total repetir\u00e1 este hermoso fen\u00f3meno en el cielo durante las primeras horas de la madrugada en nuestro pa\u00eds, comenzando su fase inicial a las 2:09 hs, a la hora 3:26 llegar\u00e1 a la totalidad, teniendo su punto central a las 3:58 hs y finalizando a las 4:31hs.<\/p>\n<p>Para observarlo a ojo desnudo, a diferencia del eclipse de Sol, no son necesarias protecciones o filtros especiales, aunque para \u00e9ste\u2026 se requiere trasnochar. Y como dicen los aficionados a la astronom\u00eda: \u201cque tengamos buenos cielos\u201d.(VW)<\/p>\n<p><strong>Informe publicado en La Tercera del GBA, por el Ing.\u00a0Jorge Luis Cabrera<\/strong><\/p>\n<p>&nbsp;<\/p>\n","protected":false},"excerpt":{"rendered":"<p>\u00a0Este espectacular evento astron\u00f3mico se produce solo cuando la Tierra se ubica en l\u00ednea entre el Sol y la Luna, proyectando su cono de sombra (umbra) sobre la totalidad del disco lunar*.<\/p>\n","protected":false},"author":3,"featured_media":6040,"comment_status":"closed","ping_status":"closed","sticky":false,"template":"","format":"standard","meta":{"_monsterinsights_skip_tracking":false,"_monsterinsights_sitenote_active":false,"_monsterinsights_sitenote_note":"","_monsterinsights_sitenote_category":0,"footnotes":""},"categories":[7],"tags":[811,7463,4279],"class_list":["post-17515","post","type-post","status-publish","format-standard","has-post-thumbnail","hentry","category-educacion-y-cultura","tag-eclipse","tag-luna","tag-viernes"],"_links":{"self":[{"href":"https:\/\/www.visionweb.com.ar\/index.php?rest_route=\/wp\/v2\/posts\/17515","targetHints":{"allow":["GET"]}}],"collection":[{"href":"https:\/\/www.visionweb.com.ar\/index.php?rest_route=\/wp\/v2\/posts"}],"about":[{"href":"https:\/\/www.visionweb.com.ar\/index.php?rest_route=\/wp\/v2\/types\/post"}],"author":[{"embeddable":true,"href":"https:\/\/www.visionweb.com.ar\/index.php?rest_route=\/wp\/v2\/users\/3"}],"replies":[{"embeddable":true,"href":"https:\/\/www.visionweb.com.ar\/index.php?rest_route=%2Fwp%2Fv2%2Fcomments&post=17515"}],"version-history":[{"count":1,"href":"https:\/\/www.visionweb.com.ar\/index.php?rest_route=\/wp\/v2\/posts\/17515\/revisions"}],"predecessor-version":[{"id":17516,"href":"https:\/\/www.visionweb.com.ar\/index.php?rest_route=\/wp\/v2\/posts\/17515\/revisions\/17516"}],"wp:featuredmedia":[{"embeddable":true,"href":"https:\/\/www.visionweb.com.ar\/index.php?rest_route=\/wp\/v2\/media\/6040"}],"wp:attachment":[{"href":"https:\/\/www.visionweb.com.ar\/index.php?rest_route=%2Fwp%2Fv2%2Fmedia&parent=17515"}],"wp:term":[{"taxonomy":"category","embeddable":true,"href":"https:\/\/www.visionweb.com.ar\/index.php?rest_route=%2Fwp%2Fv2%2Fcategories&post=17515"},{"taxonomy":"post_tag","embeddable":true,"href":"https:\/\/www.visionweb.com.ar\/index.php?rest_route=%2Fwp%2Fv2%2Ftags&post=17515"}],"curies":[{"name":"wp","href":"https:\/\/api.w.org\/{rel}","templated":true}]}}