{"id":17513,"date":"2025-03-14T08:28:15","date_gmt":"2025-03-14T11:28:15","guid":{"rendered":"https:\/\/www.visionweb.com.ar\/?p=17513"},"modified":"2025-03-14T08:28:15","modified_gmt":"2025-03-14T11:28:15","slug":"ratificaron-la-suspension-del-decreto-que-transformaba-en-sa-al-banco-nacion","status":"publish","type":"post","link":"https:\/\/www.visionweb.com.ar\/?p=17513","title":{"rendered":"Ratificaron la suspensi\u00f3n del decreto que transformaba en SA al Banco Naci\u00f3n"},"content":{"rendered":"<p><em><strong>Tras la medida cautelar interina, el juez federal Alejo Ramos Padilla ratific\u00f3 su accionar: el Banco Naci\u00f3n no se puede transformar en sociedad an\u00f3nima por decreto.<\/strong><\/em><!--more--><\/p>\n<p><img loading=\"lazy\" decoding=\"async\" class=\"size-full wp-image-3378 alignright\" src=\"https:\/\/www.visionweb.com.ar\/wp-content\/uploads\/2021\/11\/banco-nacion.bmp\" alt=\"\" width=\"420\" height=\"266\" \/>La Justicia vuelve a ponerle un l\u00edmite a los avances libertarios del Gobierno Nacional. Esta vez, fren\u00f3 la transformaci\u00f3n en sociedad an\u00f3nima del Banco Naci\u00f3n que Javier Milei pretend\u00eda hacer por decreto. Celebra La Bancaria y sectores opositores.<\/p>\n<p>La pol\u00e9mica medida hab\u00eda quedado oficializada en el Decreto 116\/25, publicado el 20 de febrero. Cinco d\u00edas despu\u00e9s, el juez federal Alejo Ramos Padilla, a cargo del Juzgado en lo Civil, Comercial y Contencioso Administrativo Federal de La Plata 2, la suspendi\u00f3 disponiendo una \u201cmedida cautelar interina\u201c.<\/p>\n<p>En ese momento, el magistrado le dio un plazo de 5 d\u00edas al Gobierno Nacional para que produzca un informe en el que argumente su decisi\u00f3n. Una representantes del Banco Naci\u00f3n se present\u00f3 ante Ramos Padilla y le asegur\u00f3 que su medida cautelar es \u201ca todas luces improcedente y carente del debido sustento legal\u201d.<\/p>\n<p>Sin embargo, no logr\u00f3 cambiar la opini\u00f3n de Ramos Padilla que se bas\u00f3 en dos pilares para suspender la transformaci\u00f3n de la entidad. El primero es que el Banco Naci\u00f3n se cre\u00f3 con una Ley del Congreso por lo que solo el Poder Legislativo tiene la potestad para modificarlo. El segundo es que Milei se ampar\u00f3 en la Ley Bases para avanzar por decreto, pero el banco qued\u00f3 exclu\u00eddo de las empresas sujetas a privatizaciones de la norma en cuesti\u00f3n.<\/p>\n<p>En conclusi\u00f3n, el juez federal ratific\u00f3 la medida cautelar que quedar\u00e1 vigente por seis meses m\u00e1s. Ahora, el Gobierno Nacional y las autoridades del Banco Naci\u00f3n, deber\u00e1n presentarse en el Juzgado para defender su accionar y que se anule el amparo<strong>(vw)<\/strong>.<\/p>\n","protected":false},"excerpt":{"rendered":"<p>Tras la medida cautelar interina, el juez federal Alejo Ramos Padilla ratific\u00f3 su accionar: el Banco Naci\u00f3n no se puede transformar en sociedad an\u00f3nima por decreto.<\/p>\n","protected":false},"author":3,"featured_media":3378,"comment_status":"closed","ping_status":"closed","sticky":false,"template":"","format":"standard","meta":{"_monsterinsights_skip_tracking":false,"_monsterinsights_sitenote_active":false,"_monsterinsights_sitenote_note":"","_monsterinsights_sitenote_category":0,"footnotes":""},"categories":[4],"tags":[1717,7462,500],"class_list":["post-17513","post","type-post","status-publish","format-standard","has-post-thumbnail","hentry","category-politica","tag-bna","tag-cautelar","tag-decreto"],"_links":{"self":[{"href":"https:\/\/www.visionweb.com.ar\/index.php?rest_route=\/wp\/v2\/posts\/17513","targetHints":{"allow":["GET"]}}],"collection":[{"href":"https:\/\/www.visionweb.com.ar\/index.php?rest_route=\/wp\/v2\/posts"}],"about":[{"href":"https:\/\/www.visionweb.com.ar\/index.php?rest_route=\/wp\/v2\/types\/post"}],"author":[{"embeddable":true,"href":"https:\/\/www.visionweb.com.ar\/index.php?rest_route=\/wp\/v2\/users\/3"}],"replies":[{"embeddable":true,"href":"https:\/\/www.visionweb.com.ar\/index.php?rest_route=%2Fwp%2Fv2%2Fcomments&post=17513"}],"version-history":[{"count":1,"href":"https:\/\/www.visionweb.com.ar\/index.php?rest_route=\/wp\/v2\/posts\/17513\/revisions"}],"predecessor-version":[{"id":17514,"href":"https:\/\/www.visionweb.com.ar\/index.php?rest_route=\/wp\/v2\/posts\/17513\/revisions\/17514"}],"wp:featuredmedia":[{"embeddable":true,"href":"https:\/\/www.visionweb.com.ar\/index.php?rest_route=\/wp\/v2\/media\/3378"}],"wp:attachment":[{"href":"https:\/\/www.visionweb.com.ar\/index.php?rest_route=%2Fwp%2Fv2%2Fmedia&parent=17513"}],"wp:term":[{"taxonomy":"category","embeddable":true,"href":"https:\/\/www.visionweb.com.ar\/index.php?rest_route=%2Fwp%2Fv2%2Fcategories&post=17513"},{"taxonomy":"post_tag","embeddable":true,"href":"https:\/\/www.visionweb.com.ar\/index.php?rest_route=%2Fwp%2Fv2%2Ftags&post=17513"}],"curies":[{"name":"wp","href":"https:\/\/api.w.org\/{rel}","templated":true}]}}