{"id":17510,"date":"2025-03-14T08:21:30","date_gmt":"2025-03-14T11:21:30","guid":{"rendered":"https:\/\/www.visionweb.com.ar\/?p=17510"},"modified":"2025-03-14T08:21:30","modified_gmt":"2025-03-14T11:21:30","slug":"universidades-publicas-paran-el-lunes-y-martes-en-reclamo-salarial","status":"publish","type":"post","link":"https:\/\/www.visionweb.com.ar\/?p=17510","title":{"rendered":"Universidades p\u00fablicas paran el lunes y martes en reclamo salarial"},"content":{"rendered":"<p><em><strong>Piden que, desde la llegada del gobierno de Javier Milei, los docentes perdieron \u00abun total de cuatro sueldos\u00bb. La medida de fuerza se sustenta, adem\u00e1s, en \u201cla\u00a0insuficiencia de los incrementos salariales\u201d<\/strong><\/em><!--more--><\/p>\n<p><img loading=\"lazy\" decoding=\"async\" class=\"size-medium wp-image-17511 alignright\" src=\"https:\/\/www.visionweb.com.ar\/wp-content\/uploads\/2025\/03\/UNIVERSIDADES-300x169.png\" alt=\"\" width=\"300\" height=\"169\" srcset=\"https:\/\/www.visionweb.com.ar\/wp-content\/uploads\/2025\/03\/UNIVERSIDADES-300x169.png 300w, https:\/\/www.visionweb.com.ar\/wp-content\/uploads\/2025\/03\/UNIVERSIDADES.png 640w\" sizes=\"auto, (max-width: 300px) 100vw, 300px\" \/>El Frente Sindical de las Universidades Nacionales ratific\u00f3 el\u00a0<strong>paro de 48 horas\u00a0<\/strong>que har\u00e1n el lunes y el martes en reclamo de mejoras salariales y presupuestarias. Esta medida se suma a las dos marchas que realizaron las universidades por la ley de financiamiento educativo, vetada por Javier Milei.<\/p>\n<p>\u201cAc\u00e1 est\u00e1 en juego algo m\u00e1s que el salario de los docentes universitarios, ac\u00e1 est\u00e1 en juego la Rep\u00fablica. Durante el Gobierno libertario hemos perdido, sumado las p\u00e9rdidas que tuvimos mes a mes, un total de cuatro sueldos\u201d, expres\u00f3 el secretario General de los docentes de la UTN -FAGDUT, Norberto Heyaca.<\/p>\n<p>En ese contexto, un d\u00eda despu\u00e9s de la violenta manifestaci\u00f3n frente al Congreso y a casi un a\u00f1o de la primera movilizaci\u00f3n universitaria, los dirigentes sindicales expusieron su preocupaci\u00f3n por la situaci\u00f3n que atraviesan las casas de estudio nacionales. Destacaron la falta de \u201cun horizonte claro, tanto en materia presupuestaria como en lo salarial\u201d.<\/p>\n<p>Desde la Federaci\u00f3n Nacional de Docentes Universitarios (CONADU), Federico Montero asegur\u00f3 que las instituciones\u00a0<strong>no tienen presupuesto<\/strong>\u00a0\u201cpor una decisi\u00f3n pol\u00edtica del Gobierno nacional de no debatirlo en el Congreso\u201d.<\/p>\n<p>\u201cEsto significa que se manejan con una pr\u00f3rroga del presupuesto del a\u00f1o anterior, lo cual no solamente implica consolidar la p\u00e9rdida presupuestaria y salarial que ten\u00edamos sino la completa arbitrariedad en el manejo de los fondos p\u00fablicos, dando lugar a la extorsi\u00f3n por parte del Gobierno respecto de qui\u00e9nes reciben y qui\u00e9nes no\u201d, agreg\u00f3.<\/p>\n<p>La medida de fuerza se sustenta, adem\u00e1s, en \u201cla\u00a0<strong>insuficiencia de los incrementos salariales\u201d<\/strong>\u00a0otorgados por la Subsecretar\u00eda de Pol\u00edticas Universitarias (SSPU) este a\u00f1o. En enero, los trabajadores universitarios tuvieron una suba de 1,5% y de 1,2% para febrero.<\/p>\n<p>El Frente Sindical de Universidades Nacionales est\u00e1 integrado por CONADU, CONADU Hist\u00f3rica, FEDUN, CTERA, FAGDUT, UDA y FATUNe. Despu\u00e9s de la masiva marcha convocadas en abril del a\u00f1o pasado, la protesta m\u00e1s cercana es la que hicieron en octubre luego de que el titular del Ejecutivo vetara la ley de financiamiento universitario<strong>(vw)<\/strong>.<\/p>\n","protected":false},"excerpt":{"rendered":"<p>Piden que, desde la llegada del gobierno de Javier Milei, los docentes perdieron \u00abun total de cuatro sueldos\u00bb. La medida de fuerza se sustenta, adem\u00e1s, en \u201cla\u00a0insuficiencia de los incrementos salariales\u201d<\/p>\n","protected":false},"author":3,"featured_media":17511,"comment_status":"closed","ping_status":"closed","sticky":false,"template":"","format":"standard","meta":{"_monsterinsights_skip_tracking":false,"_monsterinsights_sitenote_active":false,"_monsterinsights_sitenote_note":"","_monsterinsights_sitenote_category":0,"footnotes":""},"categories":[7,4],"tags":[252,440,56,405],"class_list":["post-17510","post","type-post","status-publish","format-standard","has-post-thumbnail","hentry","category-educacion-y-cultura","category-politica","tag-paro","tag-reclamos","tag-salarios","tag-universidades"],"_links":{"self":[{"href":"https:\/\/www.visionweb.com.ar\/index.php?rest_route=\/wp\/v2\/posts\/17510","targetHints":{"allow":["GET"]}}],"collection":[{"href":"https:\/\/www.visionweb.com.ar\/index.php?rest_route=\/wp\/v2\/posts"}],"about":[{"href":"https:\/\/www.visionweb.com.ar\/index.php?rest_route=\/wp\/v2\/types\/post"}],"author":[{"embeddable":true,"href":"https:\/\/www.visionweb.com.ar\/index.php?rest_route=\/wp\/v2\/users\/3"}],"replies":[{"embeddable":true,"href":"https:\/\/www.visionweb.com.ar\/index.php?rest_route=%2Fwp%2Fv2%2Fcomments&post=17510"}],"version-history":[{"count":1,"href":"https:\/\/www.visionweb.com.ar\/index.php?rest_route=\/wp\/v2\/posts\/17510\/revisions"}],"predecessor-version":[{"id":17512,"href":"https:\/\/www.visionweb.com.ar\/index.php?rest_route=\/wp\/v2\/posts\/17510\/revisions\/17512"}],"wp:featuredmedia":[{"embeddable":true,"href":"https:\/\/www.visionweb.com.ar\/index.php?rest_route=\/wp\/v2\/media\/17511"}],"wp:attachment":[{"href":"https:\/\/www.visionweb.com.ar\/index.php?rest_route=%2Fwp%2Fv2%2Fmedia&parent=17510"}],"wp:term":[{"taxonomy":"category","embeddable":true,"href":"https:\/\/www.visionweb.com.ar\/index.php?rest_route=%2Fwp%2Fv2%2Fcategories&post=17510"},{"taxonomy":"post_tag","embeddable":true,"href":"https:\/\/www.visionweb.com.ar\/index.php?rest_route=%2Fwp%2Fv2%2Ftags&post=17510"}],"curies":[{"name":"wp","href":"https:\/\/api.w.org\/{rel}","templated":true}]}}