{"id":17496,"date":"2025-03-12T15:47:27","date_gmt":"2025-03-12T18:47:27","guid":{"rendered":"https:\/\/www.visionweb.com.ar\/?p=17496"},"modified":"2025-03-12T15:47:27","modified_gmt":"2025-03-12T18:47:27","slug":"ate-anuncio-un-nuevo-paro-nacional-para-el-27","status":"publish","type":"post","link":"https:\/\/www.visionweb.com.ar\/?p=17496","title":{"rendered":"ATE anunci\u00f3 un nuevo paro nacional para el 27"},"content":{"rendered":"<p><em><strong>\u201cEl empleo p\u00fablico est\u00e1 en emergencia\u201d. El paro ser\u00e1 con movilizaci\u00f3n al Ministerio de Desregulaci\u00f3n y Transformaci\u00f3n del Estado.<\/strong><\/em><!--more--><\/p>\n<p><strong><img loading=\"lazy\" decoding=\"async\" class=\"size-medium wp-image-13653 alignright\" src=\"https:\/\/www.visionweb.com.ar\/wp-content\/uploads\/2024\/02\/Paro-de-ATE-300x152.png\" alt=\"\" width=\"300\" height=\"152\" srcset=\"https:\/\/www.visionweb.com.ar\/wp-content\/uploads\/2024\/02\/Paro-de-ATE-300x152.png 300w, https:\/\/www.visionweb.com.ar\/wp-content\/uploads\/2024\/02\/Paro-de-ATE.png 575w\" sizes=\"auto, (max-width: 300px) 100vw, 300px\" \/>\u00a0\u00a0\u00a0 L<\/strong>a <strong>Asociaci\u00f3n Trabajadores del Estado (ATE)<\/strong> defini\u00f3 nuevas medidas de fuerza para marzo por votaci\u00f3n un\u00e1nime en un Plenario Federal de Delegados, entre las cuales\u00a0<strong>se incluye marchar nuevamente junto a los jubilados al Congreso este mi\u00e9rcoles y un Paro Nacional el 27 de marzo\u00a0<\/strong>con movilizaci\u00f3n al Ministerio de Desregulaci\u00f3n y Transformaci\u00f3n del Estado.<\/p>\n<p>En primer lugar, el sindicato ratific\u00f3 la\u00a0<strong>Jornada Nacional de Lucha para movilizar junto a los jubilados este mi\u00e9rcoles<\/strong>, al igual que lo viene haciendo todos los mi\u00e9rcoles desde el a\u00f1o pasado. En este caso, la concentraci\u00f3n ser\u00e1 en el anexo del Congreso, a las 16.\u00a0<strong>Los trabajadores de la salud instalar\u00e1n una carpa con una posta de salud por 72 horas frente al Congreso<\/strong>, en reclamo por el preocupante desmantelamiento del sector.<\/p>\n<p>\u201cMacri empez\u00f3 a perder cuando se meti\u00f3 con los jubilados. Ma\u00f1ana Milei empieza a perder. Los jubilados con Menem tambi\u00e9n fueron punta de lanza. No tenemos tiempo. El empleo p\u00fablico est\u00e1 en emergencia. No solo se trata de defender cada uno de los puestos de trabajo, sino tambi\u00e9n todas las pol\u00edticas p\u00fablicas\u201d,<strong> indic\u00f3 Rodolfo Aguiar, Secretario General de ATE Nacional.<\/strong><\/p>\n<p>El anuncio llega en medio de los nuevos despidos y los reclamos salariales:<strong> \u201cEl empleo p\u00fablico est\u00e1 en emergencia. No s\u00f3lo se trata de defender cada uno de los puestos de trabajo sino tambi\u00e9n todas las pol\u00edticas p\u00fablicas\u201d, indic\u00f3 Aguiar.\u00a0<\/strong><\/p>\n<p>Y advirti\u00f3:<strong> \u201cNo habr\u00e1 una derrota pol\u00edtica de Milei en las urnas si antes no somos capaces de derrotar al Gobierno en las calles\u201d.<\/strong><\/p>\n<p>Las medidas se reflejar\u00e1n tambi\u00e9n el<strong> 24 de marzo, D\u00eda de la Memoria, por la Verdad y la Justicia. <\/strong><strong>(VW)<\/strong><\/p>\n","protected":false},"excerpt":{"rendered":"<p>\u201cEl empleo p\u00fablico est\u00e1 en emergencia\u201d. El paro ser\u00e1 con movilizaci\u00f3n al Ministerio de Desregulaci\u00f3n y Transformaci\u00f3n del Estado.<\/p>\n","protected":false},"author":4,"featured_media":13653,"comment_status":"closed","ping_status":"closed","sticky":false,"template":"","format":"standard","meta":{"_monsterinsights_skip_tracking":false,"_monsterinsights_sitenote_active":false,"_monsterinsights_sitenote_note":"","_monsterinsights_sitenote_category":0,"footnotes":""},"categories":[4,5],"tags":[7454,2719,7453],"class_list":["post-17496","post","type-post","status-publish","format-standard","has-post-thumbnail","hentry","category-politica","category-sociedad","tag-aguiar","tag-ate","tag-paro-27-de-marzo"],"_links":{"self":[{"href":"https:\/\/www.visionweb.com.ar\/index.php?rest_route=\/wp\/v2\/posts\/17496","targetHints":{"allow":["GET"]}}],"collection":[{"href":"https:\/\/www.visionweb.com.ar\/index.php?rest_route=\/wp\/v2\/posts"}],"about":[{"href":"https:\/\/www.visionweb.com.ar\/index.php?rest_route=\/wp\/v2\/types\/post"}],"author":[{"embeddable":true,"href":"https:\/\/www.visionweb.com.ar\/index.php?rest_route=\/wp\/v2\/users\/4"}],"replies":[{"embeddable":true,"href":"https:\/\/www.visionweb.com.ar\/index.php?rest_route=%2Fwp%2Fv2%2Fcomments&post=17496"}],"version-history":[{"count":1,"href":"https:\/\/www.visionweb.com.ar\/index.php?rest_route=\/wp\/v2\/posts\/17496\/revisions"}],"predecessor-version":[{"id":17497,"href":"https:\/\/www.visionweb.com.ar\/index.php?rest_route=\/wp\/v2\/posts\/17496\/revisions\/17497"}],"wp:featuredmedia":[{"embeddable":true,"href":"https:\/\/www.visionweb.com.ar\/index.php?rest_route=\/wp\/v2\/media\/13653"}],"wp:attachment":[{"href":"https:\/\/www.visionweb.com.ar\/index.php?rest_route=%2Fwp%2Fv2%2Fmedia&parent=17496"}],"wp:term":[{"taxonomy":"category","embeddable":true,"href":"https:\/\/www.visionweb.com.ar\/index.php?rest_route=%2Fwp%2Fv2%2Fcategories&post=17496"},{"taxonomy":"post_tag","embeddable":true,"href":"https:\/\/www.visionweb.com.ar\/index.php?rest_route=%2Fwp%2Fv2%2Ftags&post=17496"}],"curies":[{"name":"wp","href":"https:\/\/api.w.org\/{rel}","templated":true}]}}