{"id":17490,"date":"2025-03-12T09:06:46","date_gmt":"2025-03-12T12:06:46","guid":{"rendered":"https:\/\/www.visionweb.com.ar\/?p=17490"},"modified":"2025-03-12T09:06:46","modified_gmt":"2025-03-12T12:06:46","slug":"julian-alvarez-encabezo-la-apertura-del-periodo-legislativo-2025","status":"publish","type":"post","link":"https:\/\/www.visionweb.com.ar\/?p=17490","title":{"rendered":"Juli\u00e1n \u00c1lvarez encabez\u00f3 la Apertura del Per\u00edodo Legislativo 2025"},"content":{"rendered":"<p><em><strong>En su presentaci\u00f3n, el Intendente repas\u00f3 las acciones que se concretaron a lo largo de 2024, al tiempo que tambi\u00e9n realiz\u00f3 algunos anuncios, como la creaci\u00f3n del anillo digital.<\/strong><\/em><!--more--><\/p>\n<div id=\"attachment_17491\" style=\"width: 310px\" class=\"wp-caption alignright\"><img loading=\"lazy\" decoding=\"async\" aria-describedby=\"caption-attachment-17491\" class=\"wp-image-17491 size-medium\" src=\"https:\/\/www.visionweb.com.ar\/wp-content\/uploads\/2025\/03\/APERTURA-300x200.jpg\" alt=\"\" width=\"300\" height=\"200\" srcset=\"https:\/\/www.visionweb.com.ar\/wp-content\/uploads\/2025\/03\/APERTURA-300x200.jpg 300w, https:\/\/www.visionweb.com.ar\/wp-content\/uploads\/2025\/03\/APERTURA.jpg 640w\" sizes=\"auto, (max-width: 300px) 100vw, 300px\" \/><p id=\"caption-attachment-17491\" class=\"wp-caption-text\">El intendente Juli\u00e1n \u00c1lvarez abre las sesiones ordinarias para el periodo 2025 (Imagen: Prensa Lan\u00fas)<\/p><\/div>\n<p>El intendente de Lan\u00fas\u00a0<strong>Juli\u00e1n \u00c1lvarez<\/strong>\u00a0encabez\u00f3 la Apertura del Per\u00edodo Legislativo 2025 del Honorable Concejo Deliberante de Lan\u00fas, en el Teatro Carlos Gardel, de Valent\u00edn Alsina, con la presencia de concejales, integrantes del gabinete municipal, representantes de las instituciones, vecinos y vecinas del distrito.<\/p>\n<p>Durante la jornada, el intendente hizo referencia a los hitos de gesti\u00f3n alcanzados, cu\u00e1les se est\u00e1n transitando y, finalmente, aquellas metas planificadas a futuro, en pos de lograr la total realizaci\u00f3n del Plan de Gobierno 2023-2027 que se present\u00f3 en el inicio de sesiones del a\u00f1o pasado. Los ejes centrales de la exposici\u00f3n fueron:\u00a0<strong>Seguridad, Salud, Servicios P\u00fablicos, Plan de Obras y Vida de Barrio.<\/strong><\/p>\n<p>\u201cEstamos frente a un Gobierno Nacional inhumano, que efectiviza miles de despidos, deja a los jubilados sin sus remedios, pulveriza el salario, destruye la industria, entrega los recursos de nuestra Argentina\u201d,\u00a0afirm\u00f3 \u00c1lvarez.<\/p>\n<p>\u201cLe pedimos ayuda a la Provincia de Buenos Aires, que sabiendo de sus condiciones y de las nuestras, se comprometi\u00f3 a sostener obras por 12 mil millones de pesos en Lan\u00fas. Nos prometieron el 10% de nuestro presupuesto, al d\u00eda de hoy nos dieron solo el 1%\u201d, agreg\u00f3 el intendente.<\/p>\n<p><strong>LOS 5 EJES<\/strong><\/p>\n<div id=\"attachment_17492\" style=\"width: 310px\" class=\"wp-caption alignleft\"><img loading=\"lazy\" decoding=\"async\" aria-describedby=\"caption-attachment-17492\" class=\"wp-image-17492 size-medium\" src=\"https:\/\/www.visionweb.com.ar\/wp-content\/uploads\/2025\/03\/apertura-dos-300x200.jpg\" alt=\"\" width=\"300\" height=\"200\" srcset=\"https:\/\/www.visionweb.com.ar\/wp-content\/uploads\/2025\/03\/apertura-dos-300x200.jpg 300w, https:\/\/www.visionweb.com.ar\/wp-content\/uploads\/2025\/03\/apertura-dos.jpg 640w\" sizes=\"auto, (max-width: 300px) 100vw, 300px\" \/><p id=\"caption-attachment-17492\" class=\"wp-caption-text\">Invitados especiales y concejales siguen atentamente mente la exposici\u00f3n del Intendente Alvarez (Imagen: Prensa Lan\u00fas)<\/p><\/div>\n<p>En cuanto al eje de\u00a0<strong>Seguridad<\/strong>, el intendente recalc\u00f3: \u00abTriplicamos el patrullaje. Pasamos de tener 30 veh\u00edculos a 106, 15 motos a 28, 200 agentes en calle a 385\u201d.<\/p>\n<p><strong>\u201cYa creamos una Nueva Base Policial en Remedios de Escalada y pr\u00f3ximamente inauguraremos un nuevo Centro de Monitoreo en el Parque Central Las Colonias\u201d, sostuvo \u00c1lvarez.\u00a0<\/strong><\/p>\n<p>En ese sentido,\u00c1varez explic\u00f3 que: \u00abNuestra ciudad contar\u00e1 con un anillo digital integrado por 40 dispositivos lectores de patentes y 10 p\u00f3rticos\u201d.<\/p>\n<p>Asimismo, anticip\u00f3 tambi\u00e9n que en los pr\u00f3ximos meses contaremos con 300 nuevas alarmas vecinales y lanzaremos la aplicaci\u00f3n Lan\u00fas Segura.<\/p>\n<p><strong>Salud<\/strong><\/p>\n<p>Sobre el eje\u00a0<strong>Salud<\/strong>, \u00c1lvarez asegur\u00f3: \u00abTriplicamos la cantidad de ambulancias, incorporamos 3 nuevas bases operativas, lanzamos el Programa de Telemedicina y modernizamos nuestra central telef\u00f3nica. Todo esto nos permiti\u00f3 reducir en un 70% los tiempos de arribo\u201d.<\/p>\n<p>Adem\u00e1s el Jefe comunal record\u00f3 que: \u00abIncorporamos 25 pediatras y cumplimos con el compromiso de atenci\u00f3n pedi\u00e1trica en todas nuestras Unidades Sanitarias\u201d.<\/p>\n<p><strong>Servicios P\u00fablicos<\/strong><\/p>\n<p>En relaci\u00f3n al eje de\u00a0<strong>Servicios P\u00fablicos<\/strong>, \u00c1lvarez remarc\u00f3: \u00abAlcanzamos el 100% de cobertura en el barrido urbano, incorporando 400 trabajadores y trabajadoras. Que nos permiti\u00f3 sumar nuevos esquemas: el doble turno en Centros Comerciales y el refuerzo de fines de semana.\u00bb<\/p>\n<p>\u201cDuplicamos las cuadrillas municipales abocadas al corte de pasto y a la poda sanitaria. En 2024 quintuplicamos las intervenciones realizadas en el 2023\u201d, argument\u00f3.<\/p>\n<p>Con respecto al eje\u00a0<strong>Plan Municipal de Obras<\/strong>, \u00c1lvarez explic\u00f3: \u201cEn junio de este a\u00f1o, a 12 meses de haber puesto en funcionamiento la Planta Asf\u00e1ltica Municipal, habremos pavimentado 360 cuadras completas y realizado m\u00e1s de 1.000 intervenciones de bacheo\u201d.<\/p>\n<p>Respecto de las acciones en materia de espacios p\u00fablicos el titular del Ejecutivo de Lan\u00fas record\u00f3 que se\u00a0 cre\u00f3 <strong>el Parque Las Colonias, el Distrito La Ribera<\/strong> y este a\u00f1o se inaugurar\u00e1n tres nuevos Parques Municipales\u201d.<\/p>\n<p>En materia de infraestructura \u00c4lvarez coment\u00f3 que: \u201cComenzamos la puesta en valor de la Estaci\u00f3n Lan\u00fas. Esta obra incluye el recambio de los refugios urbanos, la reparaci\u00f3n de las veredas, nueva luminarias y equipamiento urbano y nuevas c\u00e1maras de video vigilancia\u201d, afirm\u00f3 \u00c1lvarez.<\/p>\n<p><strong>Vida de Barrio<\/strong><\/p>\n<p>Acerca del eje\u00a0<strong>Vida de Barrio<\/strong>, el intendente enumer\u00f3 una serie de programas con una fuerte impronta social y cultural:\u00a0\u00abMientras el Gobierno Nacional esconde los alimentos nosotros garantizamos el derecho a la alimentaci\u00f3n para m\u00e1s de 23 mil vecinos y vecinas. Y tambi\u00e9n la prestaci\u00f3n del Servicio Alimentario Escolar con 77.594 cupos diarios\u201d.<\/p>\n<p>\u00abAcompa\u00f1ar a las instituciones de nuestros barrios es primordial, por eso lanzamos el Programa Clubes en Marcha alcanzando a 172 clubes y otorgamos subsidios mensuales a 87 centros de jubilados y pensionados\u201d, cerr\u00f3 el Intendente.<strong>(VW)<\/strong><\/p>\n<p>&nbsp;<\/p>\n","protected":false},"excerpt":{"rendered":"<p>En su presentaci\u00f3n, el Intendente repas\u00f3 las acciones que se concretaron a lo largo de 2024, al tiempo que tambi\u00e9n realiz\u00f3 algunos anuncios, como la creaci\u00f3n del anillo digital.<\/p>\n","protected":false},"author":3,"featured_media":17491,"comment_status":"closed","ping_status":"closed","sticky":false,"template":"","format":"standard","meta":{"_monsterinsights_skip_tracking":false,"_monsterinsights_sitenote_active":false,"_monsterinsights_sitenote_note":"","_monsterinsights_sitenote_category":0,"footnotes":""},"categories":[4],"tags":[1150,679,4183,470],"class_list":["post-17490","post","type-post","status-publish","format-standard","has-post-thumbnail","hentry","category-politica","tag-alvarez","tag-anuncios","tag-cd","tag-sesiones"],"_links":{"self":[{"href":"https:\/\/www.visionweb.com.ar\/index.php?rest_route=\/wp\/v2\/posts\/17490","targetHints":{"allow":["GET"]}}],"collection":[{"href":"https:\/\/www.visionweb.com.ar\/index.php?rest_route=\/wp\/v2\/posts"}],"about":[{"href":"https:\/\/www.visionweb.com.ar\/index.php?rest_route=\/wp\/v2\/types\/post"}],"author":[{"embeddable":true,"href":"https:\/\/www.visionweb.com.ar\/index.php?rest_route=\/wp\/v2\/users\/3"}],"replies":[{"embeddable":true,"href":"https:\/\/www.visionweb.com.ar\/index.php?rest_route=%2Fwp%2Fv2%2Fcomments&post=17490"}],"version-history":[{"count":1,"href":"https:\/\/www.visionweb.com.ar\/index.php?rest_route=\/wp\/v2\/posts\/17490\/revisions"}],"predecessor-version":[{"id":17493,"href":"https:\/\/www.visionweb.com.ar\/index.php?rest_route=\/wp\/v2\/posts\/17490\/revisions\/17493"}],"wp:featuredmedia":[{"embeddable":true,"href":"https:\/\/www.visionweb.com.ar\/index.php?rest_route=\/wp\/v2\/media\/17491"}],"wp:attachment":[{"href":"https:\/\/www.visionweb.com.ar\/index.php?rest_route=%2Fwp%2Fv2%2Fmedia&parent=17490"}],"wp:term":[{"taxonomy":"category","embeddable":true,"href":"https:\/\/www.visionweb.com.ar\/index.php?rest_route=%2Fwp%2Fv2%2Fcategories&post=17490"},{"taxonomy":"post_tag","embeddable":true,"href":"https:\/\/www.visionweb.com.ar\/index.php?rest_route=%2Fwp%2Fv2%2Ftags&post=17490"}],"curies":[{"name":"wp","href":"https:\/\/api.w.org\/{rel}","templated":true}]}}