{"id":17485,"date":"2025-03-11T12:41:02","date_gmt":"2025-03-11T15:41:02","guid":{"rendered":"https:\/\/www.visionweb.com.ar\/?p=17485"},"modified":"2025-03-11T12:41:02","modified_gmt":"2025-03-11T15:41:02","slug":"en-defensa-de-la-educacion-se-confirmo-el-paro-nacional-docente-para-este-jueves","status":"publish","type":"post","link":"https:\/\/www.visionweb.com.ar\/?p=17485","title":{"rendered":"\u00abEn defensa de la educaci\u00f3n\u00bb: Se confirm\u00f3 el paro nacional docente para este jueves"},"content":{"rendered":"<p><em><strong>Ctera har\u00e1 paro nacional el pr\u00f3ximo jueves 13 de marzo,\u00a0afectar\u00e1 a todos los establecimientos p\u00fablicos que adhieran a la jornada de lucha.\u00a0Incluir\u00e1 movilizaciones, actos, radios abiertas y otras acciones en todo el pa\u00eds.<\/strong><\/em><!--more--><\/p>\n<p><strong><img loading=\"lazy\" decoding=\"async\" class=\"size-medium wp-image-17319 alignright\" src=\"https:\/\/www.visionweb.com.ar\/wp-content\/uploads\/2025\/02\/Ctera-docentes-300x142.png\" alt=\"\" width=\"300\" height=\"142\" srcset=\"https:\/\/www.visionweb.com.ar\/wp-content\/uploads\/2025\/02\/Ctera-docentes-300x142.png 300w, https:\/\/www.visionweb.com.ar\/wp-content\/uploads\/2025\/02\/Ctera-docentes-520x245.png 520w, https:\/\/www.visionweb.com.ar\/wp-content\/uploads\/2025\/02\/Ctera-docentes.png 654w\" sizes=\"auto, (max-width: 300px) 100vw, 300px\" \/>\u00a0 \u00a0 \u00a0L<\/strong>a Confederaci\u00f3n de Trabajadores de la Educaci\u00f3n de la Rep\u00fablica Argentina (<strong>CTERA<\/strong>) confirm\u00f3 hoy un nuevo paro docente enmarcado en un plan de lucha para\u00a0<strong>\u201cdefender la educaci\u00f3n p\u00fablica y los derechos de las y los trabajadores de la educaci\u00f3n\u201d<\/strong>\u00a0y reclamar por aumentos salariales.<\/p>\n<p>El gremio hab\u00eda anunciado un paro tambi\u00e9n para el inicio de las clases, el 5 de marzo, pero se suspendi\u00f3 y reprogram\u00f3 para una nueva fecha.<\/p>\n<p>\u201cEl congreso de CTERA ha decidido\u00a0<strong>impulsar acciones en todo el pa\u00eds para exigir la urgente convocatoria a la paritaria nacional docente,<\/strong>\u00a0la ley de financiamiento educativo, la restituci\u00f3n y actualizaci\u00f3n del Fondo de Incentivo Docente (FONID) y conectividad\u201d, detallaron en el comunicado oficial.<\/p>\n<p>Tambi\u00e9n exigir\u00e1n un aumento de las Becas Progresar que se entregan a estudiantes de todos los niveles, para impulsar la continuidad y finalizaci\u00f3n de sus estudios con una ayuda econ\u00f3mica.<\/p>\n<p>El paro docente est\u00e1 previsto para el jueves 13 de marzo y\u00a0<strong>afectar\u00e1 a todos los establecimientos p\u00fablicos que adhieran a la jornada de lucha.\u00a0<\/strong>El paro nacional docente incluir\u00e1 movilizaciones, actos, radios abiertas y otras acciones en todo el pa\u00eds. <strong>(VW)<\/strong><\/p>\n<p>&nbsp;<\/p>\n","protected":false},"excerpt":{"rendered":"<p>Ctera har\u00e1 paro nacional el pr\u00f3ximo jueves 13 de marzo,\u00a0afectar\u00e1 a todos los establecimientos p\u00fablicos que adhieran a la jornada de lucha.\u00a0Incluir\u00e1 movilizaciones, actos, radios abiertas y otras acciones en todo el pa\u00eds.<\/p>\n","protected":false},"author":4,"featured_media":17319,"comment_status":"closed","ping_status":"closed","sticky":false,"template":"","format":"standard","meta":{"_monsterinsights_skip_tracking":false,"_monsterinsights_sitenote_active":false,"_monsterinsights_sitenote_note":"","_monsterinsights_sitenote_category":0,"footnotes":""},"categories":[4,5],"tags":[2871,7451,7365],"class_list":["post-17485","post","type-post","status-publish","format-standard","has-post-thumbnail","hentry","category-politica","category-sociedad","tag-ctera","tag-jueves-13-marzo","tag-paro-docente"],"_links":{"self":[{"href":"https:\/\/www.visionweb.com.ar\/index.php?rest_route=\/wp\/v2\/posts\/17485","targetHints":{"allow":["GET"]}}],"collection":[{"href":"https:\/\/www.visionweb.com.ar\/index.php?rest_route=\/wp\/v2\/posts"}],"about":[{"href":"https:\/\/www.visionweb.com.ar\/index.php?rest_route=\/wp\/v2\/types\/post"}],"author":[{"embeddable":true,"href":"https:\/\/www.visionweb.com.ar\/index.php?rest_route=\/wp\/v2\/users\/4"}],"replies":[{"embeddable":true,"href":"https:\/\/www.visionweb.com.ar\/index.php?rest_route=%2Fwp%2Fv2%2Fcomments&post=17485"}],"version-history":[{"count":1,"href":"https:\/\/www.visionweb.com.ar\/index.php?rest_route=\/wp\/v2\/posts\/17485\/revisions"}],"predecessor-version":[{"id":17486,"href":"https:\/\/www.visionweb.com.ar\/index.php?rest_route=\/wp\/v2\/posts\/17485\/revisions\/17486"}],"wp:featuredmedia":[{"embeddable":true,"href":"https:\/\/www.visionweb.com.ar\/index.php?rest_route=\/wp\/v2\/media\/17319"}],"wp:attachment":[{"href":"https:\/\/www.visionweb.com.ar\/index.php?rest_route=%2Fwp%2Fv2%2Fmedia&parent=17485"}],"wp:term":[{"taxonomy":"category","embeddable":true,"href":"https:\/\/www.visionweb.com.ar\/index.php?rest_route=%2Fwp%2Fv2%2Fcategories&post=17485"},{"taxonomy":"post_tag","embeddable":true,"href":"https:\/\/www.visionweb.com.ar\/index.php?rest_route=%2Fwp%2Fv2%2Ftags&post=17485"}],"curies":[{"name":"wp","href":"https:\/\/api.w.org\/{rel}","templated":true}]}}