{"id":17482,"date":"2025-03-11T12:30:21","date_gmt":"2025-03-11T15:30:21","guid":{"rendered":"https:\/\/www.visionweb.com.ar\/?p=17482"},"modified":"2025-03-11T12:30:21","modified_gmt":"2025-03-11T15:30:21","slug":"nacion-analiza-disponer-ayudas-directas-a-los-afectados","status":"publish","type":"post","link":"https:\/\/www.visionweb.com.ar\/?p=17482","title":{"rendered":"Naci\u00f3n analiza disponer ayudas directas a los afectados"},"content":{"rendered":"<p><em><strong>La ministra Patricia Bullrich dijo que Econom\u00eda estudia la posibilidad de darle cr\u00e9ditos con alg\u00fan tipo de subsidio a las familias y privados. En la ciudad ya funcionan la recolecci\u00f3n de residuos, el transporte p\u00fablico y tiene luz el 70% de los usuarios.<\/strong><\/em><!--more--><\/p>\n<p><strong>\u00a0 <img loading=\"lazy\" decoding=\"async\" class=\"size-medium wp-image-17483 alignright\" src=\"https:\/\/www.visionweb.com.ar\/wp-content\/uploads\/2025\/03\/bahia-blanca2-300x189.png\" alt=\"\" width=\"300\" height=\"189\" srcset=\"https:\/\/www.visionweb.com.ar\/wp-content\/uploads\/2025\/03\/bahia-blanca2-300x189.png 300w, https:\/\/www.visionweb.com.ar\/wp-content\/uploads\/2025\/03\/bahia-blanca2.png 478w\" sizes=\"auto, (max-width: 300px) 100vw, 300px\" \/>\u00a0 \u00a0E<\/strong>l <strong>Gobierno nacional\u00a0<\/strong>adelant\u00f3 este martes que analiza la posibilidad de<strong>\u00a0otorgar ayudas directas a los afectados<\/strong>\u00a0por la inundaci\u00f3n, as\u00ed lo asegur\u00f3 la ministra de Seguridad, Patricia Bullrich, quien dijo que est\u00e1n trabajando \u201cla idea de\u00a0<strong>ayuda a privados y a las familias<\/strong>. Queremos pensar\u00a0<strong>ayuda directa<\/strong>\u00a0para que la gente pueda recomponer su vida, es la tarea\u201d.<\/p>\n<p>La funcionaria nacional cont\u00f3 que est\u00e1 coordinando el tema con el ministro de Econom\u00eda, Luis Caputo, quien hace pocas horas confirm\u00f3 el\u00a0<strong>env\u00edo de $10 mil millones<\/strong>\u00a0para atender lo m\u00e1s urgente.<\/p>\n<p>\u201cTenemos que mirar los montos, porque todos son en general cr\u00e9ditos que tienen un subsidio, as\u00ed que estuvimos habl\u00e1ndolo, y ahora eso es tambi\u00e9n lo que pide hoy la gente con los que tuvimos posibilidad de hablar, ya que cuando ve que tiene todo destruido por m\u00e1s que ponga el colch\u00f3n a secar hay que empezar de cero\u201d, agreg\u00f3 Bullrich en di\u00e1logo con A 24.<\/p>\n<p>Tambi\u00e9n dijo que la idea tambi\u00e9n es brindar capital de trabajo a las personas que perdieron sus negocios a causa del agua.<\/p>\n<p>D\u00edas atr\u00e1s, el intendente de Bah\u00eda Blanca,\u00a0<strong>Federico Susbielles<\/strong>, indic\u00f3 que de acuerdo a las primeras estimaciones\u00a0<strong>ser\u00e1n necesarios \u201cm\u00e1s de 400 mil millones de pesos\u201d<\/strong>\u00a0para reconstruir la ciudad tras el temporal que dej\u00f3 \u201cda\u00f1os infinitos\u201d. Y consider\u00f3: \u201cTenemos que trabajar l\u00edneas de financiamiento internacional, la ciudad ha tenido dos golpes muy importantes\u201d, en relaci\u00f3n tambi\u00e9n al temporal que sufri\u00f3 la ciudad en diciembre de 2023.<\/p>\n<p>El estado de la ciudad hoy:<\/p>\n<p>Mientras tanto, la ciudad bonaerense intenta salir adelante y comienza a normalizar algunos servicios, como la recolecci\u00f3n de residuos y el transporte p\u00fablico. Adem\u00e1s, m\u00e1s del 70% de los usuarios ya tienen luz.<\/p>\n<p>Desde este martes, las empresas de colectivos vuelven a prestar servicio, aunque ser\u00e1 de manera acotada porque hay muchas calles destruidas tras el violento paso del agua. As\u00ed, las l\u00edneas de colectivos tendr\u00e1n recorridos cambiados y horarios de domingo, funcionar\u00e1n entre las 6 de la ma\u00f1ana y las 21. <strong>(VW)<\/strong><\/p>\n","protected":false},"excerpt":{"rendered":"<p>La ministra Patricia Bullrich dijo que Econom\u00eda estudia la posibilidad de darle cr\u00e9ditos con alg\u00fan tipo de subsidio a las familias y privados. En la ciudad ya funcionan la recolecci\u00f3n de residuos, el transporte&#46;&#46;&#46;<\/p>\n","protected":false},"author":4,"featured_media":17483,"comment_status":"closed","ping_status":"closed","sticky":false,"template":"","format":"standard","meta":{"_monsterinsights_skip_tracking":false,"_monsterinsights_sitenote_active":false,"_monsterinsights_sitenote_note":"","_monsterinsights_sitenote_category":0,"footnotes":""},"categories":[4,5],"tags":[1861,504,7450],"class_list":["post-17482","post","type-post","status-publish","format-standard","has-post-thumbnail","hentry","category-politica","category-sociedad","tag-bahia-blanca","tag-bullrich","tag-nacion-subsidios-y-creditos"],"_links":{"self":[{"href":"https:\/\/www.visionweb.com.ar\/index.php?rest_route=\/wp\/v2\/posts\/17482","targetHints":{"allow":["GET"]}}],"collection":[{"href":"https:\/\/www.visionweb.com.ar\/index.php?rest_route=\/wp\/v2\/posts"}],"about":[{"href":"https:\/\/www.visionweb.com.ar\/index.php?rest_route=\/wp\/v2\/types\/post"}],"author":[{"embeddable":true,"href":"https:\/\/www.visionweb.com.ar\/index.php?rest_route=\/wp\/v2\/users\/4"}],"replies":[{"embeddable":true,"href":"https:\/\/www.visionweb.com.ar\/index.php?rest_route=%2Fwp%2Fv2%2Fcomments&post=17482"}],"version-history":[{"count":1,"href":"https:\/\/www.visionweb.com.ar\/index.php?rest_route=\/wp\/v2\/posts\/17482\/revisions"}],"predecessor-version":[{"id":17484,"href":"https:\/\/www.visionweb.com.ar\/index.php?rest_route=\/wp\/v2\/posts\/17482\/revisions\/17484"}],"wp:featuredmedia":[{"embeddable":true,"href":"https:\/\/www.visionweb.com.ar\/index.php?rest_route=\/wp\/v2\/media\/17483"}],"wp:attachment":[{"href":"https:\/\/www.visionweb.com.ar\/index.php?rest_route=%2Fwp%2Fv2%2Fmedia&parent=17482"}],"wp:term":[{"taxonomy":"category","embeddable":true,"href":"https:\/\/www.visionweb.com.ar\/index.php?rest_route=%2Fwp%2Fv2%2Fcategories&post=17482"},{"taxonomy":"post_tag","embeddable":true,"href":"https:\/\/www.visionweb.com.ar\/index.php?rest_route=%2Fwp%2Fv2%2Ftags&post=17482"}],"curies":[{"name":"wp","href":"https:\/\/api.w.org\/{rel}","templated":true}]}}