{"id":17474,"date":"2025-03-10T09:00:45","date_gmt":"2025-03-10T12:00:45","guid":{"rendered":"https:\/\/www.visionweb.com.ar\/?p=17474"},"modified":"2025-03-10T09:00:45","modified_gmt":"2025-03-10T12:00:45","slug":"los-tarifazos-aplicados-por-las-pre-pagas-son-inconstitucionales","status":"publish","type":"post","link":"https:\/\/www.visionweb.com.ar\/?p=17474","title":{"rendered":"Los tarifazos aplicados por las pre pagas son inconstitucionales"},"content":{"rendered":"<p><strong><em>La causa se inici\u00f3 a partir de la acci\u00f3n de amparo interpuesta por un afiliado \u00a0para que se declare la inconstitucionalidad de los\u00a0art\u00edculos 267 y 269 del decreto 70\/23.<\/em><\/strong><!--more--><\/p>\n<p><img loading=\"lazy\" decoding=\"async\" class=\"size-medium wp-image-39 alignright\" src=\"https:\/\/www.visionweb.com.ar\/wp-content\/uploads\/2020\/07\/SOCIEDAD-MEDICOS-SALUD-300x150.png\" alt=\"\" width=\"300\" height=\"150\" srcset=\"https:\/\/www.visionweb.com.ar\/wp-content\/uploads\/2020\/07\/SOCIEDAD-MEDICOS-SALUD-300x150.png 300w, https:\/\/www.visionweb.com.ar\/wp-content\/uploads\/2020\/07\/SOCIEDAD-MEDICOS-SALUD.png 640w\" sizes=\"auto, (max-width: 300px) 100vw, 300px\" \/>La Justicia determin\u00f3 que son\u00a0<strong>inconstitucionales<\/strong>\u00a0los tarifazos aplicados por las prepagas el a\u00f1o pasado que provocaron trastornos a millones de familias.<\/p>\n<p>La<strong>\u00a0C\u00e1mara Federal de La Plata<\/strong>\u00a0hizo lugar a una acci\u00f3n de amparo contra las prepagas\u00a0<strong>YPF Obra Social y OSDE y<\/strong>, declar\u00f3 la inconstitucionalidad de dos art\u00edculos del DNU 70\/23 y orden\u00f3 a las empresas limitar los aumentos seg\u00fan el \u00edndice de IPC.<\/p>\n<p>El tribunal dijo que \u201cen un intento por armonizar los derechos individuales y responsabilidades sociales en juego, corresponde, en el presente caso, ordenar a la prepaga demandada que\u00a0<strong>limite los aumentos al porcentaje arrojado por el \u00cdndice de Precios al Consumidor (IPC)\u00a0<\/strong>de forma acumulativa respecto del \u00faltimo valor de cuota fijado por la Autoridad de Aplicaci\u00f3n\u201d.<\/p>\n<p>La causa se inici\u00f3 a partir de la acci\u00f3n de amparo interpuesta por un afiliado \u00a0para que se declare la inconstitucionalidad de los\u00a0<strong>art\u00edculos 267 y 269 del decreto 70\/23.<\/strong><\/p>\n<p>El afiliado pidi\u00f3 que se\u00a0<strong>dejen sin efecto<\/strong>\u00a0los aumentos realizados en las cuotas por los servicios de salud prestados por las demandadas, y se disponga el reintegro de los cobros indebidamente efectuados.<\/p>\n<p>La acci\u00f3n fue interpuesta al argumentar que \u201cla no aplicaci\u00f3n de la Resoluci\u00f3n 2577\/2022 del Ministerio de Salud de la Naci\u00f3n, devino en un injustificado incremento del 78% en la\u00a0<strong>cuota de medicina prepaga\u201d.<\/strong><\/p>\n<p>Mediante el decreto impugnado,\u00a0<strong>se desregul\u00f3 un servicio esencial excediendo en forma arbitraria e ileg\u00edtima<\/strong>\u00a0las facultades previstas en el art\u00edculo 99 inciso 3 de la Constituci\u00f3n Nacional, fundament\u00f3 su presentaci\u00f3n.<\/p>\n<p>El 29 de julio de 2024, el juez de primera instancia dict\u00f3 sentencia, y resolvi\u00f3 rechazar la acci\u00f3n de amparo interpuesta por el afiliado. Pero\u00a0<strong>ahora la C\u00e1mara revoc\u00f3 la sentencia.<\/strong><\/p>\n<p class=\"wp-block-heading\"><strong>El fallo<\/strong><\/p>\n<p>En el fallo, el tribunal sostuvo que\u00a0<strong>\u201cla supresi\u00f3n de las potestades asignadas<\/strong>\u00a0por medio de la ley 26.682 a la Autoridad de Aplicaci\u00f3n establecida por aquella, en modo alguno puede ser ejercitada a trav\u00e9s de un decreto presidencial\u201d.<\/p>\n<p>\u201cEl avance sobre el \u00e1mbito competencial propio del Congreso exige un fundamento serio y verificable.\u00a0<strong>La necesidad y la urgencia no pueden estar dadas por evitar el debate<\/strong>, ni por sortear la oposici\u00f3n de las c\u00e1maras legislativas ni por la necesidad de dar golpes de efecto\u201d, advirti\u00f3 la C\u00e1mara<\/p>\n<p>El Tribunal remarc\u00f3 que\u00a0<strong>\u201cla situaci\u00f3n de emergencia del sistema de salud no surge suficientemente fundamentada<\/strong>\u00a0en el decreto cuestionado ni tampoco ha sido probada en la presente causa.\u201d<\/p>\n<p>\u201cEn consecuencia, corresponde al Ministerio de Salud de la Naci\u00f3n, Autoridad de Aplicaci\u00f3n designada por ley 26.682, en los t\u00e9rminos all\u00ed prescriptos, autorizar y revisar los valores de las cuotas que propusieron los sujetos comprendidos en el art\u00edculo 1 de esa norma, quedando sin efecto aquellos aumentos fijados por las demandadas a partir del mes de enero de 2024\u201d, indic\u00f3.<\/p>\n<p>El fallo record\u00f3 que la Superintendencia de Servicios de Salud inst\u00f3 ante la Justicia Federal de la Ciudad de Buenos Aires una demanda cuestionando los aumentos operados por las empresas de medicina prepaga.<\/p>\n<p>En el marco de esa causa se arrib\u00f3 a un acuerdo entre el Estado Nacional y las empresas demandadas, por el cual\u00a0<strong>se convino la devoluci\u00f3n de las sumas cobradas por encima del IPC a partir de diciembre de 2023.<\/strong><\/p>\n<p>Finalmente, en virtud del convenio arribado en la causa judicial \u2013expediente CCF 9610\/2024-, la Secretar\u00eda de Industria y Comercio dej\u00f3 sin efecto las resoluciones dictadas.<\/p>\n<p>Los camaristas Jorge Eduardo Di Lorenzo y C\u00e9sar \u00c1lvarez impusieron los gastos del juicio a las prepagas demandadas.<strong>(VW)<\/strong><\/p>\n","protected":false},"excerpt":{"rendered":"<p>La causa se inici\u00f3 a partir de la acci\u00f3n de amparo interpuesta por un afiliado \u00a0para que se declare la inconstitucionalidad de los\u00a0art\u00edculos 267 y 269 del decreto 70\/23.<\/p>\n","protected":false},"author":3,"featured_media":39,"comment_status":"closed","ping_status":"closed","sticky":false,"template":"","format":"standard","meta":{"_monsterinsights_skip_tracking":false,"_monsterinsights_sitenote_active":false,"_monsterinsights_sitenote_note":"","_monsterinsights_sitenote_category":0,"footnotes":""},"categories":[3],"tags":[4424,7445,7446],"class_list":["post-17474","post","type-post","status-publish","format-standard","has-post-thumbnail","hentry","category-actualidad","tag-obras-sociales","tag-prepoagas","tag-trarifazos"],"_links":{"self":[{"href":"https:\/\/www.visionweb.com.ar\/index.php?rest_route=\/wp\/v2\/posts\/17474","targetHints":{"allow":["GET"]}}],"collection":[{"href":"https:\/\/www.visionweb.com.ar\/index.php?rest_route=\/wp\/v2\/posts"}],"about":[{"href":"https:\/\/www.visionweb.com.ar\/index.php?rest_route=\/wp\/v2\/types\/post"}],"author":[{"embeddable":true,"href":"https:\/\/www.visionweb.com.ar\/index.php?rest_route=\/wp\/v2\/users\/3"}],"replies":[{"embeddable":true,"href":"https:\/\/www.visionweb.com.ar\/index.php?rest_route=%2Fwp%2Fv2%2Fcomments&post=17474"}],"version-history":[{"count":1,"href":"https:\/\/www.visionweb.com.ar\/index.php?rest_route=\/wp\/v2\/posts\/17474\/revisions"}],"predecessor-version":[{"id":17475,"href":"https:\/\/www.visionweb.com.ar\/index.php?rest_route=\/wp\/v2\/posts\/17474\/revisions\/17475"}],"wp:featuredmedia":[{"embeddable":true,"href":"https:\/\/www.visionweb.com.ar\/index.php?rest_route=\/wp\/v2\/media\/39"}],"wp:attachment":[{"href":"https:\/\/www.visionweb.com.ar\/index.php?rest_route=%2Fwp%2Fv2%2Fmedia&parent=17474"}],"wp:term":[{"taxonomy":"category","embeddable":true,"href":"https:\/\/www.visionweb.com.ar\/index.php?rest_route=%2Fwp%2Fv2%2Fcategories&post=17474"},{"taxonomy":"post_tag","embeddable":true,"href":"https:\/\/www.visionweb.com.ar\/index.php?rest_route=%2Fwp%2Fv2%2Ftags&post=17474"}],"curies":[{"name":"wp","href":"https:\/\/api.w.org\/{rel}","templated":true}]}}