{"id":17460,"date":"2025-03-07T10:31:44","date_gmt":"2025-03-07T13:31:44","guid":{"rendered":"https:\/\/www.visionweb.com.ar\/?p=17460"},"modified":"2025-03-07T10:31:44","modified_gmt":"2025-03-07T13:31:44","slug":"el-gobierno-cierra-el-instituto-nacional-del-cancer","status":"publish","type":"post","link":"https:\/\/www.visionweb.com.ar\/?p=17460","title":{"rendered":"El Gobierno cierra el Instituto Nacional del Cancer"},"content":{"rendered":"<p><strong><em>Sus funciones ser\u00e1n absorbidas por el Ministerio de Salud. Oficialmente, se inform\u00f3 que la medida se implement\u00f3 tras detectar compras ineficientes y estructuras duplicadas. Una exfunciuoinaria hab\u00eda denunciado vaciamiento hace unos d\u00edas.<\/em><\/strong><!--more--><\/p>\n<p><img loading=\"lazy\" decoding=\"async\" class=\"size-medium wp-image-17461 alignright\" src=\"https:\/\/www.visionweb.com.ar\/wp-content\/uploads\/2025\/03\/INC-300x167.png\" alt=\"\" width=\"300\" height=\"167\" srcset=\"https:\/\/www.visionweb.com.ar\/wp-content\/uploads\/2025\/03\/INC-300x167.png 300w, https:\/\/www.visionweb.com.ar\/wp-content\/uploads\/2025\/03\/INC.png 640w\" sizes=\"auto, (max-width: 300px) 100vw, 300px\" \/>A punto de cumplirse 15 a\u00f1os del anuncio de su creaci\u00f3n,<strong>\u00a0el Instituto Nacional del C\u00e1ncer (INC) dejar\u00e1 de existir<\/strong>, seg\u00fan anunci\u00f3 el Ministerio de Salud este jueves.<\/p>\n<p>\u201cEl Ministerio de Salud ha tomado la decisi\u00f3n de<strong>\u00a0centralizar las funciones del INC<\/strong> para eliminar la duplicidad de tareas, tener un mayor control de las acciones y cumplir con sus funciones de una manera m\u00e1s eficiente, manteniendo y garantizando programas, acceso a medicamentos y tratamientos\u201d, anunci\u00f3\u00a0 el Gobierno.<\/p>\n<p>\u201cTras una serie de relevamientos sobre su funcionamiento, se detectaron problemas log\u00edsticos, con entrega de medicamentos al borde de su vencimiento,\u00a0<strong>compras ineficientes y programas y estructuras duplicadas<\/strong>\u201d, enumeraron desde la cartera sanitaria.<\/p>\n<p>El cambio quedar\u00eda plasmado en\u00a0<strong>un nuevo decreto que prepara el Gobierno para reducir la estructura del Estado<\/strong>\u00a0\u2013y que alcanzar\u00eda a todos los ministerios\u2013 incluir\u00e1 lo que en la cartera sanitaria definen como la \u201ccentralizaci\u00f3n\u201d de tareas del INC en una de las secretar\u00edas de esa dependencia.<\/p>\n<p>\u201cEs importante dejar en claro que esta medida no afectar\u00e1 la continuidad de ninguno de los programas \u2013escribi\u00f3 en X el titular de Salud, Mario Lugones\u2013.\u00a0<strong>Solo tiene como objetivo corregir los problemas encontrados<\/strong>. En el marco del reordenamiento del sistema de salud que estamos impulsando consideramos que es necesario normalizar el funcionamiento del INC, por eso avanzamos con esta integraci\u00f3n de funciones\u201d, racalcaron desde la cartera nacional.<\/p>\n<p>El anuncio ocurre\u00a0<strong>una semana despu\u00e9s de que se viralizara un mensaje en redes sociales de la responsable del Programa Nacional de Cuidados Paliativos\u00a0<\/strong>en el que denunci\u00f3 que el Ministerio de Salud lo hab\u00eda desmantelado.<\/p>\n<p>Por ley, entre sus funciones se hab\u00eda incluido la de garantizar el acceso a trav\u00e9s del Banco Nacional de Drogas a los analg\u00e9sicos opioides (metadona y morfina) para el alivio del dolor de los pacientes oncol\u00f3gicos con cobertura p\u00fablica y estaba a cargo de comprar esas drogas de uso controlado.<\/p>\n<p>Salud sali\u00f3 a cruzar esa denuncia: responsabiliz\u00f3 a la m\u00e9dica Mariana Pechenik, autora del mensaje, de haber comprado opioides de manera \u201csobredimensionada\u201d y que terminaron venci\u00e9ndose sin distribuir a los hospitales del pa\u00eds. Eran 400.000 comprimidos de morfina que deb\u00edan utilizarse antes del 31 de julio del a\u00f1o pasado. El INC los habr\u00eda adquirido entre 2022 y 2023<strong>(VW)<\/strong><\/p>\n","protected":false},"excerpt":{"rendered":"<p>Sus funciones ser\u00e1n absorbidas por el Ministerio de Salud. Oficialmente, se inform\u00f3 que la medida se implement\u00f3 tras detectar compras ineficientes y estructuras duplicadas. Una exfunciuoinaria hab\u00eda denunciado vaciamiento hace unos d\u00edas.<\/p>\n","protected":false},"author":3,"featured_media":17461,"comment_status":"closed","ping_status":"closed","sticky":false,"template":"","format":"standard","meta":{"_monsterinsights_skip_tracking":false,"_monsterinsights_sitenote_active":false,"_monsterinsights_sitenote_note":"","_monsterinsights_sitenote_category":0,"footnotes":""},"categories":[4,5],"tags":[714,7443,7442,521],"class_list":["post-17460","post","type-post","status-publish","format-standard","has-post-thumbnail","hentry","category-politica","category-sociedad","tag-cierre","tag-funciones","tag-inc","tag-reemplazo"],"_links":{"self":[{"href":"https:\/\/www.visionweb.com.ar\/index.php?rest_route=\/wp\/v2\/posts\/17460","targetHints":{"allow":["GET"]}}],"collection":[{"href":"https:\/\/www.visionweb.com.ar\/index.php?rest_route=\/wp\/v2\/posts"}],"about":[{"href":"https:\/\/www.visionweb.com.ar\/index.php?rest_route=\/wp\/v2\/types\/post"}],"author":[{"embeddable":true,"href":"https:\/\/www.visionweb.com.ar\/index.php?rest_route=\/wp\/v2\/users\/3"}],"replies":[{"embeddable":true,"href":"https:\/\/www.visionweb.com.ar\/index.php?rest_route=%2Fwp%2Fv2%2Fcomments&post=17460"}],"version-history":[{"count":1,"href":"https:\/\/www.visionweb.com.ar\/index.php?rest_route=\/wp\/v2\/posts\/17460\/revisions"}],"predecessor-version":[{"id":17462,"href":"https:\/\/www.visionweb.com.ar\/index.php?rest_route=\/wp\/v2\/posts\/17460\/revisions\/17462"}],"wp:featuredmedia":[{"embeddable":true,"href":"https:\/\/www.visionweb.com.ar\/index.php?rest_route=\/wp\/v2\/media\/17461"}],"wp:attachment":[{"href":"https:\/\/www.visionweb.com.ar\/index.php?rest_route=%2Fwp%2Fv2%2Fmedia&parent=17460"}],"wp:term":[{"taxonomy":"category","embeddable":true,"href":"https:\/\/www.visionweb.com.ar\/index.php?rest_route=%2Fwp%2Fv2%2Fcategories&post=17460"},{"taxonomy":"post_tag","embeddable":true,"href":"https:\/\/www.visionweb.com.ar\/index.php?rest_route=%2Fwp%2Fv2%2Ftags&post=17460"}],"curies":[{"name":"wp","href":"https:\/\/api.w.org\/{rel}","templated":true}]}}