{"id":17457,"date":"2025-03-07T10:17:51","date_gmt":"2025-03-07T13:17:51","guid":{"rendered":"https:\/\/www.visionweb.com.ar\/?p=17457"},"modified":"2025-03-07T10:17:51","modified_gmt":"2025-03-07T13:17:51","slug":"lijo-no-renuncia-y-el-gobierno-no-retira-su-pliego","status":"publish","type":"post","link":"https:\/\/www.visionweb.com.ar\/?p=17457","title":{"rendered":"Lijo no renuncia y el gobierno no retira su pliego"},"content":{"rendered":"<p><em><strong>Lijo tiene 54 a\u00f1os y un juzgado a cargo en los tribunales federales porte\u00f1os, adem\u00e1s de subrogar otro, que correspondi\u00f3 a Sergio Torres, actualmente en la Suprema Corte Bonaerense.<\/strong><\/em><!--more--><\/p>\n<p><strong><img loading=\"lazy\" decoding=\"async\" class=\"size-medium wp-image-8795 alignright\" src=\"https:\/\/www.visionweb.com.ar\/wp-content\/uploads\/2022\/12\/TRIBUNALES-300x122.png\" alt=\"\" width=\"300\" height=\"122\" srcset=\"https:\/\/www.visionweb.com.ar\/wp-content\/uploads\/2022\/12\/TRIBUNALES-300x122.png 300w, https:\/\/www.visionweb.com.ar\/wp-content\/uploads\/2022\/12\/TRIBUNALES.png 640w\" sizes=\"auto, (max-width: 300px) 100vw, 300px\" \/>La designaci\u00f3n de Ariel Lijo como ministro de la Corte Suprema entr\u00f3 en un cono de dudas\u00a0<\/strong>luego de que hoy la Corte le rechazara la licencia que le hab\u00eda otorgado la C\u00e1mara de Casaci\u00f3n:\u00a0mientras el magistrado no estar\u00eda dispuesto a facilitar a renuncia a su Juzgado en Comodoro Py para facilitar el tr\u00e1mite de jura, mientras que el ejecutivo no retirar\u00eda su pliego del Senado, lo que podr\u00eda derivar en un rechazo por parte de la oposici\u00f3n.<\/p>\n<p>E<strong>l gobierno hizo trascender a trav\u00e9s de algunos medios nacionales -Clar\u00edn, La Naci\u00f3n- su sorpresa y disgusto\u00a0<\/strong>por el rechazo a la licencia que vot\u00f3 hoy la Corte, un movimiento que implic\u00f3 que el alto tribunal no le tomara juramento a Lijo. El tribunal avanz\u00f3 con una acordada a la que se pleg\u00f3 Maniel Garc\u00eda Mansilla, el magistrado que fue nombrado por decreto pero s\u00ed logr\u00f3 que la Corte le tome juramento, porque no tiene otro cargo en la justicia.<\/p>\n<p><strong>\u201cNo va a renunciar\u201d, le atribuyen a haber dicho a Lijo\u00a0<\/strong>en una nota de Clar\u00edn firmada por Luc\u00eda Salinas. \u201cHacerlo implicar\u00eda abandonar un despacho que ocupa hace m\u00e1s de veinte a\u00f1os y que, a diferencia de la designaci\u00f3n a comisi\u00f3n del Gobierno, le proporciona estabilidad\u201d a\u00f1adieron fuentes ligadas al magistrado al mismo diario.<\/p>\n<p>Lijo tiene 54 a\u00f1os y un juzgado a cargo en los tribunales federales porte\u00f1os, adem\u00e1s de subrogar otro, que correspondi\u00f3 a Sergio Torres, actualmente en la Suprema Corte Bonaerense.\u00a0<strong>Con 19 a\u00f1os de judicatura por delante, la renuncia sin tener asegurado un lugar en la Corte ser\u00eda un movimiento peligrosol<\/strong>: el nombramiento \u201cen comisi\u00f3n\u201d por decreto es v\u00e1lido solo hasta que termine las sesiones ordinarias del Congreso en noviembre.<\/p>\n<p>En ese marco, la oposici\u00f3n trabaja para lograr en los pr\u00f3ximos d\u00edas (p\u00f3dr\u00eda ser el 11 de marzo) una sesi\u00f3n en la que lleve al recinto el pliego del magistrado: s<strong>i el oficialismo no logra los dos tercios de los votos (o sus opositores re\u00fanen un tercio) el nombramiento quedar\u00e1 definitivamente trunco.\u00a0<\/strong>En el Ejecutivo parecen p<strong>referir el riesgo<\/strong>\u00a0de una derrota: conf\u00edan en tener el n\u00famero.<\/p>\n<p>La envestida del Kirchnermo y otras fuerzas de la oposici\u00f3n no se detendr\u00eda en Lijo, adem\u00e1s:\u00a0<strong>buscar\u00edan rechazar el pliego de Garc\u00eda Mansilla tambi\u00e9n.<\/strong><\/p>\n<p>El Gobierno ya trabaja en la estrategia parlamentaria para resistir. En el Instituto Patria creen que podr\u00e1n cerrar filas con la mayor\u00eda de sus senadores, a\u00fan reconociendo que hay discrepancias internas y algunos s\u00ed acompa\u00f1ar\u00e1n a Lijo. El principal objetivo es\u00a0<strong>abroquelar a su propia tropa y alcanzar el quorum gracias a otros sectores de la oposici\u00f3n.<\/strong><\/p>\n<p>En el kirchnerismo se ilusionan con los votos negativos de los radicales Pablo Blanco, Mart\u00edn Lousteau y Carolina Losada, los amarillos Luis Juez, Carmen \u00c1lvarez Rivero y Alfredo De Angeli, el formose\u00f1o Francisco Paoltroni, ac\u00e9rrimo opositor a Lijo, y hasta conf\u00edan en el apoyo de la cordobesa Alejandra Vigo.<\/p>\n<p>En contrapartida, en el Gobierno pretenden quebrar esa eventual convergencia, retomando las\u00a0<strong>negociaciones con gobernadores<\/strong> y otros aliados e instando a que no jueguen en t\u00e1ndem con Uni\u00f3n por la Patria. En paralelo, funcionarios aseguran que Lijo pudo entablar s\u00f3lidos v\u00ednculos con senadores y hasta con mandatarios provinciales, con lo cual dan por sentado que \u201cse garantizar\u00e1 sus propios votos\u201d en el Senado.<strong>(vw)<\/strong><\/p>\n","protected":false},"excerpt":{"rendered":"<p>Lijo tiene 54 a\u00f1os y un juzgado a cargo en los tribunales federales porte\u00f1os, adem\u00e1s de subrogar otro, que correspondi\u00f3 a Sergio Torres, actualmente en la Suprema Corte Bonaerense.<\/p>\n","protected":false},"author":3,"featured_media":4356,"comment_status":"closed","ping_status":"closed","sticky":false,"template":"","format":"standard","meta":{"_monsterinsights_skip_tracking":false,"_monsterinsights_sitenote_active":false,"_monsterinsights_sitenote_note":"","_monsterinsights_sitenote_category":0,"footnotes":""},"categories":[4],"tags":[4666,3659,6073],"class_list":["post-17457","post","type-post","status-publish","format-standard","has-post-thumbnail","hentry","category-politica","tag-corte","tag-jueces","tag-lijo"],"_links":{"self":[{"href":"https:\/\/www.visionweb.com.ar\/index.php?rest_route=\/wp\/v2\/posts\/17457","targetHints":{"allow":["GET"]}}],"collection":[{"href":"https:\/\/www.visionweb.com.ar\/index.php?rest_route=\/wp\/v2\/posts"}],"about":[{"href":"https:\/\/www.visionweb.com.ar\/index.php?rest_route=\/wp\/v2\/types\/post"}],"author":[{"embeddable":true,"href":"https:\/\/www.visionweb.com.ar\/index.php?rest_route=\/wp\/v2\/users\/3"}],"replies":[{"embeddable":true,"href":"https:\/\/www.visionweb.com.ar\/index.php?rest_route=%2Fwp%2Fv2%2Fcomments&post=17457"}],"version-history":[{"count":1,"href":"https:\/\/www.visionweb.com.ar\/index.php?rest_route=\/wp\/v2\/posts\/17457\/revisions"}],"predecessor-version":[{"id":17459,"href":"https:\/\/www.visionweb.com.ar\/index.php?rest_route=\/wp\/v2\/posts\/17457\/revisions\/17459"}],"wp:featuredmedia":[{"embeddable":true,"href":"https:\/\/www.visionweb.com.ar\/index.php?rest_route=\/wp\/v2\/media\/4356"}],"wp:attachment":[{"href":"https:\/\/www.visionweb.com.ar\/index.php?rest_route=%2Fwp%2Fv2%2Fmedia&parent=17457"}],"wp:term":[{"taxonomy":"category","embeddable":true,"href":"https:\/\/www.visionweb.com.ar\/index.php?rest_route=%2Fwp%2Fv2%2Fcategories&post=17457"},{"taxonomy":"post_tag","embeddable":true,"href":"https:\/\/www.visionweb.com.ar\/index.php?rest_route=%2Fwp%2Fv2%2Ftags&post=17457"}],"curies":[{"name":"wp","href":"https:\/\/api.w.org\/{rel}","templated":true}]}}