{"id":17454,"date":"2025-03-07T10:04:54","date_gmt":"2025-03-07T13:04:54","guid":{"rendered":"https:\/\/www.visionweb.com.ar\/?p=17454"},"modified":"2025-03-07T10:04:54","modified_gmt":"2025-03-07T13:04:54","slug":"es-oficial-no-habra-paso-el-gobierno-promulgo-la-suspension-de-las-paso-el-juicio-por-ausencia-y-los-cambios-en-la-reiterancia","status":"publish","type":"post","link":"https:\/\/www.visionweb.com.ar\/?p=17454","title":{"rendered":"Es oficial no habr\u00e1 PASO: El Gobierno promulg\u00f3 la suspensi\u00f3n de las PASO, el juicio por ausencia, y los cambios en la reiterancia"},"content":{"rendered":"<p><em><strong>Milei promulg\u00f3 los proyectos de suspensi\u00f3n de las PASO, de habilitaci\u00f3n del juicio en ausencia y de modificaci\u00f3n del r\u00e9gimen de reiterancia. La suspensi\u00f3n de las PASO es para este a\u00f1o, a nivel nacional.<\/strong><\/em><!--more--><\/p>\n<p><strong> <img loading=\"lazy\" decoding=\"async\" class=\"size-medium wp-image-11425 alignright\" src=\"https:\/\/www.visionweb.com.ar\/wp-content\/uploads\/2023\/08\/ELECCIONES-PASO-300x169.png\" alt=\"\" width=\"300\" height=\"169\" srcset=\"https:\/\/www.visionweb.com.ar\/wp-content\/uploads\/2023\/08\/ELECCIONES-PASO-300x169.png 300w, https:\/\/www.visionweb.com.ar\/wp-content\/uploads\/2023\/08\/ELECCIONES-PASO.png 640w\" sizes=\"auto, (max-width: 300px) 100vw, 300px\" \/>\u00a0\u00a0\u00a0\u00a0\u00a0 E<\/strong>l<strong> Gobierno formaliz\u00f3 este viernes la suspensi\u00f3n de las Primarias, Abiertas, Simult\u00e1neas y Obligatorias (PASO) a nivel nacional<\/strong>\u00a0para las\u00a0elecciones 2025, con la publicaci\u00f3n en el\u00a0<a href=\"https:\/\/www.boletinoficial.gob.ar\/detalleAviso\/primera\/322209\/20250307\">Bolet\u00edn Oficial<\/a>\u00a0de la\u00a0Ley 27.783.<\/p>\n<p>La medida hab\u00eda sido sancionada por el Congreso el pasado 20 de febrero y, tras completar su tr\u00e1mite legislativo, qued\u00f3 promulgada con las firmas de\u00a0Bartolom\u00e9 Abdala, presidente provisional del Senado;\u00a0Mart\u00edn Menem, presidente de la C\u00e1mara de Diputados;\u00a0Agust\u00edn Wenceslao Giustinian, secretario parlamentario del Senado; y\u00a0Adri\u00e1n Pag\u00e1n, secretario parlamentario de Diputados.<\/p>\n<p>Con esta decisi\u00f3n,\u00a0<strong>no se celebrar\u00e1n elecciones primarias nacionales para definir candidaturas<\/strong>\u00a0en 2025.<\/p>\n<p>De esta manera, los <strong>partidos pol\u00edticos deber\u00e1n determinar sus postulantes<\/strong> mediante mecanismos internos sin la intervenci\u00f3n del electorado general.<\/p>\n<p>La medida tambi\u00e9n podr\u00eda generar cambios en la estrategia electoral de las distintas coaliciones, dado que\u00a0no se contar\u00e1 con una instancia previa para medir fuerzas ni para consolidar liderazgos antes de la elecci\u00f3n general.<\/p>\n<p>Otras resoluciones:<\/p>\n<p>Se modific\u00f3 el\u00a0<strong>C\u00f3digo Procesal Penal<\/strong>, incorporando el juicio en ausencia en casos espec\u00edficos. La promulgaci\u00f3n se realiz\u00f3 mediante el\u00a0<strong>Decreto 172\/2025<\/strong>, luego de que el\u00a0<strong>Congreso\u00a0<\/strong>aprobara la iniciativa con\u00a0<strong>147 votos afirmativos, 68 rechazos y 9 abstenciones<\/strong>.<\/p>\n<p>El nuevo r\u00e9gimen establece que los juicios en ausencia podr\u00e1n realizarse solo si el imputado fue declarado\u00a0<strong>rebelde<\/strong>, es decir, que haya evitado comparecer ante la\u00a0<strong>Justicia\u00a0<\/strong>pese a haber sido notificado formalmente. Seg\u00fan el\u00a0Art\u00edculo 431 qu\u00e1ter, para que el proceso se lleve a cabo sin la presencia del acusado, deben cumplirse ciertas condiciones.<\/p>\n<p>En esta l\u00ednea, las pautas que deber\u00e1 cumplir el proceso es que el imputado cono\u00a0<strong>el proceso en su contra<\/strong>\u00a0y, aun as\u00ed, decida no comparecer, que la Justicia haya realizado\u00a0<strong>intentos razonables<\/strong>\u00a0para ubicarlo sin \u00e9xito, que hayan pasado\u00a0<strong>cuatro meses<\/strong>\u00a0desde la emisi\u00f3n de una orden de captura nacional o internacional sin resultados y que la\u00a0<strong>extradici\u00f3n<\/strong>\u00a0solicitada por\u00a0<strong>Argentina\u00a0<\/strong>haya sido rechazada o no respondida dentro del plazo legal.<\/p>\n<p>El decreto tambi\u00e9n especifica que el juicio en ausencia podr\u00e1 aplicarse en\u00a0<strong>delitos de lesa humanidad<\/strong>, terrorismo y cr\u00edmenes establecidos en el\u00a0<strong>Estatuto de Roma<\/strong>\u00a0y otras convenciones internacionales.<\/p>\n<p>Por otra parte, se incluy\u00f3 un mecanismo para la\u00a0<strong>presentaci\u00f3n ulterior del imputado<\/strong>. Si un condenado en ausencia se presenta luego del juicio, podr\u00e1 solicitar la\u00a0<strong>revisi\u00f3n del fallo<\/strong>\u00a0en un plazo de\u00a0<strong>diez d\u00edas<\/strong>, siempre que pueda demostrar que desconoc\u00eda el proceso o que no compareci\u00f3 por un\u00a0<strong>impedimento leg\u00edtimo<\/strong>.<\/p>\n<p>El tercer proyecto promulgado por\u00a0<strong>Milei\u00a0<\/strong>introduce\u00a0<strong>modificaciones en el C\u00f3digo Penal<\/strong>\u00a0vinculadas a la reincidencia y acumulaci\u00f3n de penas. A trav\u00e9s del\u00a0<strong>Decreto 173\/2025<\/strong>, se oficializ\u00f3 la\u00a0<strong>Ley 27785<\/strong>, que fue sancionada por el\u00a0<strong>Congreso\u00a0<\/strong>con el objetivo de endurecer el tratamiento de los delitos cometidos por reincidentes.<\/p>\n<p>Entre los cambios m\u00e1s relevantes, el\u00a0<strong>Art\u00edculo 50<\/strong>\u00a0establece que se considerar\u00e1\u00a0<strong>reincidente<\/strong>\u00a0a toda persona que haya sido condenada\u00a0<strong>dos o m\u00e1s veces<\/strong>\u00a0a una pena privativa de libertad, siempre que la primera sentencia se encuentre firme. Adem\u00e1s, se incorpora la posibilidad de considerar las\u00a0<strong>condenas dictadas en el extranjero<\/strong>\u00a0para definir la reincidencia.<\/p>\n<p>Otro punto clave es la diferenciaci\u00f3n entre\u00a0<strong>reincidencia y reiterancia<\/strong>. Actualmente, un juez eval\u00faa la posibilidad de conceder la libertad condicional o prisi\u00f3n preventiva con base en el\u00a0<strong>riesgo de fuga o entorpecimiento de la causa<\/strong>, pero ahora deber\u00e1\u00a0<strong>incluir en su an\u00e1lisis las condenas previas del imputado<\/strong>.<\/p>\n<p>Asimismo, el\u00a0<strong>Art\u00edculo 58<\/strong>\u00a0fue modificado para permitir que, cuando existan m\u00faltiples sentencias firmes por distintos delitos, el\u00a0<strong>juez que haya impuesto la pena mayor<\/strong>\u00a0unifique los fallos sin alterar la calificaci\u00f3n de los hechos.<strong> (VW)<\/strong><\/p>\n","protected":false},"excerpt":{"rendered":"<p>Milei promulg\u00f3 los proyectos de suspensi\u00f3n de las PASO, de habilitaci\u00f3n del juicio en ausencia y de modificaci\u00f3n del r\u00e9gimen de reiterancia. La suspensi\u00f3n de las PASO es para este a\u00f1o, a nivel nacional.<\/p>\n","protected":false},"author":4,"featured_media":11425,"comment_status":"closed","ping_status":"closed","sticky":false,"template":"","format":"standard","meta":{"_monsterinsights_skip_tracking":false,"_monsterinsights_sitenote_active":false,"_monsterinsights_sitenote_note":"","_monsterinsights_sitenote_category":0,"footnotes":""},"categories":[4],"tags":[7362,6342,7441],"class_list":["post-17454","post","type-post","status-publish","format-standard","has-post-thumbnail","hentry","category-politica","tag-ley-de-reiterancia","tag-promulgados","tag-suspension-paso"],"_links":{"self":[{"href":"https:\/\/www.visionweb.com.ar\/index.php?rest_route=\/wp\/v2\/posts\/17454","targetHints":{"allow":["GET"]}}],"collection":[{"href":"https:\/\/www.visionweb.com.ar\/index.php?rest_route=\/wp\/v2\/posts"}],"about":[{"href":"https:\/\/www.visionweb.com.ar\/index.php?rest_route=\/wp\/v2\/types\/post"}],"author":[{"embeddable":true,"href":"https:\/\/www.visionweb.com.ar\/index.php?rest_route=\/wp\/v2\/users\/4"}],"replies":[{"embeddable":true,"href":"https:\/\/www.visionweb.com.ar\/index.php?rest_route=%2Fwp%2Fv2%2Fcomments&post=17454"}],"version-history":[{"count":1,"href":"https:\/\/www.visionweb.com.ar\/index.php?rest_route=\/wp\/v2\/posts\/17454\/revisions"}],"predecessor-version":[{"id":17455,"href":"https:\/\/www.visionweb.com.ar\/index.php?rest_route=\/wp\/v2\/posts\/17454\/revisions\/17455"}],"wp:featuredmedia":[{"embeddable":true,"href":"https:\/\/www.visionweb.com.ar\/index.php?rest_route=\/wp\/v2\/media\/11425"}],"wp:attachment":[{"href":"https:\/\/www.visionweb.com.ar\/index.php?rest_route=%2Fwp%2Fv2%2Fmedia&parent=17454"}],"wp:term":[{"taxonomy":"category","embeddable":true,"href":"https:\/\/www.visionweb.com.ar\/index.php?rest_route=%2Fwp%2Fv2%2Fcategories&post=17454"},{"taxonomy":"post_tag","embeddable":true,"href":"https:\/\/www.visionweb.com.ar\/index.php?rest_route=%2Fwp%2Fv2%2Ftags&post=17454"}],"curies":[{"name":"wp","href":"https:\/\/api.w.org\/{rel}","templated":true}]}}