{"id":17448,"date":"2025-03-06T14:20:49","date_gmt":"2025-03-06T17:20:49","guid":{"rendered":"https:\/\/www.visionweb.com.ar\/?p=17448"},"modified":"2025-03-06T14:20:49","modified_gmt":"2025-03-06T17:20:49","slug":"lilita-carrio-confirmo-su-candidatura-a-diputados-por-la-provincia","status":"publish","type":"post","link":"https:\/\/www.visionweb.com.ar\/?p=17448","title":{"rendered":"Lilita Carri\u00f3 confirm\u00f3 su candidatura a Diputados por la Provincia"},"content":{"rendered":"<p><em><strong>Vuelve Carri\u00f3. Anunci\u00f3 su candidatura a la C\u00e1mara de Diputados por la provincia de Buenos Aires.\u00a0\u201cQuiero estar en el Congreso por si viene una crisis\u201d, dijo.<\/strong><\/em><!--more--><\/p>\n<p><img loading=\"lazy\" decoding=\"async\" class=\"size-medium wp-image-17449 alignright\" src=\"https:\/\/www.visionweb.com.ar\/wp-content\/uploads\/2025\/03\/Lilita-carrio-300x179.png\" alt=\"\" width=\"300\" height=\"179\" srcset=\"https:\/\/www.visionweb.com.ar\/wp-content\/uploads\/2025\/03\/Lilita-carrio-300x179.png 300w, https:\/\/www.visionweb.com.ar\/wp-content\/uploads\/2025\/03\/Lilita-carrio.png 349w\" sizes=\"auto, (max-width: 300px) 100vw, 300px\" \/>\u00a0\u00a0 <strong>L<\/strong>a ex legisladora y l\u00edder pol\u00edtica de la\u00a0<strong>Coalici\u00f3n C\u00edvica<\/strong>,\u00a0<strong>Elisa Carri\u00f3<\/strong>, anunci\u00f3 que volver\u00e1 a competir por una banca en la\u00a0<strong>C\u00e1mara de Diputados\u00a0<\/strong>por la\u00a0<strong>provincia de Buenos Aires\u00a0<\/strong>en las elecciones legislativas de este 2025, en una entrevista televisiva.<\/p>\n<p>\u201cEs importante que la\u00a0<strong>Coalici\u00f3n C\u00edvica<\/strong>\u00a0ocupe bancas en el\u00a0<strong>Congreso<\/strong>.\u00a0<strong>Yo voy a ser candidata por la provincia de Buenos Aires por si viene una crisis<\/strong>, y viendo la geopol\u00edtica, no estamos tan lejos\u201d, declar\u00f3\u00a0<strong>Carri\u00f3\u00a0<\/strong>en una entrevista que brind\u00f3 a pocas semanas de la criptoestafa $Libra.<\/p>\n<p>Es preciso mencionar que,\u00a0<strong>Lilita Carri\u00f3\u00a0<\/strong>ya tuvo una banca en la\u00a0<strong>C\u00e1mara de Diputados de la Naci\u00f3n<\/strong>\u00a0en tres per\u00edodos distintos, y hab\u00eda tomado distancia de la pol\u00edtica en 2020. Sin embargo, la m\u00e1xima l\u00edder de la\u00a0<strong>Coalici\u00f3n C\u00edvica\u00a0<\/strong>consider\u00f3 <strong>necesario su regreso en el contexto<\/strong> que aqueja a la\u00a0<strong>Argentina<\/strong>.<\/p>\n<p>En ese sentido, la exlegisladora adelant\u00f3 que la\u00a0<strong>Coalici\u00f3n C\u00edvica\u00a0<\/strong>apoyar\u00e1 la aprobaci\u00f3n de un nuevo acuerdo con el\u00a0<strong>Fondo Monetario Internacional\u00a0<\/strong>(FMI), aunque sus diputados pondr\u00e1n \u201cciertas condiciones\u201d para votar de manera positiva un endeudamiento m\u00e1s con el organismo internacional.<\/p>\n<p>\u201cVamos a garantizar el acuerdo con el Fondo, con una condici\u00f3n: que no se use para sostener ni planchar el d\u00f3lar\u201d, sostuvo\u00a0<strong>Carri\u00f3<\/strong>.<\/p>\n<p>Tambi\u00e9n ratific\u00f3 su respaldo a la <strong>candidatura de Paula Oliveto\u00a0<\/strong>para la\u00a0<strong>Legislatura porte\u00f1a,<\/strong> \u201cVa mi mejor disc\u00edpula\u201d, afirm\u00f3.<\/p>\n<p>En lo que respecta a su regreso a la contienda electoral,\u00a0<strong>Lilita Carri\u00f3\u00a0<\/strong>destac\u00f3 la relevancia de algunos de los candidatos que competir\u00e1n en la\u00a0<strong>provincia de Buenos Aires<\/strong>, y asegur\u00f3 que se trata de \u201cgente preparada e \u00edntegra\u201d. \u201cEs mi \u00faltimo tren, yo <strong>tengo que ir en la Provincia para acompa\u00f1ar a grandes diputados<\/strong>\u201d, sintetiz\u00f3.<\/p>\n<p>En otro tramo de la entrevista,\u00a0<strong>Lilita Carri\u00f3\u00a0<\/strong>renov\u00f3 sus cr\u00edticas al gobierno de\u00a0<strong>Milei\u00a0<\/strong>y a su hermana,<strong>\u00a0Karina Milei,<\/strong>\u00a0a quienes vincul\u00f3 con el esc\u00e1ndalo de la criptomoneda\u00a0<strong>$LIBRA,\u00a0<\/strong>fue \u201cuna estafa piramidal de la que se beneficiaron integrantes del Ejecutivo\u201d, dijo.<\/p>\n<p>Asimismo,\u00a0<strong>la candidata a diputada nacional<\/strong>\u00a0asegur\u00f3 que posee testimonios que vinculan a\u00a0<strong>La Libertad Avanza<\/strong>\u00a0con presuntas irregularidades en el financiamiento de la campa\u00f1a electoral. \u201cLos actos de corrupci\u00f3n se cometieron en el pedido de dinero. Esto va a salir despu\u00e9s por el exterior\u201d, afirm\u00f3.<\/p>\n<p>Sobre la pol\u00edtica econ\u00f3mica del\u00a0<strong>Gobierno<\/strong>, la dirigente asegur\u00f3 que \u201chay una gran irritabilidad porque la situaci\u00f3n est\u00e1 atada con alambres\u201d, y que el panorama actual es \u201cun festival de dinero\u201d para el sector financiero.<\/p>\n<p>Cabe se\u00f1alar que, las cr\u00edticas de\u00a0<strong>Lilita Carri\u00f3\u00a0<\/strong>al presidente no son nuevas. Hace casi un mes, tras el discurso de\u00a0<strong>Milei\u00a0<\/strong>en el\u00a0<strong>Foro de Davos<\/strong>, la exlegisladora lo acus\u00f3 de incumplir los mandatos de la Constituci\u00f3n Nacional y de adoptar un discurso que, seg\u00fan ella, contradice los principios fundamentales del Estado de Derecho.<\/p>\n<p>Con su regreso a la contienda electoral,\u00a0<strong>Lilita Carri\u00f3\u00a0<\/strong>no solo busca una banca en la\u00a0<strong>C\u00e1mara de Diputados<\/strong>, sino que tambi\u00e9n se vuelve a posicionar como una de las voces m\u00e1s cr\u00edticas al\u00a0<strong>Gobierno\u00a0<\/strong>de\u00a0<strong>Javier Milei<\/strong>, apostando a ser un actor relevante en caso de que el pa\u00eds enfrente una crisis.<\/p>\n<p><strong>El recorrido pol\u00edtico de Lilita Carri\u00f3<\/strong><\/p>\n<p>Es preciso mencionar que, la carrera pol\u00edtica de Lilita Carri\u00f3 comenz\u00f3 con un pedido expreso de su padre,\u00a0<strong>Rolando Carri\u00f3<\/strong>, que supo ser un importante dirigente radical del\u00a0<strong>Chaco<\/strong>. En 1994, el l\u00edder radical le pidi\u00f3 a la ex diputada que se presente como candidata en las elecciones para la\u00a0<strong>Convencional Constituyente<\/strong>, donde la titular de la Coalici\u00f3n C\u00edvica obtuvo su primer cargo electivo.<\/p>\n<p>Luego,\u00a0<strong>Lilita Carri\u00f3\u00a0<\/strong>continu\u00f3 su desempe\u00f1o dentro de la pol\u00edtica present\u00e1ndose como candidata a diputada nacional en 1995 y 1999 por la\u00a0<strong>provincia de Chaco<\/strong>, y en 2005, 2009, 2013 y 2017 por la\u00a0<strong>Ciudad Aut\u00f3noma de Buenos Aires<\/strong>, siendo elegida en todas las oportunidades.<\/p>\n<p>En 2015,\u00a0<strong>Lilita\u00a0<\/strong>fue cofundadora del frente\u00a0<strong>Cambiemos<\/strong>\u200b que llev\u00f3 a\u00a0<strong>Mauricio Macri\u00a0<\/strong>a la Presidencia. Dentro de la alianza de gobierno\u00a0<strong>Juntos por el Cambio<\/strong>,\u00a0<strong>Carri\u00f3\u00a0<\/strong>fue una de las principales dirigentes oficialistas, respaldando las pol\u00edticas de la gesti\u00f3n mientras manten\u00eda su perfil fiscalizador.<\/p>\n<p>Luego de las elecciones de 2023, y anticipando el acercamiento pol\u00edtico del\u00a0<strong>PRO\u00a0<\/strong>a\u00a0<strong>La Libertad Avanza<\/strong>, la\u00a0<strong>Coalici\u00f3n C\u00edvica<\/strong>, liderada por\u00a0<strong>Lilita Carri\u00f3<\/strong>, se apart\u00f3 de la alianza que desemboc\u00f3 en la presidencia de\u00a0<strong>Javier Milei<\/strong> y meses m\u00e1s tarde le puso fin a\u00a0<strong>Juntos por el Cambio<\/strong>. <strong>(VW)<\/strong><\/p>\n","protected":false},"excerpt":{"rendered":"<p>Vuelve Carri\u00f3. Anunci\u00f3 su candidatura a la C\u00e1mara de Diputados por la provincia de Buenos Aires.\u00a0\u201cQuiero estar en el Congreso por si viene una crisis\u201d, dijo.<\/p>\n","protected":false},"author":4,"featured_media":17449,"comment_status":"closed","ping_status":"closed","sticky":false,"template":"","format":"standard","meta":{"_monsterinsights_skip_tracking":false,"_monsterinsights_sitenote_active":false,"_monsterinsights_sitenote_note":"","_monsterinsights_sitenote_category":0,"footnotes":""},"categories":[4],"tags":[6235,7440,751],"class_list":["post-17448","post","type-post","status-publish","format-standard","has-post-thumbnail","hentry","category-politica","tag-diputada","tag-lilita-carrio","tag-provincia-de-buenos-aires"],"_links":{"self":[{"href":"https:\/\/www.visionweb.com.ar\/index.php?rest_route=\/wp\/v2\/posts\/17448","targetHints":{"allow":["GET"]}}],"collection":[{"href":"https:\/\/www.visionweb.com.ar\/index.php?rest_route=\/wp\/v2\/posts"}],"about":[{"href":"https:\/\/www.visionweb.com.ar\/index.php?rest_route=\/wp\/v2\/types\/post"}],"author":[{"embeddable":true,"href":"https:\/\/www.visionweb.com.ar\/index.php?rest_route=\/wp\/v2\/users\/4"}],"replies":[{"embeddable":true,"href":"https:\/\/www.visionweb.com.ar\/index.php?rest_route=%2Fwp%2Fv2%2Fcomments&post=17448"}],"version-history":[{"count":1,"href":"https:\/\/www.visionweb.com.ar\/index.php?rest_route=\/wp\/v2\/posts\/17448\/revisions"}],"predecessor-version":[{"id":17450,"href":"https:\/\/www.visionweb.com.ar\/index.php?rest_route=\/wp\/v2\/posts\/17448\/revisions\/17450"}],"wp:featuredmedia":[{"embeddable":true,"href":"https:\/\/www.visionweb.com.ar\/index.php?rest_route=\/wp\/v2\/media\/17449"}],"wp:attachment":[{"href":"https:\/\/www.visionweb.com.ar\/index.php?rest_route=%2Fwp%2Fv2%2Fmedia&parent=17448"}],"wp:term":[{"taxonomy":"category","embeddable":true,"href":"https:\/\/www.visionweb.com.ar\/index.php?rest_route=%2Fwp%2Fv2%2Fcategories&post=17448"},{"taxonomy":"post_tag","embeddable":true,"href":"https:\/\/www.visionweb.com.ar\/index.php?rest_route=%2Fwp%2Fv2%2Ftags&post=17448"}],"curies":[{"name":"wp","href":"https:\/\/api.w.org\/{rel}","templated":true}]}}