{"id":17446,"date":"2025-03-06T14:05:34","date_gmt":"2025-03-06T17:05:34","guid":{"rendered":"https:\/\/www.visionweb.com.ar\/?p=17446"},"modified":"2025-03-06T14:05:34","modified_gmt":"2025-03-06T17:05:34","slug":"miles-de-usuarios-continuan-sin-luz","status":"publish","type":"post","link":"https:\/\/www.visionweb.com.ar\/?p=17446","title":{"rendered":"Miles de usuarios contin\u00faan sin luz"},"content":{"rendered":"<p><em><strong>M\u00e1s de 9 mil usuarios contin\u00faan sin luz este jueves. De acuerdo a la informaci\u00f3n brindada por las empresas distribuidoras de energ\u00eda,\u00a0a las 12.20 de ayer hab\u00eda 19.766 usuarios de EDESUR sin suministro y otros 8.880 de EDENOR. Hubo una falla t\u00e9cnica en dos l\u00edneas de alta tensi\u00f3n.<\/strong><\/em><!--more--><\/p>\n<p><strong><img loading=\"lazy\" decoding=\"async\" class=\"size-full wp-image-3946 alignright\" src=\"https:\/\/www.visionweb.com.ar\/wp-content\/uploads\/2021\/12\/cortes-luz.bmp\" alt=\"\" width=\"363\" height=\"418\" \/>\u00a0\u00a0\u00a0\u00a0 E<\/strong>l a<strong>pag\u00f3n de ayer afect\u00f3 a 1,5 millones de personas, mientras que unos 9.886 usuarios contin\u00faan sin luz este jueves. <\/strong>El corte tambi\u00e9n dej\u00f3\u00a0sem\u00e1foros,\u00a0subtes\u00a0y\u00a0trenes\u00a0sin funcionar, debido a que hubo<strong> una falla t\u00e9cnica en dos l\u00edneas de alta tensi\u00f3n.<\/strong><\/p>\n<p>Ahora, la falta de suministro se debe principalmente al aumento de la demanda. Tanto<strong> el\u00a0ENRE\u00a0como\u00a0CAMMESA\u00a0esperan un r\u00e9cord que el sistema energ\u00e9tico no podr\u00e1 hacerle frente. <\/strong><\/p>\n<p>Seg\u00fan se indic\u00f3 hoy en la p\u00e1gina del\u00a0<strong>Ente Nacional Regulador de Electricidad (ENRE)<\/strong>, 8.837 usuarios de Edesur y 1.049 de Edenor segu\u00edan sin tener suministro el\u00e9ctrico, mientras que trascendi\u00f3 que el barrio porte\u00f1o de Retiro se produjo un nuevo corte y por eso<strong>\u00a0el servicio de trenes de la L\u00ednea Mitre estaba limitado<\/strong>, aunque luego de m\u00e1s de\u00a0<strong>dos horas y media de interrupci\u00f3n<\/strong>, la l\u00ednea\u00a0<strong>Mitre restableci\u00f3 su servicio completo en todos sus ramales<\/strong>, aunque persisten\u00a0<strong>demoras y cancelaciones<\/strong>.<\/p>\n<p>Adem\u00e1s, se indic\u00f3 que\u00a0<strong>el ramal Tigre circulaba hasta Barrancas, mientras que los ramales Su\u00e1rez y Bartolom\u00e9 Mitre llegaban hasta Belgrano R.<\/strong><\/p>\n<p>La afectaci\u00f3n se inici\u00f3 a las\u00a0<strong>5:34<\/strong>\u00a0de la ma\u00f1ana debido a una\u00a0<strong>falla en el suministro el\u00e9ctrico en la estaci\u00f3n Retiro<\/strong>\u00a0y logr\u00f3 resolverse a las\u00a0<strong>8:19<\/strong>.<\/p>\n<p>Ayer, en una jornada de intenso calor, con temperaturas que superaron los 35\u00b0C y una sensaci\u00f3n t\u00e9rmica de 44,4\u00b0C a las 14:00 horas, que luego lleg\u00f3 a los 48 grados de sensaci\u00f3n t\u00e9rmica, muchos vecinos <strong>tampoco ten\u00edan suministro de agua<\/strong>.<\/p>\n<p>El primer apag\u00f3n ocurri\u00f3 alrededor de las 5:50 de la ma\u00f1ana, mientras que el segundo se produjo cerca de las 12:50 del mediod\u00eda.<\/p>\n<p><strong>Las zonas que m\u00e1s afect\u00f3 el apag\u00f3n<\/strong><\/p>\n<p>Entre los barrios de la Ciudad Aut\u00f3noma de Buenos Aires (CABA) que m\u00e1s sufrieron este apag\u00f3n se encuentran Almagro, Balvanera, Parque Centenario, Caballito y Parque Patricios.<\/p>\n<p>Por otro lado, en el conurbano bonaerense, localidades como\u00a0<strong>Avellaneda, Lan\u00fas, Ingeniero Budge, Villa Centenario, Lomas de Zamora, Banfield y Temperley<\/strong>\u00a0tambi\u00e9n sufrieron interrupciones en el suministro el\u00e9ctrico.<\/p>\n<p>Estos cortes generaron caos en el tr\u00e1nsito debido a sem\u00e1foros fuera de servicio y afectaron al transporte p\u00fablico, con interrupciones en las l\u00edneas de subte B, E, H, D, C y el Premetro. Aunque, los servicios mencionados ya se restablecieron.<\/p>\n<p>La falla se origin\u00f3 en dos l\u00edneas de alta tensi\u00f3n de 220 kV en el tramo Costanera-Hudson, pertenecientes al sistema de distribuci\u00f3n de la empresa Edesur. Esta situaci\u00f3n afect\u00f3 al sur del Gran Buenos Aires y al sur de la ciudad, dejando fuera de servicio 800 MW y 2.500 MW de generaci\u00f3n el\u00e9ctrica. Las autoridades informaron que no hay inconvenientes para atender con normalidad el resto del Sistema Argentino de Interconexi\u00f3n (SADI).<\/p>\n<p>Edesur comunic\u00f3 que <strong>ya se ha restablecido el suministro a m\u00e1s del 60% de los clientes inicialmente afectados y luego comunic\u00f3 una nueva falla que afect\u00f3 a m\u00e1s usuarios<\/strong>. Por su parte, el Ente Nacional Regulador de la Electricidad (ENRE) investiga las causas de la falla para aplicar las sanciones correspondientes. <strong>(VW)<\/strong><\/p>\n","protected":false},"excerpt":{"rendered":"<p>M\u00e1s de 9 mil usuarios contin\u00faan sin luz este jueves. De acuerdo a la informaci\u00f3n brindada por las empresas distribuidoras de energ\u00eda,\u00a0a las 12.20 de ayer hab\u00eda 19.766 usuarios de EDESUR sin suministro y&#46;&#46;&#46;<\/p>\n","protected":false},"author":4,"featured_media":3946,"comment_status":"closed","ping_status":"closed","sticky":false,"template":"","format":"standard","meta":{"_monsterinsights_skip_tracking":false,"_monsterinsights_sitenote_active":false,"_monsterinsights_sitenote_note":"","_monsterinsights_sitenote_category":0,"footnotes":""},"categories":[8,5],"tags":[3327,1297,276,7439],"class_list":["post-17446","post","type-post","status-publish","format-standard","has-post-thumbnail","hentry","category-interes-general","category-sociedad","tag-apagon","tag-edenor","tag-edesur","tag-ususarios-sin-luz"],"_links":{"self":[{"href":"https:\/\/www.visionweb.com.ar\/index.php?rest_route=\/wp\/v2\/posts\/17446","targetHints":{"allow":["GET"]}}],"collection":[{"href":"https:\/\/www.visionweb.com.ar\/index.php?rest_route=\/wp\/v2\/posts"}],"about":[{"href":"https:\/\/www.visionweb.com.ar\/index.php?rest_route=\/wp\/v2\/types\/post"}],"author":[{"embeddable":true,"href":"https:\/\/www.visionweb.com.ar\/index.php?rest_route=\/wp\/v2\/users\/4"}],"replies":[{"embeddable":true,"href":"https:\/\/www.visionweb.com.ar\/index.php?rest_route=%2Fwp%2Fv2%2Fcomments&post=17446"}],"version-history":[{"count":1,"href":"https:\/\/www.visionweb.com.ar\/index.php?rest_route=\/wp\/v2\/posts\/17446\/revisions"}],"predecessor-version":[{"id":17447,"href":"https:\/\/www.visionweb.com.ar\/index.php?rest_route=\/wp\/v2\/posts\/17446\/revisions\/17447"}],"wp:featuredmedia":[{"embeddable":true,"href":"https:\/\/www.visionweb.com.ar\/index.php?rest_route=\/wp\/v2\/media\/3946"}],"wp:attachment":[{"href":"https:\/\/www.visionweb.com.ar\/index.php?rest_route=%2Fwp%2Fv2%2Fmedia&parent=17446"}],"wp:term":[{"taxonomy":"category","embeddable":true,"href":"https:\/\/www.visionweb.com.ar\/index.php?rest_route=%2Fwp%2Fv2%2Fcategories&post=17446"},{"taxonomy":"post_tag","embeddable":true,"href":"https:\/\/www.visionweb.com.ar\/index.php?rest_route=%2Fwp%2Fv2%2Ftags&post=17446"}],"curies":[{"name":"wp","href":"https:\/\/api.w.org\/{rel}","templated":true}]}}