{"id":17444,"date":"2025-03-06T13:30:36","date_gmt":"2025-03-06T16:30:36","guid":{"rendered":"https:\/\/www.visionweb.com.ar\/?p=17444"},"modified":"2025-03-06T13:30:36","modified_gmt":"2025-03-06T16:30:36","slug":"sarampion-confirmaron-cuatro-nuevos-casos-y-ya-son-ocho-en-el-amba","status":"publish","type":"post","link":"https:\/\/www.visionweb.com.ar\/?p=17444","title":{"rendered":"Sarampi\u00f3n: Confirmaron cuatro nuevos casos y ya son ocho en el AMBA"},"content":{"rendered":"<p><strong><em>Lo comunic\u00f3 el ministro Kreplak: \u201cNecesitamos con suma urgencia un Estado nacional que pueda tomar la conducci\u00f3n e invertir los recursos necesarios para contener el avance\u201d, se\u00f1al\u00f3.<\/em><em>\u00a0<\/em><\/strong><!--more--><\/p>\n<p><strong><img loading=\"lazy\" decoding=\"async\" class=\"size-medium wp-image-17388 alignright\" src=\"https:\/\/www.visionweb.com.ar\/wp-content\/uploads\/2025\/02\/vacuna-sarampion-300x187.png\" alt=\"\" width=\"300\" height=\"187\" srcset=\"https:\/\/www.visionweb.com.ar\/wp-content\/uploads\/2025\/02\/vacuna-sarampion-300x187.png 300w, https:\/\/www.visionweb.com.ar\/wp-content\/uploads\/2025\/02\/vacuna-sarampion.png 485w\" sizes=\"auto, (max-width: 300px) 100vw, 300px\" \/>\u00a0\u00a0\u00a0 E<\/strong>l ministro de Salud bonaerense, <strong>Nicol\u00e1s Kreplak<\/strong>, confirm\u00f3 este jueves que\u00a0<strong>se detectaron cuatro nuevos casos de sarampi\u00f3n y, de esta manera, ya suman ocho en toda el \u00c1rea Metropolitana de Buenos Aires (AMBA).<\/strong><\/p>\n<p>El dato se da en medio de la\u00a0advertencia de la <strong>Organizaci\u00f3n Panamericana de la Salud (OPS)<\/strong>, que emiti\u00f3 una\u00a0<strong>alerta epidemiol\u00f3gica<\/strong>\u00a0debido al aumento de casos en varios pa\u00edses de la regi\u00f3n de las Am\u00e9ricas.<\/p>\n<p>Puntualmente en la Argentina, se da en un contexto en donde varios m\u00e9dicos que se desempe\u00f1aban en los programas de VIH, lepra y tuberculosis renunciaron a sus cargos.<\/p>\n<p>En este contexto, Kreplak confirm\u00f3 los cuatro nuevos afectados y llam\u00f3 al Gobierno de Javier Milei a \u201cinvertir los recursos necesarios para contener el avance\u201d de la enfermedad.<\/p>\n<p>\u201c<strong>Los nuevos casos corresponden a una persona adulta, sin registro de vacunaci\u00f3n, a un beb\u00e9 menor de un a\u00f1o, y dos adolescentes de 16 y 19 a\u00f1os con antecedentes de vacunaci\u00f3n<\/strong>. Todos vinculados a la cadena de transmisi\u00f3n del primer caso\u201d, detall\u00f3 el ministro en redes sociales.<\/p>\n<p>El funcionario bonaerense explic\u00f3 que \u201cen la zona de residencia de estos casos ya se realiz\u00f3 el control de foco y bloqueo para identificar los contactos y evitar nuevos contagios\u201d, pero advirti\u00f3 que\u00a0<strong>\u201ccon estos ocho casos de sarampi\u00f3n la situaci\u00f3n se vuelve cada vez m\u00e1s dif\u00edcil\u201d.<\/strong><\/p>\n<p>\u201cNecesitamos con suma urgencia un Estado nacional que pueda tomar la conducci\u00f3n e invertir los recursos necesarios para contener el avance\u201d, se\u00f1al\u00f3<\/p>\n<p>Cabe recordar que hace un mes, luego que se confirmara un\u00a0cuarto caso\u00a0dentro del territorio porte\u00f1o, desde el Gobierno de Axel Kicillof se inici\u00f3 una <strong>campa\u00f1a de vacunaci\u00f3n con una dosis extra de la vacuna<\/strong> para las personas que tuvieron contacto con los casos en CABA.<\/p>\n<p>\u00bfQui\u00e9nes deben recibir la dosis extra?<\/p>\n<ul>\n<li>Ni\u00f1os y ni\u00f1as de 13 meses a 4 a\u00f1os que hayan tenido contacto con casos confirmados deben recibir una dosis extra de la vacuna.<\/li>\n<li>Beb\u00e9s de 6 a 11 meses que fueron contactos de casos confirmados deben recibir una dosis extra denominada \u201ccero\u201d, que no cuenta para el esquema de vacunaci\u00f3n regular, pero refuerza su inmunidad en este contexto.<\/li>\n<\/ul>\n<p>\u00bfPor qu\u00e9 se recomienda esta dosis extra?<\/p>\n<ul>\n<li>Aunque la primera dosis de la vacuna triple viral tiene una alta tasa de efectividad, un peque\u00f1o porcentaje (entre el 5% y el 10%) de la poblaci\u00f3n no responde adecuadamente, lo que los hace vulnerables al sarampi\u00f3n.<\/li>\n<li>En beb\u00e9s de 6 a 11 meses, la respuesta a la vacuna puede ser insuficiente debido a su edad temprana, lo que justifica la aplicaci\u00f3n de una dosis adicional para generar inmunidad. <strong>(VW)<\/strong><\/li>\n<\/ul>\n<p>&nbsp;<\/p>\n","protected":false},"excerpt":{"rendered":"<p>Lo comunic\u00f3 el ministro Kreplak: \u201cNecesitamos con suma urgencia un Estado nacional que pueda tomar la conducci\u00f3n e invertir los recursos necesarios para contener el avance\u201d, se\u00f1al\u00f3.\u00a0<\/p>\n","protected":false},"author":4,"featured_media":17388,"comment_status":"closed","ping_status":"closed","sticky":false,"template":"","format":"standard","meta":{"_monsterinsights_skip_tracking":false,"_monsterinsights_sitenote_active":false,"_monsterinsights_sitenote_note":"","_monsterinsights_sitenote_category":0,"footnotes":""},"categories":[8,5],"tags":[3402,100,2017],"class_list":["post-17444","post","type-post","status-publish","format-standard","has-post-thumbnail","hentry","category-interes-general","category-sociedad","tag-nicolas-kreplak","tag-salud","tag-sarampion"],"_links":{"self":[{"href":"https:\/\/www.visionweb.com.ar\/index.php?rest_route=\/wp\/v2\/posts\/17444","targetHints":{"allow":["GET"]}}],"collection":[{"href":"https:\/\/www.visionweb.com.ar\/index.php?rest_route=\/wp\/v2\/posts"}],"about":[{"href":"https:\/\/www.visionweb.com.ar\/index.php?rest_route=\/wp\/v2\/types\/post"}],"author":[{"embeddable":true,"href":"https:\/\/www.visionweb.com.ar\/index.php?rest_route=\/wp\/v2\/users\/4"}],"replies":[{"embeddable":true,"href":"https:\/\/www.visionweb.com.ar\/index.php?rest_route=%2Fwp%2Fv2%2Fcomments&post=17444"}],"version-history":[{"count":1,"href":"https:\/\/www.visionweb.com.ar\/index.php?rest_route=\/wp\/v2\/posts\/17444\/revisions"}],"predecessor-version":[{"id":17445,"href":"https:\/\/www.visionweb.com.ar\/index.php?rest_route=\/wp\/v2\/posts\/17444\/revisions\/17445"}],"wp:featuredmedia":[{"embeddable":true,"href":"https:\/\/www.visionweb.com.ar\/index.php?rest_route=\/wp\/v2\/media\/17388"}],"wp:attachment":[{"href":"https:\/\/www.visionweb.com.ar\/index.php?rest_route=%2Fwp%2Fv2%2Fmedia&parent=17444"}],"wp:term":[{"taxonomy":"category","embeddable":true,"href":"https:\/\/www.visionweb.com.ar\/index.php?rest_route=%2Fwp%2Fv2%2Fcategories&post=17444"},{"taxonomy":"post_tag","embeddable":true,"href":"https:\/\/www.visionweb.com.ar\/index.php?rest_route=%2Fwp%2Fv2%2Ftags&post=17444"}],"curies":[{"name":"wp","href":"https:\/\/api.w.org\/{rel}","templated":true}]}}