{"id":17442,"date":"2025-03-06T13:22:16","date_gmt":"2025-03-06T16:22:16","guid":{"rendered":"https:\/\/www.visionweb.com.ar\/?p=17442"},"modified":"2025-03-06T13:22:16","modified_gmt":"2025-03-06T16:22:16","slug":"vecinos-de-la-plata-convocan-a-una-marcha-no-politizada-por-mayor-seguridad","status":"publish","type":"post","link":"https:\/\/www.visionweb.com.ar\/?p=17442","title":{"rendered":"Vecinos de La Plata convocan a una marcha \u00abno politizada\u00bb por mayor seguridad"},"content":{"rendered":"<p><em><strong>Vecinos de distintos barrios de La Plata convocaron a una marcha masiva el pr\u00f3ximo martes 12 de marzo a las 12 horas. Se trata de un reclamo ciudadano ante el incremento de robos y hechos violentos.<\/strong><\/em><!--more--><\/p>\n<p><strong> <img loading=\"lazy\" decoding=\"async\" class=\"size-medium wp-image-17365 alignright\" src=\"https:\/\/www.visionweb.com.ar\/wp-content\/uploads\/2025\/02\/Kim-pedido-de-justicia-300x169.png\" alt=\"\" width=\"300\" height=\"169\" srcset=\"https:\/\/www.visionweb.com.ar\/wp-content\/uploads\/2025\/02\/Kim-pedido-de-justicia-300x169.png 300w, https:\/\/www.visionweb.com.ar\/wp-content\/uploads\/2025\/02\/Kim-pedido-de-justicia.png 514w\" sizes=\"auto, (max-width: 300px) 100vw, 300px\" \/> \u00a0 \u00a0V<\/strong>ecinos de distintos barrios de\u00a0<strong>La Plata<\/strong>, capital de la\u00a0<strong>provincia de Buenos Aires<\/strong>, convocan a una marcha masiva el pr\u00f3ximo <strong>martes 12 de marzo a las 12 horas<\/strong>, que partir\u00e1 desde\u00a0<strong>Plaza Moreno<\/strong>, frente a la Municipalidad, y se dirigir\u00e1 hacia\u00a0<strong>Plaza San Mart\u00edn<\/strong>, donde entregar\u00e1n un petitorio en la\u00a0<a href=\"https:\/\/www.gba.gob.ar\/\"><strong>Gobernaci\u00f3n\u00a0<\/strong><\/a>para exigir medidas urgentes en pos de mejorar la seguridad.<\/p>\n<p>Seg\u00fan trascendi\u00f3, asambleas barriales, comerciantes y vecinos se coordinan a trav\u00e9s de grupos de WhatsApp para garantizar la difusi\u00f3n del evento, sobre la que aclararon que \u201c<strong>no es una marcha politizada<\/strong>\u201d sino un <strong>reclamo ciudadano ante el incremento de robos y hechos violentos<\/strong>.<\/p>\n<p>Para su promoci\u00f3n, organizan reuniones en distintos puntos de la ciudad donde pintan carteles y reparten volantes en comercios y paradas de colectivos.<\/p>\n<p>Uno de los principales pedidos de los manifestantes es la\u00a0<strong>presencia policial<\/strong>\u00a0en las calles, adem\u00e1s de la reactivaci\u00f3n de\u00a0<strong>patrullajes\u00a0<\/strong>con las 750 unidades que, seg\u00fan denuncian, est\u00e1n guardadas en la\u00a0<strong>Escuela Vucetich<\/strong>. Tambi\u00e9n demandan leyes m\u00e1s estrictas y la baja de la edad de imputabilidad para combatir la delincuencia.<\/p>\n<p>A la vez, los vecinos planean <strong>entregar un petitorio<\/strong> al\u00a0<strong>gobernador de la provincia de Buenos Aires, Axel Kicillof,<\/strong>\u00a0en el que le solicitar\u00e1n medidas inmediatas, con un plan de\u00a0<strong>seguridad\u00a0<\/strong>que garantice la <strong>protecci\u00f3n de los ciudadanos<\/strong>, ya que consideran que los hechos delictivos alcanzaron niveles alarmantes en las \u00faltimas semanas.<\/p>\n<p>La indignaci\u00f3n de los vecinos de\u00a0<strong>La Plata<\/strong>\u00a0creci\u00f3 tras la tr\u00e1gica muerte de\u00a0<strong>Kim G\u00f3mez<\/strong>, la ni\u00f1a de 7 a\u00f1os que fue arrastrada por delincuentes adolescentes durante un robo en las calles 72 y 25.<\/p>\n<p>Seg\u00fan trascendi\u00f3, la convocatoria tuvo una gran adhesi\u00f3n en distintos barrios de la ciudad, como\u00a0<strong>Los Hornos<\/strong>,\u00a0<strong>Tolosa<\/strong>,\u00a0<strong>Gambier<\/strong>,\u00a0<strong>City Bell<\/strong>,\u00a0<strong>Gonnet<\/strong>,\u00a0<strong>Villa Elisa<\/strong>,\u00a0<strong>Villa Elvira\u00a0<\/strong>y\u00a0<strong>Melchor Romero<\/strong>.<\/p>\n<p>En se\u00f1al de apoyo, motociclistas y automovilistas se sumar\u00e1n haciendo sonar bocinas durante el recorrido, con el objetivo de llamar la atenci\u00f3n de las autoridades.<\/p>\n<p>\u201c<strong>Los \u00faltimos asesinatos, entraderas, robos y arrebatos demuestran lo indefensos que estamos<\/strong>\u201d, expres\u00f3 el representante de los vecinos de El Mondongo, Domingo Novello e indic\u00f3 que la movilizaci\u00f3n busca visibilizar la falta de respuestas del\u00a0<strong>Gobierno bonaerense\u00a0<\/strong>ante la problem\u00e1tica.<\/p>\n<p>Los organizadores esperan que la marcha sirva como un llamado de atenci\u00f3n contundente para la\u00a0<strong>Gobernaci\u00f3n\u00a0<\/strong>y el\u00a0<strong>Ministerio de Seguridad<\/strong>, dado que consideran que la situaci\u00f3n es insostenible y que las soluciones propuestas hasta el momento fueron suficientes. \u201cNo queremos m\u00e1s o\u00eddos sordos a nuestros reclamos\u201d, concluy\u00f3\u00a0<strong>Novello<\/strong>.<\/p>\n<p>Vale recordar que, los familiares de\u00a0<strong>Kim G\u00f3me<\/strong>z, realizaron una marchael asado 26 de febrero a las 17 horas, desde el cruce de 28 y 84 hasta\u00a0<strong>Plaza Moreno<\/strong>. Durante la movilizaci\u00f3n, dejaron una vela encendida en el centro para recordar a la ni\u00f1a y pedir justicia, mientras avanzan las investigaciones contra los dos menores detenidos.<\/p>\n<p>El crimen de\u00a0<strong>Kim G\u00f3mez<\/strong>\u00a0ocurri\u00f3 cuando dos delincuentes menores de edad robaron el auto familiar con la ni\u00f1a adentro. La ni\u00f1a fue arrastrada por m\u00e1s de 15 cuadras, lo que causo su muerte. Los responsables, de 17 y 14 a\u00f1os, fueron detenidos tras un intenso operativo policial.<\/p>\n<p><strong>El caso de La Plata reabri\u00f3 el debate sobre la edad de imputabilidad<\/strong><\/p>\n<p>Tras el asesinato de Kim en\u00a0<strong>La Plata<\/strong>, desde el\u00a0<strong>PRO\u00a0<\/strong>y\u00a0<strong>La Libertad Avanza<\/strong>, presionaron a\u00a0<strong>Kicillof\u00a0<\/strong>para adherir a la\u00a0<strong>Ley de Reiterancia<\/strong>\u00a0e impulsar un proyecto para bajar la edad de imputabilidad.<\/p>\n<p>\u201cSi en la provincia hubiese<strong>\u00a0Ley de Reiterancia<\/strong>, hoy\u00a0<strong>Lucas<\/strong>\u00a0en\u00a0<strong>Moreno\u00a0<\/strong>y\u00a0<strong>Kim\u00a0<\/strong>en\u00a0<strong>La Plata<\/strong>\u00a0estar\u00edan vivos, ya que sus asesinos seguir\u00edan detenidos por delitos pasados\u201d, se\u00f1alaron desde el PRO.<\/p>\n<p>Por su parte, el vocero presidencial,\u00a0<strong>Manuel Adorni<\/strong>, confirm\u00f3 que el\u00a0<strong>Ejecutivo nacional\u00a0<\/strong>impulsar\u00e1 una ley para reducir la edad de imputabilidad. \u201cEs una aberraci\u00f3n m\u00e1s por parte de asesinos que no pueden seguir conviviendo en sociedad. (La ministra de Seguridad de la Naci\u00f3n)\u00a0<strong>Patricia\u00a0<\/strong>(<strong>Bullrich<\/strong>) ya adelant\u00f3 que es un tema en agenda\u201d, asegur\u00f3. <strong>(VW)<\/strong><\/p>\n","protected":false},"excerpt":{"rendered":"<p>Vecinos de distintos barrios de La Plata convocaron a una marcha masiva el pr\u00f3ximo martes 12 de marzo a las 12 horas. Se trata de un reclamo ciudadano ante el incremento de robos y&#46;&#46;&#46;<\/p>\n","protected":false},"author":4,"featured_media":17365,"comment_status":"closed","ping_status":"closed","sticky":false,"template":"","format":"standard","meta":{"_monsterinsights_skip_tracking":false,"_monsterinsights_sitenote_active":false,"_monsterinsights_sitenote_note":"","_monsterinsights_sitenote_category":0,"footnotes":""},"categories":[4,5],"tags":[7438,7437,7436],"class_list":["post-17442","post","type-post","status-publish","format-standard","has-post-thumbnail","hentry","category-politica","category-sociedad","tag-12-de-marzo","tag-marcha-por-seguridad","tag-vecinos-de-la-plata"],"_links":{"self":[{"href":"https:\/\/www.visionweb.com.ar\/index.php?rest_route=\/wp\/v2\/posts\/17442","targetHints":{"allow":["GET"]}}],"collection":[{"href":"https:\/\/www.visionweb.com.ar\/index.php?rest_route=\/wp\/v2\/posts"}],"about":[{"href":"https:\/\/www.visionweb.com.ar\/index.php?rest_route=\/wp\/v2\/types\/post"}],"author":[{"embeddable":true,"href":"https:\/\/www.visionweb.com.ar\/index.php?rest_route=\/wp\/v2\/users\/4"}],"replies":[{"embeddable":true,"href":"https:\/\/www.visionweb.com.ar\/index.php?rest_route=%2Fwp%2Fv2%2Fcomments&post=17442"}],"version-history":[{"count":1,"href":"https:\/\/www.visionweb.com.ar\/index.php?rest_route=\/wp\/v2\/posts\/17442\/revisions"}],"predecessor-version":[{"id":17443,"href":"https:\/\/www.visionweb.com.ar\/index.php?rest_route=\/wp\/v2\/posts\/17442\/revisions\/17443"}],"wp:featuredmedia":[{"embeddable":true,"href":"https:\/\/www.visionweb.com.ar\/index.php?rest_route=\/wp\/v2\/media\/17365"}],"wp:attachment":[{"href":"https:\/\/www.visionweb.com.ar\/index.php?rest_route=%2Fwp%2Fv2%2Fmedia&parent=17442"}],"wp:term":[{"taxonomy":"category","embeddable":true,"href":"https:\/\/www.visionweb.com.ar\/index.php?rest_route=%2Fwp%2Fv2%2Fcategories&post=17442"},{"taxonomy":"post_tag","embeddable":true,"href":"https:\/\/www.visionweb.com.ar\/index.php?rest_route=%2Fwp%2Fv2%2Ftags&post=17442"}],"curies":[{"name":"wp","href":"https:\/\/api.w.org\/{rel}","templated":true}]}}