{"id":17436,"date":"2025-03-06T09:03:09","date_gmt":"2025-03-06T12:03:09","guid":{"rendered":"https:\/\/www.visionweb.com.ar\/?p=17436"},"modified":"2025-03-06T09:04:38","modified_gmt":"2025-03-06T12:04:38","slug":"el-gobernador-kicillof-pidio-respetar-las-instituciones-democraticas-y-los-intereses-de-la-provincia","status":"publish","type":"post","link":"https:\/\/www.visionweb.com.ar\/?p=17436","title":{"rendered":"El Gobernador Kicillof pidi\u00f3 respetar las instituciones de la democrcia y los intereses de la Provincia"},"content":{"rendered":"<p><em><strong>Lo hizo al inaugurar las 153\u00aa Sesiones Ordinarias de la C\u00e1mara de Diputados bonaerense. El Gobernador llam\u00f3 a los legisladores, sin color pol\u00edtico a defender los intereses boanaerenses.<\/strong><\/em><!--more--><\/p>\n<p><img loading=\"lazy\" decoding=\"async\" class=\"size-medium wp-image-17437 alignright\" src=\"https:\/\/www.visionweb.com.ar\/wp-content\/uploads\/2025\/03\/DIPUTADOS-SESIONES-ORDINARIAS-300x200.png\" alt=\"\" width=\"300\" height=\"200\" srcset=\"https:\/\/www.visionweb.com.ar\/wp-content\/uploads\/2025\/03\/DIPUTADOS-SESIONES-ORDINARIAS-300x200.png 300w, https:\/\/www.visionweb.com.ar\/wp-content\/uploads\/2025\/03\/DIPUTADOS-SESIONES-ORDINARIAS.png 640w\" sizes=\"auto, (max-width: 300px) 100vw, 300px\" \/>El acto cont\u00f3 con la presencia de legisladores, funcionarios del Poder Ejecutivo y Judicial, intendentes, representantes consulares, gremiales, partidarios, educativos; Madres y Abuelas de Plaza de Mayo y dem\u00e1s invitados.<\/p>\n<p>El gobernador Axel Kicillof , en un discurso que se extendi\u00f3 por m\u00e1s de dos horas y medias, pidi\u00f3 defender a los y las bonaerenses, reclamar juntos la restituci\u00f3n de fondos retenidos por la Naci\u00f3n, sancionar un paquete de reformas en materia de seguridad que ser\u00e1 enviado por el ejecutivo, la sanci\u00f3n de la Empresa P\u00fablica de Emergencias y la de Medicamentos Bonaerenses y una ley de Conciliaci\u00f3n Laboral Obligatoria Prejudicial fueron algunos de los pedidos a las y los diputados y senadores reunidos en Asamblea. Tambi\u00e9n anunci\u00f3 que enviar\u00e1 una readecuaci\u00f3n del Presupuesto y pidi\u00f3 que la Legislatura resuelva de manera urgente sobre sobre las PASO.<\/p>\n<p>\u00abQuiero comenzar refiri\u00e9ndome a un hecho sin precedentes y de in\u00e9dita gravedad institucional que no podemos pasar por alto: el Presidente de la Naci\u00f3n amenaz\u00f3 con intervenir la provincia y echar al gobernador por redes sociales. Parece irreal, una distop\u00eda tragic\u00f3mica pero es lo que ocurri\u00f3\u201d.<\/p>\n<p>En ese sentido el mandatario calific\u00f3\u00a0 de \u201cimpune, c\u00ednico e irresponsable\u00bb y\u00a0 advirti\u00f3 que \u00abas\u00ed como un presidente no puede avalar una estafa financiera de escala internacional, tampoco puede usar el mandato que le dio la democracia para atentar contra ella.<\/p>\n<p><strong>Ataque a la Provincia<\/strong><\/p>\n<p>\u00abEsto no es contra m\u00ed, es un ataque a la provincia de Buenos Aires, a la democracia, contra esta Legislatura, contra la constituci\u00f3n y muy especialmente contra el federalismo. No voy a permitir que el destino de los bonaerenses quede librado a la improvisaci\u00f3n, la prepotencia o el resentimiento que no respeta la democracia\u00bb, avis\u00f3. \u00abSe\u00f1ores legisladores, tenemos que defender a los bonaerenses, m\u00e1s all\u00e1 de las diferencias, tenemos que ponernos de acuerdo para defender a nuestra provincia de Buenos Aires\u00bb, puntualiz\u00f3.<\/p>\n<p>A continuaci\u00f3n realiz\u00f3 una caracterizaci\u00f3n del modelo econ\u00f3mico del presidente Javier Milei y su impacto en la provincia: \u00abel salario m\u00ednimo cay\u00f3 un 30% y el \u00edndice salarial del indec un 15%, la jubilaci\u00f3n m\u00ednima se derrumb\u00f3 un 22%. Son n\u00fameros que tienen pocos antecedentes hist\u00f3ricos\u00bb, record\u00f3.<\/p>\n<p>hay 207 mil nuevos desocupados en todo el pa\u00eds de los cuales ocho de cada diez son bonaerenses\u00bb lament\u00f3. \u00abEl sector privado se est\u00e1 reduciendo: se destruyeron 12.600 empresas. Los perdedores son las enormes mayor\u00edas populares, pero tambi\u00e9n hay ganadores: el gran ganador es el sector especulativo, la agricultura y la miner\u00eda. Muchos perdedores y pocos ganadores dan como resultado una mayor concentraci\u00f3n de la riqueza, m\u00e1s desigualdad, menos oportunidades y menos libertad para las mayor\u00edas. Este modelo resulta injusto, inestable y fr\u00e1gil\u00bb asegur\u00f3.<\/p>\n<p>En este marco, record\u00f3 que \u00abla deuda del Gobierno Nacional con <strong>la provincia de Buenos Aires asciende a $9,4 billones<\/strong>. Por estos fondos realizamos siete denuncias ante la Corte Suprema de la Naci\u00f3n. La justicia le tiene que poner un l\u00edmite a este saqueo ilegal. Destac\u00f3 que esto \u201cno es un descuido, no es un error, es un plan\u00bb. \u00abLo que le pido a esta Legislatura es que nos acompa\u00f1e en\u00e9rgicamente en el reclamo de los recursos que el gobierno nacional le ha quitado a los bonaerenses\u00bb.<\/p>\n<p>Tras esta puesta en contexto, Kicillof desgran\u00f3 en m\u00e1s de dos horas de discurso lo realizado y proyectado en distintas \u00e1reas de gobierno, con especial \u00e9nfasis en materia de seguridad, objeto de especial atenci\u00f3n medi\u00e1tica en las \u00faltimas semanas. En ese sentido habl\u00f3 de \u00abuna pol\u00edtica carro\u00f1era, que intenta alimentarse del dolor para obtener ventaja electoral\u00bb y calific\u00f3 de \u00abcaranchos\u00bb a los dirigentes pol\u00edticos que buscan sacar r\u00e9dito de las v\u00edctimas \u00abno vale todo por un voto\u00bb, reiter\u00f3.<\/p>\n<p><strong>Seguridad<\/strong><\/p>\n<p>\u00abEn materia de seguridad, las tareas que corresponden a la Provincia y las que corresponden a la Naci\u00f3n deben estar coordinadas, pero el Presidente de manera ins\u00f3lita rechaza los reiterados pedidos de reuni\u00f3n que le hice y sostiene que no tiene nada que hablar con el Gobernador de la provincia m\u00e1s grande del pa\u00eds\u201d se quej\u00f3. \u201cPor mi parte ya he dado sobradas muestras de poder trabajar y colaborar con gobernantes de espacios pol\u00edticos muy distintos o incluso antag\u00f3nicos al m\u00edo. Para m\u00ed, mejor que tuitear es realizar\u00bb.<\/p>\n<p>Sin embargo, anunci\u00f3 que la Provincia destinar\u00e1 $170 mil millones para fortalecer la seguridad, sumar\u00e1 800 nuevos patrulleros, crear\u00e1 un Fondo Municipal de $70 mil millones para los municipios de m\u00e1s de 70 mil habitantes y se asignar\u00e1n recursos a los m\u00e1s chicos; tambi\u00e9n se crear\u00e1n quince bases nuevas con fuerzas especiales para actuar como agentes de pacificaci\u00f3n en los barrios m\u00e1s violentos, que se suman a las ya instaladas.<\/p>\n<p>En este marco se refiri\u00f3 tambi\u00e9n a la pol\u00edtica penitenciaria, y record\u00f3 que \u00abtenemos diez nuevas c\u00e1rceles ya construidas y once en construcci\u00f3n. A pesar de que el gobierno nacional nos dej\u00f3 sin financiamiento, pusimos de nuevo las obras en marcha con financiaci\u00f3n 100% provincial\u00bb.<\/p>\n<p>En otro orden sostuvo que \u00abel derecho a la educaci\u00f3n fue, es y ser\u00e1 una prioridad central para nuestro gobierno\u00bb y record\u00f3 que \u00aball\u00ed tambi\u00e9n lleg\u00f3 la motosierra de un presidente\u00bb, entre otras medidas con el cese del Fondo Nacional de Incentivo Docente. Como contrapartida, destac\u00f3 que \u201choy iniciamos las clases de la mejor manera posible: inaugurando dos escuelas nuevas y ampliando al doble un jard\u00edn de infantes, es el edificio escolar n\u00famero 240&#8243;, al tiempo que prometi\u00f3 la inauguraci\u00f3n de cincuenta nuevas escuelas financiadas con recursos provinciales para el a\u00f1o en curso. \u00abEscuelas que claramente no se construyen con motosierra, sino con trabajo\u00bb.<\/p>\n<p><strong>Salud<\/strong><\/p>\n<p>En cuanto a Salud, record\u00f3 la inversi\u00f3n y ampliaci\u00f3n del sistema realizada desde la pandemia y advirti\u00f3 que \u00abeste proceso est\u00e1 en peligro por el gobierno de Milei, cuya deserci\u00f3n en materia de salud es inhumana y criminal. El Gobierno nacional abandon\u00f3 pol\u00edticas arraigadas y necesarias que s\u00f3lo puede llevar adelante la administraci\u00f3n central. Hay faltantes de vacunas y medicamentos que ponen en riesgo la salud de la poblaci\u00f3n. \u201c\u00bfCu\u00e1l fue nuestra respuesta ante la deserci\u00f3n de la Naci\u00f3n? Entre el gobierno provincial y los municipios intentamos sustituir o compensar su ausencia\u00bb. En este marco pidi\u00f3 a la asamblea \u00abeste a\u00f1o necesitamos que esta legislatura apruebe dos leyes importantes para atravesar la actual situaci\u00f3n de abandono nacional: la que permite la creaci\u00f3n de la Empresa P\u00fablica de Emergencias y la de Medicamentos Bonaerenses, que permitir\u00e1 mejorar y ampliar el acceso a medicamentos. Defendamos la salud p\u00fablica: la motosierra no puede meterse con la salud de nuestro pueblo\u00bb.<\/p>\n<p>En la misma l\u00ednea se expres\u00f3 respecto a la inversi\u00f3n en obra p\u00fablica, medio ambiente, cultura, pol\u00edticas de g\u00e9nero: all\u00ed donde el gobierno nacional deserta, la provincia continuar\u00e1 haciendo esfuerzos de inversi\u00f3n, asegur\u00f3. Tambi\u00e9n agradeci\u00f3, tras ponderar lo actuado por el Banco de la Provincia de Buenos Aires, la sanci\u00f3n en diciembre pasado de la reforma jubilatoria de sus trabajadores, reclamada por el poder judicial.<\/p>\n<p>El gobernador solicit\u00f3, adem\u00e1s, otras leyes espec\u00edficas a los y las legisladores: por un lado, anunci\u00f3 el env\u00edo de un proyecto de ley para la creaci\u00f3n de la Instancia de Conciliaci\u00f3n Laboral Obligatoria Prejudicial, \u00abque consiste en una etapa obligatoria en el \u00e1mbito del Ministerio de Trabajo para la tramitaci\u00f3n y resoluci\u00f3n de los conflictos de trabajadores y trabajadoras bonaerenses del sector privado, mediante un procedimiento moderno, \u00e1gil y que brinde seguridad jur\u00eddica a las partes, evitando el inicio de un juicio laboral\u00bb adelant\u00f3.<\/p>\n<p><strong>Elecciones PASO<\/strong><\/p>\n<p>Para finalizar, en relaci\u00f3n al calendario electoral, solicit\u00f3 \u00abque a la m\u00e1xima brevedad se resuelva la situaci\u00f3n de incertidumbre provocada por las modificaciones introducidas por el presidente Milei. Por mi parte, entiendo que dado el contexto, los argumentos en favor de suspender las PASO son m\u00e1s que razonables. Pero, en cualquier caso, la decisi\u00f3n le corresponde a esta legislatura y ser\u00e9 respetuoso de eso. Eso s\u00ed, lo que les pido es celeridad\u00bb.<\/p>\n<p>\u00abFrente a la violencia y al odio, es muy importante promover la cooperaci\u00f3n de todas las fuerzas pol\u00edticas en defensa de la cultura democr\u00e1tica, de los derechos humanos y de la vida en com\u00fan. No vamos a resignarnos, no vamos a claudicar: el futuro no es de Milei, el futuro es del pueblo. Hoy m\u00e1s que nunca, con m\u00e1s fuerza, con m\u00e1s compromiso, reafirmamos nuestra convicci\u00f3n, nuestra voluntad de seguir construyendo un camino derecho a un futuro mejor\u00bb concluy\u00f3<strong>(VW)<\/strong>.<\/p>\n","protected":false},"excerpt":{"rendered":"<p>Lo hizo al inaugurar las 153\u00aa Sesiones Ordinarias de la C\u00e1mara de Diputados bonaerense. El Gobernador llam\u00f3 a los legisladores, sin color pol\u00edtico a defender los intereses boanaerenses.<\/p>\n","protected":false},"author":3,"featured_media":17437,"comment_status":"closed","ping_status":"closed","sticky":false,"template":"","format":"standard","meta":{"_monsterinsights_skip_tracking":false,"_monsterinsights_sitenote_active":false,"_monsterinsights_sitenote_note":"","_monsterinsights_sitenote_category":0,"footnotes":""},"categories":[4],"tags":[81,143,167,440,470],"class_list":["post-17436","post","type-post","status-publish","format-standard","has-post-thumbnail","hentry","category-politica","tag-deuda","tag-diputados","tag-kicillof","tag-reclamos","tag-sesiones"],"_links":{"self":[{"href":"https:\/\/www.visionweb.com.ar\/index.php?rest_route=\/wp\/v2\/posts\/17436","targetHints":{"allow":["GET"]}}],"collection":[{"href":"https:\/\/www.visionweb.com.ar\/index.php?rest_route=\/wp\/v2\/posts"}],"about":[{"href":"https:\/\/www.visionweb.com.ar\/index.php?rest_route=\/wp\/v2\/types\/post"}],"author":[{"embeddable":true,"href":"https:\/\/www.visionweb.com.ar\/index.php?rest_route=\/wp\/v2\/users\/3"}],"replies":[{"embeddable":true,"href":"https:\/\/www.visionweb.com.ar\/index.php?rest_route=%2Fwp%2Fv2%2Fcomments&post=17436"}],"version-history":[{"count":2,"href":"https:\/\/www.visionweb.com.ar\/index.php?rest_route=\/wp\/v2\/posts\/17436\/revisions"}],"predecessor-version":[{"id":17439,"href":"https:\/\/www.visionweb.com.ar\/index.php?rest_route=\/wp\/v2\/posts\/17436\/revisions\/17439"}],"wp:featuredmedia":[{"embeddable":true,"href":"https:\/\/www.visionweb.com.ar\/index.php?rest_route=\/wp\/v2\/media\/17437"}],"wp:attachment":[{"href":"https:\/\/www.visionweb.com.ar\/index.php?rest_route=%2Fwp%2Fv2%2Fmedia&parent=17436"}],"wp:term":[{"taxonomy":"category","embeddable":true,"href":"https:\/\/www.visionweb.com.ar\/index.php?rest_route=%2Fwp%2Fv2%2Fcategories&post=17436"},{"taxonomy":"post_tag","embeddable":true,"href":"https:\/\/www.visionweb.com.ar\/index.php?rest_route=%2Fwp%2Fv2%2Ftags&post=17436"}],"curies":[{"name":"wp","href":"https:\/\/api.w.org\/{rel}","templated":true}]}}