{"id":17421,"date":"2025-03-04T12:54:12","date_gmt":"2025-03-04T15:54:12","guid":{"rendered":"https:\/\/www.visionweb.com.ar\/?p=17421"},"modified":"2025-03-04T12:54:12","modified_gmt":"2025-03-04T15:54:12","slug":"acumar-despidieron-a-otros-250-trabajadores","status":"publish","type":"post","link":"https:\/\/www.visionweb.com.ar\/?p=17421","title":{"rendered":"Acumar: Despidieron a otros 250 trabajadores"},"content":{"rendered":"<p><em><strong>\u201cLo mercenario de echar a la gente sin dar la cara, mandando mails un viernes a la medianoche antes del fin de semana de carnaval. Se les sale lo anti laburante por los poros\u201d, dijo en X Daniela Vilar.<\/strong><\/em><!--more--><\/p>\n<div id=\"attachment_9812\" style=\"width: 310px\" class=\"wp-caption alignright\"><img loading=\"lazy\" decoding=\"async\" aria-describedby=\"caption-attachment-9812\" class=\"wp-image-9812 size-medium\" src=\"https:\/\/www.visionweb.com.ar\/wp-content\/uploads\/2023\/03\/Acumar-obras-rivera1-300x199.jpg\" alt=\"\" width=\"300\" height=\"199\" srcset=\"https:\/\/www.visionweb.com.ar\/wp-content\/uploads\/2023\/03\/Acumar-obras-rivera1-300x199.jpg 300w, https:\/\/www.visionweb.com.ar\/wp-content\/uploads\/2023\/03\/Acumar-obras-rivera1.bmp 331w\" sizes=\"auto, (max-width: 300px) 100vw, 300px\" \/><p id=\"caption-attachment-9812\" class=\"wp-caption-text\">Foto archivo 2023<\/p><\/div>\n<p><strong> \u00a0\u00a0\u00a0 Y<\/strong>a suman 400<strong> trabajadores de la Autoridad de la Cuenca Matanza-Riachuelo (Acumar) que fueron despedidos sin causa\u00a0<\/strong>desde la asunci\u00f3n de Milei, del organismo que en los \u00faltimos a\u00f1os lleva adelante el trabajo de <strong>saneamiento del r\u00edo<\/strong> m\u00e1s contaminado del pa\u00eds.<\/p>\n<p>Todos los avances que logr\u00f3 ejecutar el organismo, se hallan bajo amenaza de desaparecer con el presupuesto congelado desde 2023.\u00a0<strong>El pasado viernes a \u00faltima hora se enviaron las 250 nuevas notificaciones de despidos<\/strong>.<\/p>\n<p>\u201cHay muchos compa\u00f1eros despedidos que eran justamente la pata m\u00e1s <strong>t\u00e9cnica <\/strong>del organismo, ya que ellos esas incumbencias hace tiempo que las\u00a0<strong>intentan delegar a los departamentos, a la Ciudad de Buenos Aires y a los municipios de la provincia que son parte de la Cuenca\u00a0<\/strong>y pareciera justamente que es adrede para poder recortar en estas partes del organismo\u201d, explic\u00f3 a una trabajadora despedida, inform\u00f3 Inforegi\u00f3n.<\/p>\n<p>Adem\u00e1s, denunci\u00f3\u00a0<strong>\u201csumarios truchos\u201d, a trav\u00e9s de los que echaron a unos 40 trabajadores en el \u00faltimo a\u00f1o. \u201c<\/strong>El impacto va a ser enorme porque al no estar los equipos t\u00e9cnicos, no se puede continuar con lo que son las tareas de recomposici\u00f3n, no se puede continuar con el acompa\u00f1amiento de las personas que viven en la Cuenca Matanza \u2013 Riachuelo. No se puede inspeccionar las industrias que son las que generan efluentes y son much\u00edsimas en la Cuenca\u201d, explic\u00f3.<\/p>\n<p>A trav\u00e9s de su cuenta de X, la ministro de <strong>Ambiente bonaerense, Daniela Vilar<\/strong>, asegur\u00f3: \u201cM\u00e1s de <strong>250 trabajadores fueron despedidos<\/strong> ayer a la medianoche,\u00a0<strong>sumando 400 en total desde que asumi\u00f3 Milei<\/strong>. Cientos de familias se quedan sin sustento y ni hablar del impacto en el trabajo de saneamiento de la Cuenca Matanza Riachuelo\u201d.<\/p>\n<p>\u201cEn torno a la cuenca viven 4,7 millones de personas. Es una de las zonas m\u00e1s urbanizadas e industrializadas del pa\u00eds.\u00a0<strong>Acumar se debe ocupar de fiscalizar esas industrias, sanear el r\u00edo, mantener limpia la ribera\u00a0<\/strong>y asistir a la comunidad\u201d, a\u00f1adi\u00f3 la ministra.<\/p>\n<p>Tambi\u00e9n expres\u00f3 que\u00a0<strong>\u201cmenos fiscalizaci\u00f3n es m\u00e1s contaminaci\u00f3n. Menos\u00a0<\/strong><strong>Estado, menos obras e inversi\u00f3n y dar v\u00eda libre para los negocios privados<\/strong>. \u00bfAjuste o, m\u00e1s bien, <strong>abandono? Desmantelar Acumar es un hecho irresponsable<\/strong> que implica un retroceso ambiental enorme y el costo lo pagamos todos nosotros\u201d.<\/p>\n<p>\u201cY un p\u00e1rrafo aparte para lo <strong>mercenario de echar a la gente sin dar la cara, mandando mails un viernes a la medianoche antes del fin de semana de carnaval. Se les sale lo anti laburante por los poros\u201d<\/strong>, concluy\u00f3 la funcionaria.<\/p>\n<p><strong>Qu\u00e9 es y qu\u00e9 hace Acumar:<\/strong><\/p>\n<p>Acumar, es un ente interjurisdiccional creado por ley nacional en 2006 y adherido por las legislaturas de la Provincia de Buenos Aires y de la Ciudad Aut\u00f3noma de Buenos Aires, que tiene a su cargo la ejecuci\u00f3n del\u00a0<strong>Plan Integral de Saneamiento Ambiental de la Cuenca del R\u00edo Matanza-Riachuelo.<\/strong><\/p>\n<p>Su formaci\u00f3n fue\u00a0<strong>ordenada por la Corte Suprema luego de que el 14 de julio de 2004 se presentaran ante la Justicia 17 personas con una demanda de recomposici\u00f3n\u00a0<\/strong>y, en el supuesto de irreversibilidad, de indemnizaci\u00f3n del <strong>da\u00f1o ambiental colectivo ocasionado como consecuencia de la contaminaci\u00f3n de la Cuenca del r\u00edo Matanza Riachuelo<\/strong>.<\/p>\n<p>La acci\u00f3n fue dirigida contra el Estado Nacional, la Provincia de Buenos Aires, el Gobierno de la Ciudad Aut\u00f3noma de Buenos Aires y 44 empresas.<\/p>\n<p>Los actores reclamaron, por un lado, la recomposici\u00f3n del ambiente da\u00f1ado y, en aquellos supuestos en que eso no fuera t\u00e9cnicamente posible, una indemnizaci\u00f3n en concepto de da\u00f1o colectivo. Por el otro, la reparaci\u00f3n de los da\u00f1os particulares sufridos como consecuencia del da\u00f1o ambiental colectivo.\u00a0<strong>El 20 de junio de 2006, la Corte delimit\u00f3 las pretensiones y entendi\u00f3 que solo cab\u00eda la recomposici\u00f3n del bien de incidencia colectiva,\u00a0<\/strong>configurado por el medio ambiente, dejando de lado la reparaci\u00f3n econ\u00f3mica.<\/p>\n<p>As\u00ed, a trav\u00e9s de la <strong>Ley 26.168, fue creada Acumar<\/strong>, con\u00a0<strong>facultades de regulaci\u00f3n, control y fomento respecto de las actividades industriales, la prestaci\u00f3n de servicios p\u00fablicos y cualquier otra actividad con incidencia ambiental en la cuenca<\/strong>, pudiendo intervenir administrativamente en materia de prevenci\u00f3n, saneamiento, recomposici\u00f3n y utilizaci\u00f3n racional de los recursos naturales.<\/p>\n<p>La entidad logr\u00f3 hitos clave como\u00a0<strong>recuperar la navegabilidad del Riachuelo,\u00a0<\/strong>algo que llev\u00f3 varios a\u00f1os, mucho tiempo m\u00e1s que los c\u00ednicos mil d\u00edas que hab\u00eda prometido en 1993 Mar\u00eda Julia Alsogaray, entonces secretaria de Asuntos Naturales y Ambiente de la Naci\u00f3n.<\/p>\n<p>Los trabajos de limpieza del Riachuelo se realizan todos los d\u00edas, incluso los fines de semana y feriados, por Acumar, el Ministerio de Espacio P\u00fablico e Higiene Urbana de la Ciudad, Prefectura Naval y APRA. Incluyen\u00a0<strong>fumigaci\u00f3n, desinfecci\u00f3n, desmalezamiento y recolecci\u00f3n diferenciada de residuos<\/strong>, todo de manera sustentable. <strong>(VW)<\/strong><\/p>\n","protected":false},"excerpt":{"rendered":"<p>\u201cLo mercenario de echar a la gente sin dar la cara, mandando mails un viernes a la medianoche antes del fin de semana de carnaval. Se les sale lo anti laburante por los poros\u201d,&#46;&#46;&#46;<\/p>\n","protected":false},"author":4,"featured_media":9812,"comment_status":"closed","ping_status":"closed","sticky":false,"template":"","format":"standard","meta":{"_monsterinsights_skip_tracking":false,"_monsterinsights_sitenote_active":false,"_monsterinsights_sitenote_note":"","_monsterinsights_sitenote_category":0,"footnotes":""},"categories":[4],"tags":[442,861,2797,3288,5281],"class_list":["post-17421","post","type-post","status-publish","format-standard","has-post-thumbnail","hentry","category-politica","tag-acumar","tag-ambiente","tag-cuenca-matanza-riachuelo","tag-daniela-vilar","tag-despidos"],"_links":{"self":[{"href":"https:\/\/www.visionweb.com.ar\/index.php?rest_route=\/wp\/v2\/posts\/17421","targetHints":{"allow":["GET"]}}],"collection":[{"href":"https:\/\/www.visionweb.com.ar\/index.php?rest_route=\/wp\/v2\/posts"}],"about":[{"href":"https:\/\/www.visionweb.com.ar\/index.php?rest_route=\/wp\/v2\/types\/post"}],"author":[{"embeddable":true,"href":"https:\/\/www.visionweb.com.ar\/index.php?rest_route=\/wp\/v2\/users\/4"}],"replies":[{"embeddable":true,"href":"https:\/\/www.visionweb.com.ar\/index.php?rest_route=%2Fwp%2Fv2%2Fcomments&post=17421"}],"version-history":[{"count":1,"href":"https:\/\/www.visionweb.com.ar\/index.php?rest_route=\/wp\/v2\/posts\/17421\/revisions"}],"predecessor-version":[{"id":17422,"href":"https:\/\/www.visionweb.com.ar\/index.php?rest_route=\/wp\/v2\/posts\/17421\/revisions\/17422"}],"wp:featuredmedia":[{"embeddable":true,"href":"https:\/\/www.visionweb.com.ar\/index.php?rest_route=\/wp\/v2\/media\/9812"}],"wp:attachment":[{"href":"https:\/\/www.visionweb.com.ar\/index.php?rest_route=%2Fwp%2Fv2%2Fmedia&parent=17421"}],"wp:term":[{"taxonomy":"category","embeddable":true,"href":"https:\/\/www.visionweb.com.ar\/index.php?rest_route=%2Fwp%2Fv2%2Fcategories&post=17421"},{"taxonomy":"post_tag","embeddable":true,"href":"https:\/\/www.visionweb.com.ar\/index.php?rest_route=%2Fwp%2Fv2%2Ftags&post=17421"}],"curies":[{"name":"wp","href":"https:\/\/api.w.org\/{rel}","templated":true}]}}