{"id":17419,"date":"2025-03-04T12:30:12","date_gmt":"2025-03-04T15:30:12","guid":{"rendered":"https:\/\/www.visionweb.com.ar\/?p=17419"},"modified":"2025-03-04T12:30:12","modified_gmt":"2025-03-04T15:30:12","slug":"kicillof-abrira-las-sesiones-ordinarias-en-la-legislatura","status":"publish","type":"post","link":"https:\/\/www.visionweb.com.ar\/?p=17419","title":{"rendered":"Kicillof abrir\u00e1 las sesiones ordinarias en la Legislatura"},"content":{"rendered":"<p><strong><em>Ser\u00e1 ma\u00f1ana mi\u00e9rcoles a las 17. No se esperan definiciones electorales pero s\u00ed respuestas y pedidos al Presidente Milei.<\/em><\/strong><!--more--><\/p>\n<div id=\"attachment_12833\" style=\"width: 310px\" class=\"wp-caption alignright\"><img loading=\"lazy\" decoding=\"async\" aria-describedby=\"caption-attachment-12833\" class=\"wp-image-12833 size-medium\" src=\"https:\/\/www.visionweb.com.ar\/wp-content\/uploads\/2023\/12\/kicillof-300x206.png\" alt=\"\" width=\"300\" height=\"206\" srcset=\"https:\/\/www.visionweb.com.ar\/wp-content\/uploads\/2023\/12\/kicillof-300x206.png 300w, https:\/\/www.visionweb.com.ar\/wp-content\/uploads\/2023\/12\/kicillof.png 508w\" sizes=\"auto, (max-width: 300px) 100vw, 300px\" \/><p id=\"caption-attachment-12833\" class=\"wp-caption-text\">Foto archivo<\/p><\/div>\n<p><strong>\u00a0\u00a0 L<\/strong>a apertura del <strong>153\u00b0 per\u00edodo de Sesiones Ordinarias de la Legislatura Bonaerense<\/strong> ser\u00e1\u00a0el mi\u00e9rcoles, a las 17, y estar\u00e1 encabezada por<strong> gobernador de la provincia de Buenos Aires,\u00a0Axel Kicillof, <\/strong>de quien se espera que responda cr\u00edticas sobre el problema de inseguridad en su discurso y mencione el ajuste que sufri\u00f3 la Provincia por parte de Naci\u00f3n.<\/p>\n<p>En medio del debate sobre la inseguridad y los recientes cruces con el Gobierno nacional, el gobernador\u00a0<strong>Axel Kicillof<\/strong>\u00a0abrir\u00e1 este mi\u00e9rcoles a la tarde el 153\u00b0 per\u00edodo de sesiones ordinarias.<\/p>\n<p>El mandatario hablar\u00e1 ante la Asamblea Legislativa desde a Plata, en lo que ser\u00e1 un discurso en el que dar\u00e1 cuenta de c\u00f3mo transit\u00f3 el primer a\u00f1o de su gesti\u00f3n con un fuerte recorte de recursos nacionales, conforme anticip\u00f3 Agencia DIB.<\/p>\n<p>Kicillof, ante una Legislatura que s\u00ed tendr\u00e1 presencia opositora, le contestar\u00e1 a Milei, quien ante el Congreso, el s\u00e1bado pasado, volvi\u00f3 a <strong>pedirle la renuncia para intervenir la provincia<\/strong>, algo que recibi\u00f3 el rechazo de todo el peronismo.<\/p>\n<p>Har\u00e1 hincapi\u00e9 en el\u00a0<strong>recorte de fondos que sufri\u00f3 la Provincia<\/strong>\u00a0y le pedir\u00e1 nuevamente al presidente trabajar en conjunto para resolver el tema de la inseguridad.<\/p>\n<p>Este discurso, cabe recordar, tendr\u00e1 un <strong>contexto especial<\/strong> marcado por\u00a0<strong>el rechazo a los proyectos de Presupuesto -incluida la autorizaci\u00f3n de endeudamiento- y ley Impositiva<\/strong>\u00a0a fin del a\u00f1o pasado. En ese sentido, se espera un pronunciamiento sobre la necesidad de contar con las herramientas que la oposici\u00f3n le neg\u00f3 el diciembre.<\/p>\n<p>M\u00e1s all\u00e1 del repaso que har\u00e1 sobre el primer a\u00f1o del segundo per\u00edodo de gesti\u00f3n, las expectativas opositoras est\u00e1n puestas en alg\u00fan anuncio pol\u00edtico\/electoral. Pero no parece que eso sea posible. Todo indica que el gobernador no se definir\u00e1 ante los legisladores si se\u00a0<strong>suspender\u00e1n las PASO<\/strong>\u00a0en la provincia de Buenos Aires o si finalmente se desdoblar\u00e1 la fecha de las elecciones nacionales de las provinciales.<\/p>\n<p>A la apertura de sesiones bonaerense fueron invitados formalmente la presidenta del Partido Justicialista (PJ) a nivel nacional,\u00a0<strong>Cristina Fern\u00e1ndez de Kirchner<\/strong>, y el titular del PJ bonaerense,\u00a0<strong>M\u00e1ximo Kirchner<\/strong>. Tambi\u00e9n se invit\u00f3 al l\u00edder del FR,<strong>\u00a0Sergio Massa.\u00a0<\/strong>Ninguno confirm\u00f3 a\u00fan si dir\u00e1 presente en La Plata. <strong>(VW)<\/strong><\/p>\n","protected":false},"excerpt":{"rendered":"<p>Ser\u00e1 ma\u00f1ana mi\u00e9rcoles a las 17. No se esperan definiciones electorales pero s\u00ed respuestas y pedidos al Presidente Milei.<\/p>\n","protected":false},"author":4,"featured_media":12833,"comment_status":"closed","ping_status":"closed","sticky":false,"template":"","format":"standard","meta":{"_monsterinsights_skip_tracking":false,"_monsterinsights_sitenote_active":false,"_monsterinsights_sitenote_note":"","_monsterinsights_sitenote_category":0,"footnotes":""},"categories":[4],"tags":[7431,167,2240],"class_list":["post-17419","post","type-post","status-publish","format-standard","has-post-thumbnail","hentry","category-politica","tag-aperturasesiones","tag-kicillof","tag-legislatura-bonaerense"],"_links":{"self":[{"href":"https:\/\/www.visionweb.com.ar\/index.php?rest_route=\/wp\/v2\/posts\/17419","targetHints":{"allow":["GET"]}}],"collection":[{"href":"https:\/\/www.visionweb.com.ar\/index.php?rest_route=\/wp\/v2\/posts"}],"about":[{"href":"https:\/\/www.visionweb.com.ar\/index.php?rest_route=\/wp\/v2\/types\/post"}],"author":[{"embeddable":true,"href":"https:\/\/www.visionweb.com.ar\/index.php?rest_route=\/wp\/v2\/users\/4"}],"replies":[{"embeddable":true,"href":"https:\/\/www.visionweb.com.ar\/index.php?rest_route=%2Fwp%2Fv2%2Fcomments&post=17419"}],"version-history":[{"count":1,"href":"https:\/\/www.visionweb.com.ar\/index.php?rest_route=\/wp\/v2\/posts\/17419\/revisions"}],"predecessor-version":[{"id":17420,"href":"https:\/\/www.visionweb.com.ar\/index.php?rest_route=\/wp\/v2\/posts\/17419\/revisions\/17420"}],"wp:featuredmedia":[{"embeddable":true,"href":"https:\/\/www.visionweb.com.ar\/index.php?rest_route=\/wp\/v2\/media\/12833"}],"wp:attachment":[{"href":"https:\/\/www.visionweb.com.ar\/index.php?rest_route=%2Fwp%2Fv2%2Fmedia&parent=17419"}],"wp:term":[{"taxonomy":"category","embeddable":true,"href":"https:\/\/www.visionweb.com.ar\/index.php?rest_route=%2Fwp%2Fv2%2Fcategories&post=17419"},{"taxonomy":"post_tag","embeddable":true,"href":"https:\/\/www.visionweb.com.ar\/index.php?rest_route=%2Fwp%2Fv2%2Ftags&post=17419"}],"curies":[{"name":"wp","href":"https:\/\/api.w.org\/{rel}","templated":true}]}}