{"id":17416,"date":"2025-03-04T12:04:54","date_gmt":"2025-03-04T15:04:54","guid":{"rendered":"https:\/\/www.visionweb.com.ar\/?p=17416"},"modified":"2025-03-04T12:05:57","modified_gmt":"2025-03-04T15:05:57","slug":"piden-darsena-para-la-escuela-de-educacion-especial-507","status":"publish","type":"post","link":"https:\/\/www.visionweb.com.ar\/?p=17416","title":{"rendered":"Piden d\u00e1rsena para la escuela de Educaci\u00f3n Especial 507"},"content":{"rendered":"<p><em><strong>Es establecimiento, ubicado en Pasaje Gonz\u00e1lez 40, en Lomas de Zamora desde hace tiempo pide la construcci\u00f3n de unas d\u00e1rsena para el descenso de los alumnos.<\/strong><\/em> <!--more--><img loading=\"lazy\" decoding=\"async\" class=\"size-medium wp-image-17417 alignleft\" src=\"https:\/\/www.visionweb.com.ar\/wp-content\/uploads\/2025\/03\/EE-DE-ENSENAZA-405-300x225.jpeg\" alt=\"\" width=\"300\" height=\"225\" srcset=\"https:\/\/www.visionweb.com.ar\/wp-content\/uploads\/2025\/03\/EE-DE-ENSENAZA-405-300x225.jpeg 300w, https:\/\/www.visionweb.com.ar\/wp-content\/uploads\/2025\/03\/EE-DE-ENSENAZA-405-320x240.jpeg 320w, https:\/\/www.visionweb.com.ar\/wp-content\/uploads\/2025\/03\/EE-DE-ENSENAZA-405.jpeg 640w\" sizes=\"auto, (max-width: 300px) 100vw, 300px\" \/>Desde hace m\u00e1s de dos a\u00f1os\u00a0la comunidad educativa de la Escuela de Educaci\u00f3n Especial N\u00b0 507 \u201cOlga Cossenttini\u201d, viene solicitando la construcci\u00f3n de una d\u00e1rsena en la puerta del establecimiento para garantizar la seguridad en eldescenso y ascenso de los alumnos con discapacidad que all\u00ed asisten.<\/p>\n<p>\u00abAl ser angosto el pasaje producto de la intervenci\u00f3n del Municipio en el a\u00f1o 2012 para la puesta del \u201cPaseo del Arte\u201d se redujo el espacio del estacionamiento en la puerta del establecimiento y con ello la detenci\u00f3n del transporte escolar impide la circulaci\u00f3n del tr\u00e1nsito y genera situaciones inc\u00f3modas tanto para los alumnos como para las autoridades, personal docente y no docente de la escuela especial\u00bb, se\u00f1al\u00f3 el Dr. Jorge Villalba concejal de a Coalici\u00f3n C\u00edvica Ari.<\/p>\n<p>Los ruidos \u2013bocinazos, gritos y hasta situaciones violentas- que provocan la detenci\u00f3n del tr\u00e1nsito, alteran a los alumnos con trastornos del espectro autista\u201d puntualiz\u00f3 el Edil.<\/p>\n<p>La importancia de la construcci\u00f3n de una d\u00e1rsena de estacionamiento, es de vital importancia para la comunidad educativa, que motiv\u00f3 de presentaci\u00f3n de dos proyectos por parte de los alumnos en su participaci\u00f3n en las sesiones del Joven Parlamentario, que lleva a cabo en el Municipio, uno en el 2023 y otro en el 2024 solicitando la creaci\u00f3n de la misma.<\/p>\n<p>Estos Proyectos, lamentablemente, al d\u00eda de la fecha \u00abno recibieron tratamiento alguno, a pesar de que el objetivo del <strong>Programa Joven Parlamentario es acercar las voces y necesidades de los estudiantes a las autoridades municipales<\/strong> para que den soluci\u00f3n a lo solicitado\u00bb destac\u00f3 el referente de la Coalici\u00f3n C\u00edvica Ari.<\/p>\n<p>\u00abPor eso, he sumado mi pedido al Departamento Ejecutivo con la presentaci\u00f3n de un proyecto. \u00abEs necesario que se de una urgente respuesta a este claro pedido de la comunidad educativa de la EEE 507\u00bb, cerr\u00f3 Villalba<strong>(VW)<\/strong> .<\/p>\n","protected":false},"excerpt":{"rendered":"<p>Es establecimiento, ubicado en Pasaje Gonz\u00e1lez 40, en Lomas de Zamora desde hace tiempo pide la construcci\u00f3n de unas d\u00e1rsena para el descenso de los alumnos.<\/p>\n","protected":false},"author":3,"featured_media":17417,"comment_status":"closed","ping_status":"closed","sticky":false,"template":"","format":"standard","meta":{"_monsterinsights_skip_tracking":false,"_monsterinsights_sitenote_active":false,"_monsterinsights_sitenote_note":"","_monsterinsights_sitenote_category":0,"footnotes":""},"categories":[4,5],"tags":[7429,4078,7430,7428,318],"class_list":["post-17416","post","type-post","status-publish","format-standard","has-post-thumbnail","hentry","category-politica","category-sociedad","tag-7429","tag-consejo-deliberante","tag-darsena","tag-eea","tag-lomas-de-zamora"],"_links":{"self":[{"href":"https:\/\/www.visionweb.com.ar\/index.php?rest_route=\/wp\/v2\/posts\/17416","targetHints":{"allow":["GET"]}}],"collection":[{"href":"https:\/\/www.visionweb.com.ar\/index.php?rest_route=\/wp\/v2\/posts"}],"about":[{"href":"https:\/\/www.visionweb.com.ar\/index.php?rest_route=\/wp\/v2\/types\/post"}],"author":[{"embeddable":true,"href":"https:\/\/www.visionweb.com.ar\/index.php?rest_route=\/wp\/v2\/users\/3"}],"replies":[{"embeddable":true,"href":"https:\/\/www.visionweb.com.ar\/index.php?rest_route=%2Fwp%2Fv2%2Fcomments&post=17416"}],"version-history":[{"count":1,"href":"https:\/\/www.visionweb.com.ar\/index.php?rest_route=\/wp\/v2\/posts\/17416\/revisions"}],"predecessor-version":[{"id":17418,"href":"https:\/\/www.visionweb.com.ar\/index.php?rest_route=\/wp\/v2\/posts\/17416\/revisions\/17418"}],"wp:featuredmedia":[{"embeddable":true,"href":"https:\/\/www.visionweb.com.ar\/index.php?rest_route=\/wp\/v2\/media\/17417"}],"wp:attachment":[{"href":"https:\/\/www.visionweb.com.ar\/index.php?rest_route=%2Fwp%2Fv2%2Fmedia&parent=17416"}],"wp:term":[{"taxonomy":"category","embeddable":true,"href":"https:\/\/www.visionweb.com.ar\/index.php?rest_route=%2Fwp%2Fv2%2Fcategories&post=17416"},{"taxonomy":"post_tag","embeddable":true,"href":"https:\/\/www.visionweb.com.ar\/index.php?rest_route=%2Fwp%2Fv2%2Ftags&post=17416"}],"curies":[{"name":"wp","href":"https:\/\/api.w.org\/{rel}","templated":true}]}}