{"id":17409,"date":"2025-03-04T08:50:18","date_gmt":"2025-03-04T11:50:18","guid":{"rendered":"https:\/\/www.visionweb.com.ar\/?p=17409"},"modified":"2025-03-04T08:53:47","modified_gmt":"2025-03-04T11:53:47","slug":"esteban-echeverria-el-intendente-gray-inauguro-las-sesiones-ordinarias-2025","status":"publish","type":"post","link":"https:\/\/www.visionweb.com.ar\/?p=17409","title":{"rendered":"Esteban Echeverr\u00eda: El intendente Gray inaugur\u00f3 las sesiones ordinarias 2025"},"content":{"rendered":"<p><em><strong>El Jefe comunal destac\u00f3 los beneficios que se otorgan a los emprendimientos industriales que se quieren radicar en el distrito.<\/strong><\/em> <!--more--><\/p>\n<p>El intendente de Esteban Echeverr\u00eda, Fernando Gray, realiz\u00f3 la apertura de sesiones ordinarias del Honorable Concejo Deliberante.<\/p>\n<p>El acto \u2014llevado a cabo en el Sal\u00f3n de los Espejos del Polo Judicial (Monte Grande)\u2014 cont\u00f3 con la presencia de concejalas, concejales, integrantes de entidades y organizaciones, vecinas y vecinos.<\/p>\n<p>Al inicio de su discurso, Grey, al repasar las acciones de su gesti\u00f3n,\u00a0 habl\u00f3 sobre los aumentos de tarifas y expres\u00f3: \u201cDurante este \u00faltimo a\u00f1o hicimos o\u00edr la voz de nuestros vecinos en 13 audiencias p\u00fablicas, fuimos el \u00fanico municipio que particip\u00f3 mientras el gobierno firma cheques en blanco para futuros aumentos\u201d,<\/p>\n<p>\u00bf\u201cC\u00f3mo no voy a decir en una audiencia p\u00fablica que se nos corta la luz, que las pymes no tienen energ\u00eda suficiente para producir? Tengo que decirlo, hay que denunciarlo. \u00bfPara qu\u00e9 estamos los que tenemos responsabilidad si no vamos a decir las cosas? Como el resto no participa, no solo vamos a defender a Esteban Echeverr\u00eda sino a toda la provincia de Buenos Aires\u201d, agreg\u00f3.<\/p>\n<p>Al referirse al desarrollo econ\u00f3mico del distrito, Fernando Gray destac\u00f3 el programa Invert\u00ed en Esteban Echeverr\u00eda, iniciativa que promueve la producci\u00f3n industrial y el trabajo local.<\/p>\n<p>En ese sentido, indic\u00f3 que el Municipio lleva adelante \u201cprogramas de fomento del trabajo y fortalecimiento del entramado productivo a trav\u00e9s de un c\u00edrculo virtuoso en el empleo genuino y con nuestras vecinas y nuestros vecinos como prioridad\u201d y agreg\u00f3: \u201cla gente tiene que tener su trabajo, sus ingresos, su jubilaci\u00f3n, una ART. Cuando hay una necesidad hay que ayudar, pero tenemos que entender como pa\u00eds y como municipio que necesitamos trabajo genuino y de calidad cercano a los hogares de vecinas y vecinos\u201d.<\/p>\n<p>En materia de obra p\u00fablica nacional, el intendente remarc\u00f3 que \u201cen el distrito hay m\u00e1s de 20 obras paralizadas\u201d, y detall\u00f3 las obras edilicias que se llevan adelante con el financiamiento del Municipio, como las m\u00e1s de 20 realizadas en instituciones educativas para brindar mejores condiciones de ense\u00f1anza y aprendizaje.<\/p>\n<p>Tambi\u00e9n destac\u00f3 la puesta en valor del Museo Hist\u00f3rico Municipal La Campana, la remodelaci\u00f3n del Polo Judicial y la recuperaci\u00f3n de la quinta La Isolina, entre otras.<\/p>\n<p>En su discurso, Gray destac\u00f3 obras de infraestructura, como la limpieza de los arroyos Santa Catalina, Ortega, Medrano y Matanza, y la recuperaci\u00f3n de caminos rurales y semirurales.<\/p>\n<p>Asimismo, destac\u00f3 la importancia de la justicia energ\u00e9tica: \u201cHemos logrado normalizar la distribuci\u00f3n de energ\u00eda en los barrios San Carlos II y San Joaqu\u00edn y finalizamos la obra de repotenciaci\u00f3n para el centro de Monte Grande, y llevamos a cabo mejoras de la distribuci\u00f3n en las redes de baja y media tensi\u00f3n en la zona de El Jag\u00fcel y en las \u00e1reas centrales\u201d.<\/p>\n<p><strong>Anuncios<\/strong><\/p>\n<p>Tambi\u00e9n anunci\u00f3 el inicio de las obras de la subestaci\u00f3n transformadora de Esteban Echeverr\u00eda en Luis Guill\u00f3n para mejorar la energ\u00eda de esa localidad y de Monte Grande, y lograr una mejor redistribuci\u00f3n al resto de las localidades.<\/p>\n<p>En materia de salud, el intendente destac\u00f3 el reacondicionamiento de los consultorios para la atenci\u00f3n de pacientes en los que se conformaron \u00e1reas de ginecolog\u00eda, obstetricia y neurolog\u00eda con m\u00e1quinas de \u00faltima tecnolog\u00eda. Tambi\u00e9n, las obras en el Hospital Municipal Santamarina, como la puesta en valor de la sala de neonatolog\u00eda y la unidad de cuidados intensivos neonatales, y la construcci\u00f3n de dos salas de trabajo de parto respetado.<\/p>\n<p>Adem\u00e1s, Fernando Gray hizo hincapi\u00e9 en las pol\u00edticas de desarrollo social que acompa\u00f1an a la comunidad. \u201cNosotros ten\u00edamos el servicio de Desarrollo Social que abr\u00eda a las 7 de la ma\u00f1ana. Yo ped\u00ed que se abra a las 5 de la ma\u00f1ana la atenci\u00f3n alimentaria porque hab\u00eda gente desde muy temprano. La mayor\u00eda de los alimentos que se compran en Esteban Echeverr\u00eda se pagan con fondos municipales\u201d.<\/p>\n<p>Entre estas pol\u00edticas, destac\u00f3 programas importantes, como la ordenanza a trav\u00e9s de la cual el Municipio cubre tratamientos con medicaci\u00f3n o pr\u00f3tesis de costos inalcanzables para adultas y adultos mayores: \u201cLa gente mayor est\u00e1 angustiada porque PAMI no est\u00e1 asistiendo con los medicamentos m\u00e1s costosos y nosotros no podemos permitirlo. Si PAMI no cumple, como Municipio nos vamos a hacer cargo de esos medicamentos\u201d, expres\u00f3.<\/p>\n<p>En educaci\u00f3n, el intendente resalt\u00f3 el programa de entrega de netbooks a chicas y chicos de escuelas secundarias. En ese sentido y ante la necesidad de seguir invirtiendo en el futuro de las nuevas generaciones, Fernando Gray adelant\u00f3 que este a\u00f1o se continuar\u00e1n entregando computadoras mediante una inversi\u00f3n municipal: \u201cSi vos les das una computadora, fundamentalmente, a quienes est\u00e1n en las escuelas secundarias, las chicas y los chicos siguen estudiando y progresando\u201d, indic\u00f3.<\/p>\n<p>Al hablar de la seguridad urbana, el intendente explic\u00f3 que es \u201cun eje central\u201d para la gesti\u00f3n. Mencion\u00f3 la importancia de la instalaci\u00f3n de 1.701 c\u00e1maras y domos con visualizaci\u00f3n 360\u00b0, 70 paradas seguras y t\u00f3tems equipados con videovigilancia e intercomunicadores, la incorporaci\u00f3n de la Fuerza Barrial de Aproximaci\u00f3n (FBA) que cuenta con 200 agentes (150 son personas que viven en el distrito y que prestaban servicio en otros municipios), el refuerzo de la Guardia Urbana (con 34 m\u00f3viles activos) y la labor del Centro Operativo de Monitoreo, en donde se trabaja las 24 horas de manera mancomunada con las fuerzas de seguridad. \u201cCuando ingresamos al Municipio hab\u00eda 400 personas en todas las fuerzas, hoy tenemos m\u00e1s de 1000 efectivos en las distintas fuerzas de Esteban Echeverr\u00eda\u201d, explic\u00f3<strong>(VW)<\/strong>.<\/p>\n<p>&nbsp;<\/p>\n","protected":false},"excerpt":{"rendered":"<p>El Jefe comunal destac\u00f3 los beneficios que se otorgan a los emprendimientos industriales que se quieren radicar en el distrito.<\/p>\n","protected":false},"author":3,"featured_media":17410,"comment_status":"closed","ping_status":"closed","sticky":false,"template":"","format":"standard","meta":{"_monsterinsights_skip_tracking":false,"_monsterinsights_sitenote_active":false,"_monsterinsights_sitenote_note":"","_monsterinsights_sitenote_category":0,"footnotes":""},"categories":[4],"tags":[23,5279,529],"class_list":["post-17409","post","type-post","status-publish","format-standard","has-post-thumbnail","hentry","category-politica","tag-educacion","tag-gray","tag-seguridad"],"_links":{"self":[{"href":"https:\/\/www.visionweb.com.ar\/index.php?rest_route=\/wp\/v2\/posts\/17409","targetHints":{"allow":["GET"]}}],"collection":[{"href":"https:\/\/www.visionweb.com.ar\/index.php?rest_route=\/wp\/v2\/posts"}],"about":[{"href":"https:\/\/www.visionweb.com.ar\/index.php?rest_route=\/wp\/v2\/types\/post"}],"author":[{"embeddable":true,"href":"https:\/\/www.visionweb.com.ar\/index.php?rest_route=\/wp\/v2\/users\/3"}],"replies":[{"embeddable":true,"href":"https:\/\/www.visionweb.com.ar\/index.php?rest_route=%2Fwp%2Fv2%2Fcomments&post=17409"}],"version-history":[{"count":1,"href":"https:\/\/www.visionweb.com.ar\/index.php?rest_route=\/wp\/v2\/posts\/17409\/revisions"}],"predecessor-version":[{"id":17411,"href":"https:\/\/www.visionweb.com.ar\/index.php?rest_route=\/wp\/v2\/posts\/17409\/revisions\/17411"}],"wp:featuredmedia":[{"embeddable":true,"href":"https:\/\/www.visionweb.com.ar\/index.php?rest_route=\/wp\/v2\/media\/17410"}],"wp:attachment":[{"href":"https:\/\/www.visionweb.com.ar\/index.php?rest_route=%2Fwp%2Fv2%2Fmedia&parent=17409"}],"wp:term":[{"taxonomy":"category","embeddable":true,"href":"https:\/\/www.visionweb.com.ar\/index.php?rest_route=%2Fwp%2Fv2%2Fcategories&post=17409"},{"taxonomy":"post_tag","embeddable":true,"href":"https:\/\/www.visionweb.com.ar\/index.php?rest_route=%2Fwp%2Fv2%2Ftags&post=17409"}],"curies":[{"name":"wp","href":"https:\/\/api.w.org\/{rel}","templated":true}]}}