{"id":17400,"date":"2025-03-03T09:01:43","date_gmt":"2025-03-03T12:01:43","guid":{"rendered":"https:\/\/www.visionweb.com.ar\/?p=17400"},"modified":"2025-03-03T09:01:43","modified_gmt":"2025-03-03T12:01:43","slug":"convocan-a-una-manifestacion-para-exigir-un-juicio-politico-a-javier-milei","status":"publish","type":"post","link":"https:\/\/www.visionweb.com.ar\/?p=17400","title":{"rendered":"Convocan a una manifestaci\u00f3n para exigir un juicio pol\u00edtico a Javier Milei"},"content":{"rendered":"<p><strong>Ser\u00e1 el pr\u00f3ximo jueves frente al Congreso. Estar\u00e1n presentes pol\u00edticos, sindicatos, abogados constitucionalistas y agrupaciones de derechos humanos.<\/strong><!--more--><\/p>\n<p><strong> <img loading=\"lazy\" decoding=\"async\" class=\"size-full wp-image-1797 alignright\" src=\"https:\/\/www.visionweb.com.ar\/wp-content\/uploads\/2021\/06\/congreso.bmp\" alt=\"\" width=\"443\" height=\"304\" \/>\u00a0\u00a0 D<\/strong>iferentes espacios pol\u00edticos, referentes de derechos humanos, gremialistas y abogados constitucionalistas anunciaron que realizar\u00e1n un acto, el pr\u00f3ximo jueves,\u00a0<strong>frente al Congreso de la Naci\u00f3n<\/strong>, para\u00a0<strong>exigir que se lleve a cabo <\/strong>un\u00a0<strong>juicio pol\u00edtico<\/strong>\u00a0al presidente\u00a0<strong>Javier Milei<\/strong>, tras la denuncia de un ataque al diputado radical,\u00a0<strong>Facundo Manes (UCR)<\/strong>, durante la apertura de sesiones ordinarias.<\/p>\n<p>Entre los organizadores del encuentro, que tendr\u00e1 lugar el jueves a las 18 horas en la\u00a0<strong>Plaza de los Dos Congresos<\/strong>, est\u00e1n <strong>Adolfo P\u00e9rez Esquivel<\/strong> (Premio Nobel de la Paz), \u00a0la exembajadora\u00a0<strong>Alicia Castro<\/strong>, el abogado constitucionalista,<strong>\u00a0Eduardo Barcesat<\/strong>, los gremialistas,\u00a0<strong>Rafael Klejzer<\/strong>\u00a0y\u00a0<strong>Hugo Godoy<\/strong>, y exdirector del\u00a0<strong>Banco Naci\u00f3n<\/strong>\u00a0(<strong>BCRA<\/strong>),\u00a0<strong>Claudio Lozano<\/strong>.<\/p>\n<p>\u201c<strong>Un diputado levanta la Constituci\u00f3n Nacional y un sicario del Presidente lo golpea. \u00bfVas a esperar que cierren el Congreso?<\/strong>\u201d, cuestion\u00f3\u00a0<strong>Alicia Castro\u00a0<\/strong>en sus redes sociales, en referencia los hechos ocurridos durante la sesi\u00f3n inaugural, en la que se vieron involucrados el legislador radical,\u00a0<strong>Facundo Manes<\/strong>, y el asesor presidencial,\u00a0<strong>Santiago Caputo<\/strong>.<\/p>\n<p>Cabe se\u00f1alar que, en la apertura del 143\u00b0 per\u00edodo de sesiones ordinarias,\u00a0<strong>Milei\u00a0<\/strong>hizo referencia al inter\u00e9s del\u00a0<strong>Ejecutivo\u00a0<\/strong>por acelerar la cobertura de cargos vacantes de la\u00a0<strong>Corte Suprema de la Justica<\/strong>\u00a0y el diputado radical lo cuestion\u00f3 al ense\u00f1arle la Constituci\u00f3n, mientras que el\u00a0<strong>jefe de Estado<\/strong>\u00a0le retruc\u00f3 el gesto al invitarlo a leerla, inform\u00f3 Diputados Bonaerenses.<\/p>\n<p><img loading=\"lazy\" decoding=\"async\" class=\"size-full wp-image-10693 alignleft\" src=\"https:\/\/www.visionweb.com.ar\/wp-content\/uploads\/2023\/05\/manes.png\" alt=\"\" width=\"240\" height=\"135\" \/>Posterior a ello,\u00a0<strong>Manes\u00a0<\/strong>apunt\u00f3 a uno de los palcos del recinto en donde se encontraba\u00a0<strong>Caputo<\/strong>, pese a haber parecido que la situaci\u00f3n quedar\u00eda en un cruce pol\u00edtico, la situaci\u00f3n escal\u00f3 luego que finaliz\u00f3 la\u00a0<strong>Asamblea Legislativa<\/strong>, cuando el diputado y el asesor se cruzaron en uno de los pasillos del\u00a0<strong>Congreso<\/strong>. \u201c<strong>Vino alguien y me peg\u00f3 dos pi\u00f1as<\/strong>\u201d, acus\u00f3 Manes.<\/p>\n<p>Por su parte,\u00a0<strong>Eduardo Barcesat\u00a0<\/strong>destac\u00f3 que el pedido de\u00a0<strong>juicio pol\u00edtico<\/strong>\u00a0se sustenta en la \u201cestafa perpetrada\u201d por el\u00a0<strong>Gobierno\u00a0<\/strong>y en la \u201cviolaci\u00f3n de principios republicanos\u201d.<\/p>\n<p>En tanto,\u00a0<strong>Claudio Lozano\u00a0<\/strong>apunt\u00f3 contra\u00a0<strong>Milei\u00a0<\/strong>por el <strong>esc\u00e1ndalo del criptogate<\/strong> y la transformaci\u00f3n del\u00a0<strong>Banco Naci\u00f3n<\/strong>\u00a0en una\u00a0<strong>Sociedad An\u00f3nima<\/strong>, lo que, seg\u00fan \u00e9l, allana el camino a la privatizaci\u00f3n.<\/p>\n<p>\u201cEstamos frente a una locura institucional propia de un demente que est\u00e1 ocupando, insanamente, la m\u00e1xima autoridad pol\u00edtica del pa\u00eds\u201d, expres\u00f3\u00a0<strong>Lozano<\/strong>. En la misma l\u00ednea,\u00a0<strong>Hugo Godoy\u00a0<\/strong>se\u00f1al\u00f3 que \u201c<strong>Milei\u00a0<\/strong>deber\u00eda recapacitar sobre sus acciones y discursos\u201d, critic\u00f3 la falta de referencia a la criptoestafa y cuestion\u00f3 la <strong>designaci\u00f3n por decreto de jueces<\/strong> para la\u00a0<strong>Corte Suprema<\/strong>.<\/p>\n<p><strong><img loading=\"lazy\" decoding=\"async\" class=\"size-medium wp-image-17392 alignright\" src=\"https:\/\/www.visionweb.com.ar\/wp-content\/uploads\/2025\/03\/CONGRESO-MILEI-300x143.png\" alt=\"\" width=\"300\" height=\"143\" srcset=\"https:\/\/www.visionweb.com.ar\/wp-content\/uploads\/2025\/03\/CONGRESO-MILEI-300x143.png 300w, https:\/\/www.visionweb.com.ar\/wp-content\/uploads\/2025\/03\/CONGRESO-MILEI.png 640w\" sizes=\"auto, (max-width: 300px) 100vw, 300px\" \/>El descargo de Milei:<\/strong><\/p>\n<p>En las \u00faltimas horas, el Presidente,\u00a0<strong>Javier Milei<\/strong>, y el influencer, Fran Fijap, desmintieron las acusaciones de Manes, luego de que este <strong>denunciara haber sido agredido<\/strong> en el\u00a0<strong>Congreso\u00a0<\/strong>por el asesor del<strong>\u00a0jefe de Estado, Santiago Caputo<\/strong>.<\/p>\n<p>\u201cMuchos periodistas coimeros y mentirosos quedar\u00e1n muy mal expuestos por las mentiras y ataques disparados ayer\u201d, fustig\u00f3 el\u00a0<strong>Presidente\u00a0<\/strong>y agreg\u00f3 que \u201c<strong>Facundo Manes miente\u201d<\/strong>, luego de asegurar que tiene pruebas que podr\u00edan dejar \u201cen offside a ese mamarracho que metieron en la\u00a0<strong>C\u00e1mara de Diputados\u201d<\/strong>.<\/p>\n<p>La defensa de\u00a0<strong>Milei\u00a0<\/strong>fue complementada por el\u00a0<strong>influencer<\/strong>, que public\u00f3 un video en redes sociales donde puede ver parte del cruce de\u00a0<strong>Caputo\u00a0<\/strong>y\u00a0<strong>Manes<\/strong>, y consider\u00f3 que es prueba suficiente para desmentir las repercusiones medi\u00e1ticas que respaldaron los dichos del diputado radical. <strong>(VW)<\/strong><\/p>\n","protected":false},"excerpt":{"rendered":"<p>Ser\u00e1 el pr\u00f3ximo jueves frente al Congreso. Estar\u00e1n presentes pol\u00edticos, sindicatos, abogados constitucionalistas y agrupaciones de derechos humanos.<\/p>\n","protected":false},"author":4,"featured_media":1797,"comment_status":"closed","ping_status":"closed","sticky":false,"template":"","format":"standard","meta":{"_monsterinsights_skip_tracking":false,"_monsterinsights_sitenote_active":false,"_monsterinsights_sitenote_note":"","_monsterinsights_sitenote_category":0,"footnotes":""},"categories":[4],"tags":[7423,3153,7358,1729],"class_list":["post-17400","post","type-post","status-publish","format-standard","has-post-thumbnail","hentry","category-politica","tag-acto-en-el-congreso","tag-jueves","tag-juicio-politico-a-milei","tag-oposicion"],"_links":{"self":[{"href":"https:\/\/www.visionweb.com.ar\/index.php?rest_route=\/wp\/v2\/posts\/17400","targetHints":{"allow":["GET"]}}],"collection":[{"href":"https:\/\/www.visionweb.com.ar\/index.php?rest_route=\/wp\/v2\/posts"}],"about":[{"href":"https:\/\/www.visionweb.com.ar\/index.php?rest_route=\/wp\/v2\/types\/post"}],"author":[{"embeddable":true,"href":"https:\/\/www.visionweb.com.ar\/index.php?rest_route=\/wp\/v2\/users\/4"}],"replies":[{"embeddable":true,"href":"https:\/\/www.visionweb.com.ar\/index.php?rest_route=%2Fwp%2Fv2%2Fcomments&post=17400"}],"version-history":[{"count":1,"href":"https:\/\/www.visionweb.com.ar\/index.php?rest_route=\/wp\/v2\/posts\/17400\/revisions"}],"predecessor-version":[{"id":17402,"href":"https:\/\/www.visionweb.com.ar\/index.php?rest_route=\/wp\/v2\/posts\/17400\/revisions\/17402"}],"wp:featuredmedia":[{"embeddable":true,"href":"https:\/\/www.visionweb.com.ar\/index.php?rest_route=\/wp\/v2\/media\/1797"}],"wp:attachment":[{"href":"https:\/\/www.visionweb.com.ar\/index.php?rest_route=%2Fwp%2Fv2%2Fmedia&parent=17400"}],"wp:term":[{"taxonomy":"category","embeddable":true,"href":"https:\/\/www.visionweb.com.ar\/index.php?rest_route=%2Fwp%2Fv2%2Fcategories&post=17400"},{"taxonomy":"post_tag","embeddable":true,"href":"https:\/\/www.visionweb.com.ar\/index.php?rest_route=%2Fwp%2Fv2%2Ftags&post=17400"}],"curies":[{"name":"wp","href":"https:\/\/api.w.org\/{rel}","templated":true}]}}