{"id":17394,"date":"2025-03-02T09:55:33","date_gmt":"2025-03-02T12:55:33","guid":{"rendered":"https:\/\/www.visionweb.com.ar\/?p=17394"},"modified":"2025-03-02T09:55:33","modified_gmt":"2025-03-02T12:55:33","slug":"cumbre-el-radicalismo-y-el-pro-bonaerense-se-reuniran-en-la-plata","status":"publish","type":"post","link":"https:\/\/www.visionweb.com.ar\/?p=17394","title":{"rendered":"Cumbre: El radicalismo y el PRO bonaerense se reunir\u00e1n en La Plata"},"content":{"rendered":"<p><strong><em>Intendentes y legisladores de ambas fuerzas se juntar\u00e1n en La Plata el 11 de marzo. El amado electoral para este a\u00f1o, en el centro de las conversaciones.<\/em><\/strong><!--more--><\/p>\n<p><img loading=\"lazy\" decoding=\"async\" class=\"size-medium wp-image-1646 alignright\" src=\"https:\/\/www.visionweb.com.ar\/wp-content\/uploads\/2021\/05\/COMITE-NACIONAL-UCR-300x201.png\" alt=\"\" width=\"300\" height=\"201\" srcset=\"https:\/\/www.visionweb.com.ar\/wp-content\/uploads\/2021\/05\/COMITE-NACIONAL-UCR-300x201.png 300w, https:\/\/www.visionweb.com.ar\/wp-content\/uploads\/2021\/05\/COMITE-NACIONAL-UCR.png 640w\" sizes=\"auto, (max-width: 300px) 100vw, 300px\" \/>Los principales referentes del radicalismo y el PRO de la provincia de Buenos Aires se reunir\u00e1n el pr\u00f3ximo\u00a0 11 de marzo en la ciudad de La Plata para a<strong>nalizar la situaci\u00f3n pol\u00edtica y conversar sobre el futuro de ambas fuerzas en el marco del a\u00f1o electoral<\/strong>\u00a0que ya se inici\u00f3.<\/p>\n<p>La reuni\u00f3n tiene dos impulsores de peso:\u00a0<strong>Maximiliano Abad, el senador nacional marplatense que es hombre fuerte del oficialismo radical en la Provincia y Jorge Macri, el jefe de Gobierno porte\u00f1o<\/strong>, que hasta hace foco fue presidente del PRO bonaerense y sigue teniendo gran influencia en la vida partidaria en el distrito.<\/p>\n<p>Los intendentes, ser\u00e1n animadores principales de la reuni\u00f3n -se realizar\u00e1 en la sede platense de una conocida cadena internacional de hoteles, de la que tambi\u00e9n participar\u00e1n legisladores:\u00a0<strong>en el radicalismo en abadismo asegura una gran participaci\u00f3n de alcaldes mientras que en PRO habr\u00eda un casi pleno, con la excepci\u00f3n de Maximiliano Montenegro, de Mar del Plata y Ram\u00f3n Lan\u00fas, de San Isidro<\/strong>.<\/p>\n<p>El contexto en el que se realiza marca el perfil de la cumbre:\u00a0<strong>el cronograma electoral comienza a acelerars<\/strong>e y las distintas fuerzas comienzan a explorar opciones para la disputa de este a\u00f1o en la Provincia.<\/p>\n<p>En el universo no peronista,\u00a0<strong>La Libertad Avanza viene dando muestras de poca propensi\u00f3n a realizar acuerdos<\/strong>: el armado que ordena la secretaria general de la Presidencia, Karina Milei -con Sebasti\u00e1n Pareja como mano derecha en el distrito- avanza en soledad y apenas acepta el pase de dirigentes en forma individual y siempre que est\u00e9n dispuestos a plegarse a la identidad violeta.<\/p>\n<p>En ese marco,\u00a0<strong>surgi\u00f3 la posibilidad de un armado \u201cde perfil centrista\u201d<\/strong>, una especie de opci\u00f3n de centro entre el libertarianismo y el kirchnerismo, con identidad diferenciada.\u00a0<strong>De ah\u00ed la idea de un \u201cretorno de Juntos por el Cambio\u201d<\/strong>\u00a0que se usa, en forma un poco metaf\u00f3rica, para definir una de las posibilidades que estar\u00e1 en la agenda de discusi\u00f3n el 11 de marzo en La Plata. Por lo pronto, casi todos los dirigentes importantes que formaron parte de aquella experiencia en la provincia y hoy siguen en la UCR (no estar\u00e1n los referenciados con FAcundo Manes y Mart\u00ednLousteau) o PRO fueron convocados al encuentro.<\/p>\n<p>Claro que<strong>\u00a0entre algunos participantes surgen matices y resquemores.\u00a0<\/strong>La posible presencia de Diego Santilli y Cristian Ritondo, dos PRO pero identificados con Milei reforz\u00f3 el temor de que la movida termine funcionando como un cap\u00edtulo dentro de una negociaci\u00f3n amplia que termine en alg\u00fan tipo de acuerdo con los libertarios.<strong>(VW)<\/strong><\/p>\n","protected":false},"excerpt":{"rendered":"<p>Intendentes y legisladores de ambas fuerzas se juntar\u00e1n en La Plata el 11 de marzo. El amado electoral para este a\u00f1o, en el centro de las conversaciones.<\/p>\n","protected":false},"author":3,"featured_media":1646,"comment_status":"closed","ping_status":"closed","sticky":false,"template":"","format":"standard","meta":{"_monsterinsights_skip_tracking":false,"_monsterinsights_sitenote_active":false,"_monsterinsights_sitenote_note":"","_monsterinsights_sitenote_category":0,"footnotes":""},"categories":[4],"tags":[546,545,551],"class_list":["post-17394","post","type-post","status-publish","format-standard","has-post-thumbnail","hentry","category-politica","tag-cumbre","tag-pro","tag-ucr"],"_links":{"self":[{"href":"https:\/\/www.visionweb.com.ar\/index.php?rest_route=\/wp\/v2\/posts\/17394","targetHints":{"allow":["GET"]}}],"collection":[{"href":"https:\/\/www.visionweb.com.ar\/index.php?rest_route=\/wp\/v2\/posts"}],"about":[{"href":"https:\/\/www.visionweb.com.ar\/index.php?rest_route=\/wp\/v2\/types\/post"}],"author":[{"embeddable":true,"href":"https:\/\/www.visionweb.com.ar\/index.php?rest_route=\/wp\/v2\/users\/3"}],"replies":[{"embeddable":true,"href":"https:\/\/www.visionweb.com.ar\/index.php?rest_route=%2Fwp%2Fv2%2Fcomments&post=17394"}],"version-history":[{"count":1,"href":"https:\/\/www.visionweb.com.ar\/index.php?rest_route=\/wp\/v2\/posts\/17394\/revisions"}],"predecessor-version":[{"id":17395,"href":"https:\/\/www.visionweb.com.ar\/index.php?rest_route=\/wp\/v2\/posts\/17394\/revisions\/17395"}],"wp:featuredmedia":[{"embeddable":true,"href":"https:\/\/www.visionweb.com.ar\/index.php?rest_route=\/wp\/v2\/media\/1646"}],"wp:attachment":[{"href":"https:\/\/www.visionweb.com.ar\/index.php?rest_route=%2Fwp%2Fv2%2Fmedia&parent=17394"}],"wp:term":[{"taxonomy":"category","embeddable":true,"href":"https:\/\/www.visionweb.com.ar\/index.php?rest_route=%2Fwp%2Fv2%2Fcategories&post=17394"},{"taxonomy":"post_tag","embeddable":true,"href":"https:\/\/www.visionweb.com.ar\/index.php?rest_route=%2Fwp%2Fv2%2Ftags&post=17394"}],"curies":[{"name":"wp","href":"https:\/\/api.w.org\/{rel}","templated":true}]}}