{"id":17391,"date":"2025-03-02T09:34:02","date_gmt":"2025-03-02T12:34:02","guid":{"rendered":"https:\/\/www.visionweb.com.ar\/?p=17391"},"modified":"2025-03-02T09:34:02","modified_gmt":"2025-03-02T12:34:02","slug":"apertura-de-sesiones-milei-defendio-su-gestion-economica-y-anuncio-acuerdo-con-el-fmi","status":"publish","type":"post","link":"https:\/\/www.visionweb.com.ar\/?p=17391","title":{"rendered":"Apertura de sesiones: Milei defendi\u00f3 su gesti\u00f3n econ\u00f3mica y anunci\u00f3 acuerdo con el FMI"},"content":{"rendered":"<p><em><strong>Pero volvi\u00f3 a cuestionar al gobernador Kicillof por la inseguridad en la Provincia. defendi\u00f3 la motosierra libertaria sobre el Estado.<\/strong><\/em><!--more--><\/p>\n<p><img loading=\"lazy\" decoding=\"async\" class=\"size-medium wp-image-17392 alignright\" src=\"https:\/\/www.visionweb.com.ar\/wp-content\/uploads\/2025\/03\/CONGRESO-MILEI-300x143.png\" alt=\"\" width=\"300\" height=\"143\" srcset=\"https:\/\/www.visionweb.com.ar\/wp-content\/uploads\/2025\/03\/CONGRESO-MILEI-300x143.png 300w, https:\/\/www.visionweb.com.ar\/wp-content\/uploads\/2025\/03\/CONGRESO-MILEI.png 640w\" sizes=\"auto, (max-width: 300px) 100vw, 300px\" \/>El presidente Javier Milei\u00a0 inaugur\u00f3 anoche la 143 Sesi\u00f3n Ordinaria del periodo de sesiones ordinarias con una fuerte defensa de su <strong>\u00a0pol\u00edtica econ\u00f3mica, prometi\u00f3 m\u00e1s ajuste del Estado, adem\u00e1s de anunciar un acuerdo con el FMI.<\/strong><\/p>\n<p>Adem\u00e1s pedir\u00e1 en los pr\u00f3ximos d\u00edas el respaldo del Congreso para el tratamiento de numersos proyectos y , <strong>anunci\u00f3 una reforma penal para endurecer las penas por todos los delitos y volvi\u00f3 a criticar fuerte al gobernador gobernador Axel Killof por la inseguridad<\/strong>.<\/p>\n<p>En el primer tramo de su intervenci\u00f3n defendi\u00f3 la motosierra libertaria sobre el Estado y recibi\u00f3 aplausos por su d\u00e9ficit cero alcanzado por el fuerte ajuste. Dijo que su programa econ\u00f3mico\u00a0<strong>\u201ces el m\u00e1s exitoso hasta la fecha\u201d<\/strong>. Y agreg\u00f3 que se logr\u00f3 \u201csin fijar el tipo de cambio, recomposici\u00f3n tarifaria, ni plan Bonex\u201d.<\/p>\n<p>Milei ingres\u00f3 al recinto de Diputados por un costado, a la altura de las bancas, para abrazarse y tomarse selfies con un pu\u00f1ado de legisladores que fueron a escucharlo: principalmente sus ac\u00f3litos de La Libertad Avanza y los del PRO. <strong>Pas\u00f3 por enfrente de los jueces de la Corte Suprema de Justicia pero no estrech\u00f3 manos con el flamante ministro designado por decreto Manuel Garc\u00eda-Mansill<\/strong>a, aunque no estuvo Ariel Lijo<\/p>\n<p>El Presidente\u00a0<strong>habl\u00f3 a un hemiciclo casi vac\u00edo por el faltazo de la oposici\u00f3n peronista, de izquierda y de parte del radicalism<\/strong>o, luego de que estallara el esc\u00e1ndalo<strong> $LIBRA<\/strong> y por el decretazo para completar el m\u00e1ximo tribunal.<\/p>\n<p><strong>\u201cUstedes keynesianos no pueden parar de llorar\u201d<\/strong>, lanz\u00f3 Milei para defenderse de las cr\u00edticas sobre su plan econ\u00f3mico, que logr\u00f3 cierto orden de la macroeconom\u00eda pero a costo de una fuerte recesi\u00f3n. \u201cDesde abril que la econom\u00eda no para de crecer. Hablaban de la L, de la pipita de Nike pero fue en V corta aunque les duela a \u2018uni\u00f3n por la plata\u2019 o no s\u00e9 c\u00f3mo se llaman ahora\u201d, dijo para criticar a la oposici\u00f3n peronista de Uni\u00f3n por la Patria.<\/p>\n<p>Milei con relaci\u00f3n a las retenciones (Derechos de exportaci\u00f3n), en su discurso dijo que se eliminaron para las econom\u00edas regionales y que se aplic\u00f3 una rebaja parcial\u00a0 para el resto de las producciones (caducan en junio), pero no estableci\u00f3 una fecha para sus eliminaci\u00f3n.<\/p>\n<p class=\"wp-block-heading\"><em><strong>Cruce con Manes<\/strong><\/em><\/p>\n<p>El presidente se cruz\u00f3 en medio del discurso con el diputado radical Facundo Manes. \u201c<strong>Leela Manes te va a hacer bien, supuestamente vos entendes c\u00f3mo funciona el cerebro y no aprendiste nada. Leela bien\u201d<\/strong>, lo cruz\u00f3 Milei en referencia a la Constituci\u00f3n.<\/p>\n<p>\u201cQuiz\u00e1s tu versi\u00f3n es con IA y cambia de libertaria a kirchnerista como hiciste vos, Manes\u201d, insisti\u00f3 el Presidente.<\/p>\n<p>En medio de los gritos militantes,<strong>\u00a0Manes dej\u00f3 su banca y mientras lo hac\u00eda le mostr\u00f3 un ejemplar de la Consituci\u00f3n a Santiago Caputo<\/strong>, el asesor estrella de Milei.<\/p>\n<p class=\"wp-block-heading\"><em><strong>Privatizaciones masivas<\/strong><\/em><\/p>\n<p>Dentro del primer tramo econ\u00f3mico de su discurso, adelant\u00f3 que acelerar\u00e1 en el desguace del Estado y la privatiz\u00f3n de las empresas p\u00fablicas: \u201c<strong>Empezamos a dar los primeros pasos para privatizar a todas las empresas p\u00fablicas\u201d<\/strong>, prometi\u00f3 el Presidente, aunque se vanaglori\u00f3 de haber reacondicionado las cuentas de Aerol\u00edneas Argentinas, cuya privatizaci\u00f3n el Gobierno a\u00fan no pudo concretar.<\/p>\n<p>Plante\u00f3 que \u201cel Estado no est\u00e1 para reemplazar al empresariado\u201d y festej\u00f3 los despidos a empleados p\u00fablicos: \u201cCerramos 200 \u00e1reas del Poder Ejecutivo y echamos a m\u00e1s de 40 mil empleados p\u00fablicos.<\/p>\n<p>Hizo\u00a0<strong>un alto llamativo en sus palabras para nombrar a cada uno de sus ministro<\/strong>s, incluso al jefe del Banco Central y, obviamente, a su hermana Karina: \u201cEn la vida hay que ser agradecido y no mezquino, gracias por permitirme liderar el mejor gobierno de la historia argentina\u201d. Despu\u00e9s dijo que el de Carlos Menem en los noventa \u201cfue el mejor gobierno de la historia, hasta ahora\u201d.<\/p>\n<p>Apunt\u00f3 que\u00a0<strong>\u201cla motosierra es el inicio de una nueva era dorada para la humanidad\u201d<\/strong>\u00a0y celebr\u00f3 el uso que hizo el ministro y multimillonario norteamericano Elon Musk hizo de esa misma herramienta d\u00edas atr\u00e1s.<strong>\u00a0\u201cYa cumplimos mas del 75% de nuestras promesas, algo in\u00e9dito en la historia argentina\u201d<\/strong>, aventur\u00f3.<\/p>\n<p>Adelant\u00f3 que su gobierno est\u00e1 trabajando en m\u00e1s de u<strong>na docena de leyes para una reforma libertaria profund<\/strong>a, que otras veces llam\u00f3 \u201cdeep motosierra\u201d. \u201c<strong>La motosierra seguir\u00e1 hasta que encuentre el final del Estad<\/strong>o\u201d, asegur\u00f3. Y dijo que se abordar\u00e1n durante este a\u00f1o legislativo o \u201cdesde el 11 de diciembre\u201d, imaginando que el oficialismo ganar\u00e1 los pr\u00f3ximos comicios. Mir\u00f3 a su izquierda, el espacio donde se sienta el peronismo, y plante\u00f3:\u00a0<strong>\u201cEsta zona se va a poner un poquito m\u00e1s violeta\u201d.<\/strong><\/p>\n<p>\u201cDel mismo modo,\u00a0<strong>necesitamos devolverle a los argentinos la libertad de comerciar con el resto del mundo<\/strong>, para que bienes y servicios ingresen al mercado local, y as\u00ed los argentinos puedan comprar libremente productos de mejor calidad, a mejor precio\u201d, se\u00f1al\u00f3 el Presidente. \u201c<strong>Basta de la mentira proteccionista<\/strong>, es un curro entre los pol\u00edticos y los empresarios prebendarios\u201d, atac\u00f3<\/p>\n<p>\u201cEl primer paso en este sendero es la oportunidad hist\u00f3rica que tenemos para entablar<strong>\u00a0un acuerdo comercial con Estados Unidos.<\/strong>\u00a0Para aprovechar esta oportunidad hist\u00f3rica que se nos vuelve a presentar, es necesario estar dispuestos a flexibilizar o incluso llegado el caso a salir del Mercosur, que lo \u00fanico que logr\u00f3 desde su creaci\u00f3n es enriquecer a los grandes industriales brasileros a costa de empobrecer a los argentinos\u201d, plante\u00f3 Milei.\u00a0<strong>Si avanza con un acuerdo de libre comercio con Washington, el proyecto deber\u00e1 ser aprobado previamente por el Congreso.<\/strong><\/p>\n<p class=\"wp-block-heading\"><em><strong>Acuerdo con el FMI<\/strong><\/em><\/p>\n<p>El punto m\u00e1s destacado al final del discurso de Milei fue el anticipo de que el Gobierno se acerca, seg\u00fan sus dichos, a un acuerdo con el Fondo Monetario Internacional. \u201cEstamos avanzando con un acuerdo con el FMI para sanear el Banco Central y salir del cepo cambiario durante este a\u00f1o\u201d, dijo Milei aunque no precis\u00f3 detalles de cu\u00e1nto ser\u00eda el ingreso de fondos frescos. \u201cEstamos en condiciones de emprender este acuerdo sin aumentar nuestra deuda bruta\u201d, afirm\u00f3.<\/p>\n<p>Un punto importante es que adelant\u00f3 que en \u201clos pr\u00f3ximos d\u00edas\u201d enviar\u00e1 en acuerdo al congreso para su aprobaci\u00f3n.<\/p>\n<p class=\"wp-block-heading\"><em><strong>Contra Kicillof<\/strong><\/em><\/p>\n<p>En medio de la crisis de inseguridad en el conurbano bonaerense y tras amenazar con intervenir la provincia de Buenos Aires, Milei volvi\u00f3 a apuntar contra Kicillof.<strong>\u00a0\u201cSi Kicillof quiere resolver el problema tiene dos alternativas: abandonar esa visi\u00f3n abolicionista y castigar a los criminales; o correrse del camino y dejarnos resolver el problema a nosotros\u201d<\/strong>, se\u00f1al\u00f3 el Presidente, que dijo que \u201ccon Kicillof no tenemos nada que conversar\u201d.<\/p>\n<p>\u201cT<strong>erminaremos con la puerta giratoria en la Argentina.<\/strong>\u00a0Necesitamos aprobar la ley de baja de la edad de imputabilidad, para que quienes son lo suficientemente conscientes para cometer cr\u00edmenes de adulto, paguen las consecuencias de sus actos como adultos.\u00a0<strong>Necesitamos tambi\u00e9n agravar todas las penas del c\u00f3digo penal<\/strong>, algo que tiene que ocurrir en car\u00e1cter urgente\u201d, reclam\u00f3 el Presidente, que hizo menci\u00f3n al caso de Kim G\u00f3mez.<\/p>\n<p>\u201cEn materia de seguridad nacional,\u00a0<strong>bajo el liderazgo de la doctora Bullrich, durante 2024 vimos el \u00edndice de homicidios m\u00e1s bajo de los \u00faltimos 25 a\u00f1os,<\/strong>\u00a0habi\u00e9ndolo bajado 11 puntos en comparaci\u00f3n a 2023. Es decir que tuvimos el \u00edndice de homicidios m\u00e1s bajo de Sudam\u00e9rica. El que las hace, las paga\u201d, dijo Milei, mirando a Bullrich.<\/p>\n<p>Y agreg\u00f3: \u201cTambi\u00e9n aprobamos los proyectos de Reiterancia y Reincidencia, junto a la ley Antimafias, para fortalecer un principio universal que durante tanto tiempo estuvo olvidado en estas tierras: el que las hace, las paga\u201d.<\/p>\n<p class=\"wp-block-heading\"><em><strong>Narcotr\u00e1fico, terrorismo y reforma migratoria<\/strong><\/em><\/p>\n<p>\u201cEstamos trabajando en una ley de seguridad nacional que le provea herramientas al estado argentino, a nuestro servicio de inteligencia, y a nuestras fuerzas, para perseguir a quienes quieran atentar contra la vida de los argentinos\u201d, dijo Milei.<\/p>\n<p>\u201cSi queremos ser un pa\u00eds serio, tambi\u00e9n debemos llevar a cabo una profunda reforma migratoria. Nuestra naci\u00f3n ha sido generosa con los inmigrantes, pero otra cosa distinta es ser tomados de tontos por nuestros vecinos, o ser un centro de beneficencia pagado por el bolsillo de los argentinos\u201d, se\u00f1al\u00f3.<\/p>\n<p>\u201c<strong>En pol\u00edtica exterior, pasamos de ser un hazmerre\u00edr a nivel global, aliado de los pa\u00edses con peor performance del concierto de las naciones, como Cuba y Venezuela, a ser un protagonista inesperado<\/strong>. Los ojos del mundo se posan sobre la argentina despu\u00e9s de mucho tiempo, y en algunos casos incluso toman nota del trabajo que hemos hecho para aplicarlo en sus propios pa\u00edses, como es el caso de Elon Musk al frente de la cartera de desregulaci\u00f3n en los Estados Unidos\u201d, dijo Milei.<\/p>\n<p class=\"wp-block-heading\"><strong>Contra la prensa<\/strong><\/p>\n<p><strong>M<\/strong>ilei volvi\u00f3 a atacar a la prensa cuando dijo que \u201celimin\u00f3 la pauta oficial\u201d. Y dijo que su gesti\u00f3n no necesita del periodismo \u201cpor sus logros\u201d. Y a\u00f1adi\u00f3: \u201c<strong>Eliminamos la publicidad oficial, instrumento del que se val\u00eda la casta para difundir sus mentiras en los medios<\/strong>. Fuimos los \u00fanicos en eliminar la pauta oficial. Nosotros no necesitamos sobornar a los medios, tenemos logros, no necesitamos periodistas mentirosos\u201d.<\/p>\n<p class=\"wp-block-heading\"><em><strong>Pobreza\u00a0<\/strong><\/em><\/p>\n<p>\u201c<strong>La pobreza baj\u00f3 del 56% al 33% de acuerdo al \u00faltimo dato trimestra<\/strong>l. Esta ca\u00edda se vio impulsada por la baja de la inflaci\u00f3n, el aumento sostenido de los salarios reales y las jubilaciones, y el aumento de la AUH en t\u00e9rminos reales y del Plan Alimentar\u201d, dijo el Presidente. Y a\u00f1adi\u00f3: \u201cAcabamos con el curro de la pol\u00edtica\u201d<strong>(VW)<\/strong><\/p>\n<p><strong>Informaci\u00f3n preparada con datos de Presidencia y agencia DIB\u00a0<\/strong><\/p>\n<p>&nbsp;<\/p>\n","protected":false},"excerpt":{"rendered":"<p>Pero volvi\u00f3 a cuestionar al gobernador Kicillof por la inseguridad en la Provincia. defendi\u00f3 la motosierra libertaria sobre el Estado.<\/p>\n","protected":false},"author":3,"featured_media":17392,"comment_status":"closed","ping_status":"closed","sticky":false,"template":"","format":"standard","meta":{"_monsterinsights_skip_tracking":false,"_monsterinsights_sitenote_active":false,"_monsterinsights_sitenote_note":"","_monsterinsights_sitenote_category":0,"footnotes":""},"categories":[4],"tags":[485,143,4530,470],"class_list":["post-17391","post","type-post","status-publish","format-standard","has-post-thumbnail","hentry","category-politica","tag-congreso","tag-diputados","tag-milei","tag-sesiones"],"_links":{"self":[{"href":"https:\/\/www.visionweb.com.ar\/index.php?rest_route=\/wp\/v2\/posts\/17391","targetHints":{"allow":["GET"]}}],"collection":[{"href":"https:\/\/www.visionweb.com.ar\/index.php?rest_route=\/wp\/v2\/posts"}],"about":[{"href":"https:\/\/www.visionweb.com.ar\/index.php?rest_route=\/wp\/v2\/types\/post"}],"author":[{"embeddable":true,"href":"https:\/\/www.visionweb.com.ar\/index.php?rest_route=\/wp\/v2\/users\/3"}],"replies":[{"embeddable":true,"href":"https:\/\/www.visionweb.com.ar\/index.php?rest_route=%2Fwp%2Fv2%2Fcomments&post=17391"}],"version-history":[{"count":1,"href":"https:\/\/www.visionweb.com.ar\/index.php?rest_route=\/wp\/v2\/posts\/17391\/revisions"}],"predecessor-version":[{"id":17393,"href":"https:\/\/www.visionweb.com.ar\/index.php?rest_route=\/wp\/v2\/posts\/17391\/revisions\/17393"}],"wp:featuredmedia":[{"embeddable":true,"href":"https:\/\/www.visionweb.com.ar\/index.php?rest_route=\/wp\/v2\/media\/17392"}],"wp:attachment":[{"href":"https:\/\/www.visionweb.com.ar\/index.php?rest_route=%2Fwp%2Fv2%2Fmedia&parent=17391"}],"wp:term":[{"taxonomy":"category","embeddable":true,"href":"https:\/\/www.visionweb.com.ar\/index.php?rest_route=%2Fwp%2Fv2%2Fcategories&post=17391"},{"taxonomy":"post_tag","embeddable":true,"href":"https:\/\/www.visionweb.com.ar\/index.php?rest_route=%2Fwp%2Fv2%2Ftags&post=17391"}],"curies":[{"name":"wp","href":"https:\/\/api.w.org\/{rel}","templated":true}]}}