{"id":17387,"date":"2025-02-28T16:36:35","date_gmt":"2025-02-28T19:36:35","guid":{"rendered":"https:\/\/www.visionweb.com.ar\/?p=17387"},"modified":"2025-02-28T16:36:35","modified_gmt":"2025-02-28T19:36:35","slug":"sarampion-refuerzan-la-vacunacion-en-la-provincia-con-una-dosis-extra","status":"publish","type":"post","link":"https:\/\/www.visionweb.com.ar\/?p=17387","title":{"rendered":"Sarampi\u00f3n: Refuerzan la vacunaci\u00f3n en la Provincia con una dosis extra"},"content":{"rendered":"<p><strong><em>El Ministerio de Salud bonaerense recomienda aplicar una dosis extra a menores de 13 meses a 4 a\u00f1os que hayan tenido contacto con casos confirmados.<\/em><\/strong><!--more--><\/p>\n<p><strong><img loading=\"lazy\" decoding=\"async\" class=\"size-medium wp-image-17388 alignright\" src=\"https:\/\/www.visionweb.com.ar\/wp-content\/uploads\/2025\/02\/vacuna-sarampion-300x187.png\" alt=\"\" width=\"300\" height=\"187\" srcset=\"https:\/\/www.visionweb.com.ar\/wp-content\/uploads\/2025\/02\/vacuna-sarampion-300x187.png 300w, https:\/\/www.visionweb.com.ar\/wp-content\/uploads\/2025\/02\/vacuna-sarampion.png 485w\" sizes=\"auto, (max-width: 300px) 100vw, 300px\" \/>\u00a0 \u00a0 \u00a0 E<\/strong>l <strong>Ministerio de Salud de la Provincia de Buenos Aires<\/strong> anunci\u00f3 la aplicaci\u00f3n de <strong>una dosis extra de la vacuna del sarampi\u00f3n<\/strong>, tras la alerta epidemiol\u00f3gica por cuatro casos reportados en Capital Federal.<\/p>\n<p>La <strong>subsecretaria de Planificaci\u00f3n Estrat\u00e9gica en Salud bonaerense, Leticia Ceriani<\/strong>, inform\u00f3 que la vacunaci\u00f3n est\u00e1 destinada a <strong>beb\u00e9s de 13 meses y ni\u00f1os de 4 a\u00f1os<\/strong> que hayan tenido contacto con casos confirmados.<\/p>\n<p>Adem\u00e1s, los <strong>beb\u00e9s de entre 6 y 11 meses<\/strong> que fueron <strong>contactos de casos confirmados<\/strong> tambi\u00e9n deben recibir una <strong>dosis extra denominada \u201ccero\u201d<\/strong>, que no cuenta para el esquema de vacunaci\u00f3n regular, pero <strong>refuerza su inmunidad<\/strong>.<\/p>\n<p>Esto se da luego de que se confirmara un\u00a0cuarto caso\u00a0de\u00a0sarampi\u00f3n\u00a0dentro del territorio porte\u00f1o, y desde el Gobierno de la provincia de Buenos Aires iniciaron una <strong>campa\u00f1a de sensibilizaci\u00f3n y vacunaci\u00f3n<\/strong> con una <strong>dosis extra<\/strong> de la vacuna para las personas que tuvieron contacto con los casos en CABA.<\/p>\n<p>Si bien la Provincia no registra casos confirmados, s\u00ed <strong>se registran personas que tuvieron contacto con los primeros dos casos en la Ciudad de Buenos Aires<\/strong>.<\/p>\n<p>Las\u00a0personas residentes de la provincia que tuvieron contacto cercano con los casos se encuentran en muy bajo riesgo de confirmaci\u00f3n de contagio, dado que el per\u00edodo de posible aparici\u00f3n de s\u00edntomas se encuentra pronto a finalizar, aunque contin\u00faa su seguimiento hasta el d\u00eda 1 de marzo.<\/p>\n<p>Del tercer caso confirmado, se registraron hasta el momento 16 contactos, que se encuentran en seguimiento hasta el 14 de marzo, hasta ahora sin s\u00edntomas. Adem\u00e1s, se contin\u00faa en la investigaci\u00f3n de nuevos contactos del \u00faltimo caso confirmado.<\/p>\n<p>El Calendario Nacional indica la <strong>primera dosis de vacuna triple viral<\/strong> (sarampi\u00f3n \u2013 rub\u00e9ola \u2013 paperas) <strong>a los 12 meses y la segunda dosis a los 5 a\u00f1os<\/strong>. En este escenario epidemiol\u00f3gico, se indic\u00f3 aplicar dosis extras a las previstas por el Calendario, a las personas que estuvieron en contacto con casos confirmados (no a\u00fan para la poblaci\u00f3n general):<\/p>\n<p>En contexto de brote activo, se recomienda aplicar una dosis extra a las personas de<strong>\u00a013 meses a 4 a\u00f1os\u00a0<\/strong>que hayan tenido contacto con casos confirmados, y una dosis extra (llamada CERO) a las personas de entre\u00a0<strong>6 y 11 meses<\/strong>\u00a0que fueron contacto de casos confirmados, es decir a las personas que tienen 0 o 1 dosis, con la intenci\u00f3n de reforzar su inmunidad.<\/p>\n<p><strong>\u00bfQui\u00e9nes deben recibir la dosis extra?<\/strong><br \/>\n-Ni\u00f1os y ni\u00f1as de 13 meses a 4 a\u00f1os que hayan tenido contacto con casos confirmados deben recibir una dosis extra de la vacuna.<br \/>\n-Beb\u00e9s de 6 a 11 meses que fueron contactos de casos confirmados deben recibir una dosis extra denominada \u201ccero\u201d, que no cuenta para el esquema de vacunaci\u00f3n regular, pero refuerza su inmunidad en este contexto.<\/p>\n<p><strong>\u00bfPor qu\u00e9 se recomienda esta dosis extra?<\/strong><br \/>\n-Aunque la primera dosis de la vacuna triple viral tiene una alta tasa de efectividad, un peque\u00f1o porcentaje (entre el 5% y el 10%) de la poblaci\u00f3n no responde adecuadamente, lo que los hace vulnerables al sarampi\u00f3n.<br \/>\n-En beb\u00e9s de 6 a 11 meses, la respuesta a la vacuna puede ser insuficiente debido a su edad temprana, lo que justifica la aplicaci\u00f3n de una dosis adicional para generar inmunidad. <strong>(VW)<\/strong><\/p>\n","protected":false},"excerpt":{"rendered":"<p>El Ministerio de Salud bonaerense recomienda aplicar una dosis extra a menores de 13 meses a 4 a\u00f1os que hayan tenido contacto con casos confirmados.<\/p>\n","protected":false},"author":4,"featured_media":17388,"comment_status":"closed","ping_status":"closed","sticky":false,"template":"","format":"standard","meta":{"_monsterinsights_skip_tracking":false,"_monsterinsights_sitenote_active":false,"_monsterinsights_sitenote_note":"","_monsterinsights_sitenote_category":0,"footnotes":""},"categories":[8,5],"tags":[7420,356,2017,366],"class_list":["post-17387","post","type-post","status-publish","format-standard","has-post-thumbnail","hentry","category-interes-general","category-sociedad","tag-dosis-extra","tag-provincia","tag-sarampion","tag-vacuna"],"_links":{"self":[{"href":"https:\/\/www.visionweb.com.ar\/index.php?rest_route=\/wp\/v2\/posts\/17387","targetHints":{"allow":["GET"]}}],"collection":[{"href":"https:\/\/www.visionweb.com.ar\/index.php?rest_route=\/wp\/v2\/posts"}],"about":[{"href":"https:\/\/www.visionweb.com.ar\/index.php?rest_route=\/wp\/v2\/types\/post"}],"author":[{"embeddable":true,"href":"https:\/\/www.visionweb.com.ar\/index.php?rest_route=\/wp\/v2\/users\/4"}],"replies":[{"embeddable":true,"href":"https:\/\/www.visionweb.com.ar\/index.php?rest_route=%2Fwp%2Fv2%2Fcomments&post=17387"}],"version-history":[{"count":1,"href":"https:\/\/www.visionweb.com.ar\/index.php?rest_route=\/wp\/v2\/posts\/17387\/revisions"}],"predecessor-version":[{"id":17389,"href":"https:\/\/www.visionweb.com.ar\/index.php?rest_route=\/wp\/v2\/posts\/17387\/revisions\/17389"}],"wp:featuredmedia":[{"embeddable":true,"href":"https:\/\/www.visionweb.com.ar\/index.php?rest_route=\/wp\/v2\/media\/17388"}],"wp:attachment":[{"href":"https:\/\/www.visionweb.com.ar\/index.php?rest_route=%2Fwp%2Fv2%2Fmedia&parent=17387"}],"wp:term":[{"taxonomy":"category","embeddable":true,"href":"https:\/\/www.visionweb.com.ar\/index.php?rest_route=%2Fwp%2Fv2%2Fcategories&post=17387"},{"taxonomy":"post_tag","embeddable":true,"href":"https:\/\/www.visionweb.com.ar\/index.php?rest_route=%2Fwp%2Fv2%2Ftags&post=17387"}],"curies":[{"name":"wp","href":"https:\/\/api.w.org\/{rel}","templated":true}]}}