{"id":17384,"date":"2025-02-28T15:32:25","date_gmt":"2025-02-28T18:32:25","guid":{"rendered":"https:\/\/www.visionweb.com.ar\/?p=17384"},"modified":"2025-02-28T15:32:25","modified_gmt":"2025-02-28T18:32:25","slug":"una-nueva-linea-de-subtes-que-conectara-barracas-con-palermo","status":"publish","type":"post","link":"https:\/\/www.visionweb.com.ar\/?p=17384","title":{"rendered":"Una nueva l\u00ednea de subtes que conectar\u00e1 Barracas con Palermo"},"content":{"rendered":"<p><em><strong>Tendr\u00e1 11 estaciones. Tambi\u00e9n se construir\u00e1n dos l\u00edneas de TramBUS el\u00e9ctrico que unir\u00e1n de manera transversal los barrios del norte y el sur de la Ciudad.<\/strong><\/em><!--more--><\/p>\n<p><strong> <img loading=\"lazy\" decoding=\"async\" class=\"size-medium wp-image-17385 alignright\" src=\"https:\/\/www.visionweb.com.ar\/wp-content\/uploads\/2025\/02\/subte-nuevo-caba-239x300.png\" alt=\"\" width=\"239\" height=\"300\" srcset=\"https:\/\/www.visionweb.com.ar\/wp-content\/uploads\/2025\/02\/subte-nuevo-caba-239x300.png 239w, https:\/\/www.visionweb.com.ar\/wp-content\/uploads\/2025\/02\/subte-nuevo-caba.png 376w\" sizes=\"auto, (max-width: 239px) 100vw, 239px\" \/>\u00a0\u00a0\u00a0\u00a0 E<\/strong>l jefe de Gobierno <strong>Jorge Macri<\/strong> anunci\u00f3 la\u00a0<strong>construcci\u00f3n de la l\u00ednea F de subtes<\/strong>\u00a0que conectar\u00e1 los barrios porte\u00f1os de\u00a0<strong>Barracas con Palermo<\/strong>, que tendr\u00e1\u00a0<strong>11 estaciones<\/strong>, con un recorrido de\u00a0<strong>9 kil\u00f3metros<\/strong>.<\/p>\n<p>La obra adem\u00e1s, \u201cfacilitar\u00e1 el desplazamiento norte-sur, descongestionar\u00e1 a la L\u00ednea C y potenciar\u00e1 el uso de las dem\u00e1s l\u00edneas\u201d.<\/p>\n<p>A su vez, tambi\u00e9n se construir\u00e1n dos l\u00edneas de\u00a0<strong>TramBUS\u00a0<\/strong>el\u00e9ctrico que unir\u00e1n de manera transversal los barrios del norte y el sur de la Ciudad.<\/p>\n<p>Macri destac\u00f3 que conectar\u00e1 todas las l\u00edneas de subte, menos la H, y el Ferrocarril Roca, sumado a que pasar\u00e1 por los barrios de Barracas, Constituci\u00f3n, San Cristobal, Monserrat, San Nicol\u00e1s, Recoleta y Palermo.<\/p>\n<p>La F transportar\u00e1, seg\u00fan estimaciones,\u00a0<strong>m\u00e1s de 300 mil pasajeros diarios<\/strong>. Ser\u00e1 una l<strong>\u00ednea moderna, equipada con la \u00faltima tecnolog\u00eda en materia de sistema de se\u00f1ales y coches 0 km con aire acondicionado<\/strong>. El proyecto incluye, adem\u00e1s, la construcci\u00f3n de una cochera y un taller en superficie para mantenimiento liviano y pesado.<\/p>\n<p>\u201cHoy damos un paso hist\u00f3rico, la l\u00ednea F, con F de futuro. Es un orgullo que podamos encarar la obra de infraestructura urbana m\u00e1s grande de todo el pa\u00eds\u201d, dijo Macri en la estaci\u00f3n Facultad de Derecho de la H.<\/p>\n<p>Y agreg\u00f3:\u00a0\u201cLa F y la incorporaci\u00f3n del TramBus son un gran salto de calidad en la transformaci\u00f3n que estamos haciendo, como lo hicimos con el Metrobus, las bicisendas o el Paseo del Bajo\u201d.<\/p>\n<p>En conferencia de prensa, el jefe de Gobierno explic\u00f3 que la construcci\u00f3n\u00a0<strong>finalizar\u00e1 en 2031<\/strong>\u00a0y tendr\u00e1 una\u00a0<strong>inversi\u00f3n de estimada de 1.050 millones de d\u00f3lares con material rodante incluido<\/strong>:\u00a0\u201cSe licitar\u00e1 el tramo de 5 kil\u00f3metros entre Barracas y la conexi\u00f3n con la estaci\u00f3n Callao de la l\u00ednea D, en el barrio de Balvanera, que es el de mayor demanda potencial de acuerdo a los estudios realizados\u201d.<\/p>\n<p><strong>Se har\u00e1 en dos etapas.<\/strong>\u00a0El primer tramo es de seis estaciones: Brandsen, Constituci\u00f3n, Cochabamba, Chile, Congreso y Tucum\u00e1n.<\/p>\n<p>En los pr\u00f3ximos 60 d\u00edas el Ministerio de Infraestructura publicar\u00e1 la informaci\u00f3n y las condiciones para que\u00a0<strong>las empresas interesadas en la obra puedan presentarse en la licitaci\u00f3n nacional e internacional<\/strong>\u00a0que ser\u00e1 lanzada en junio de este a\u00f1o con vistas a iniciar la obra en 2026.<\/p>\n<p><strong>Dos nuevas l\u00edneas de TramBUS<\/strong><\/p>\n<p>Jorge Macri tambi\u00e9n anunci\u00f3 que habr\u00e1\u00a0<strong>dos nuevas l\u00edneas de TramBUS\u00a0<\/strong>que se integrar\u00e1n a la red de subte de forma transversal. Conectan las principales cabeceras del subte, a trav\u00e9s de veh\u00edculos el\u00e9ctricos.<\/p>\n<p>\u201cEste a\u00f1o llegar\u00e1n los primeros 20 que ir\u00e1n por carriles exclusivos y sem\u00e1foros sincronizados. Y van a acelerar la conexi\u00f3n norte-sur de la Ciudad. Estas l\u00edneas reducir\u00e1n en un 40% los tiempos de viaje actuales y van a beneficiar en forma directa a m\u00e1s de 60.000 usuarios diarios\u201d, cont\u00f3.<\/p>\n<p>El\u00a0<strong>TramBus 1<\/strong>, o T1, empezar\u00e1 a funcionar en 2026. Circular\u00e1 por el centro de la ciudad y conectar\u00e1 la Costanera (altura Aeroparque) hasta el Centro de Trasbordo S\u00e1enz, recorriendo los barrios de Palermo, Villa Crespo, Caballito, Almagro, Parque Chacabuco, Boedo, Parque Patricios y Nueva Pompeya. Tendr\u00e1 conexiones con las estaciones de subte Palermo (l\u00ednea D), Dorrego (l\u00ednea B), Acoyte (l\u00ednea A), Avenida La Plata (l\u00ednea E) y Hospitales (l\u00ednea H), hasta la estaci\u00f3n Saenz (FFCC Belgrano Sur).<\/p>\n<p>La\u00a0<strong>T2<\/strong>\u00a0circular\u00e1 de manera transversal de norte a sur m\u00e1s hacia el oeste y conectar\u00e1 los barrios de Nueva Pompeya, Flores, Villa Santa Rita, Villa del Parque, Agronom\u00eda, Parque Chas, Villa Pueyrred\u00f3n, Villa Urquiza y Belgano. Unir\u00e1 la estaci\u00f3n Belgrano C del tren Mitre con San Pedrito (l\u00ednea A), pasando por Congreso de Tucum\u00e1n (l\u00ednea D) y por las estaciones Luis Mar\u00eda Drago y Pueyrred\u00f3n. <strong>(VW)<\/strong><\/p>\n","protected":false},"excerpt":{"rendered":"<p>Tendr\u00e1 11 estaciones. Tambi\u00e9n se construir\u00e1n dos l\u00edneas de TramBUS el\u00e9ctrico que unir\u00e1n de manera transversal los barrios del norte y el sur de la Ciudad.<\/p>\n","protected":false},"author":4,"featured_media":17385,"comment_status":"closed","ping_status":"closed","sticky":false,"template":"","format":"standard","meta":{"_monsterinsights_skip_tracking":false,"_monsterinsights_sitenote_active":false,"_monsterinsights_sitenote_note":"","_monsterinsights_sitenote_category":0,"footnotes":""},"categories":[8,4],"tags":[5263,7418,7419],"class_list":["post-17384","post","type-post","status-publish","format-standard","has-post-thumbnail","hentry","category-interes-general","category-politica","tag-jorge-macri","tag-nueva-linea-de-subte","tag-trambus"],"_links":{"self":[{"href":"https:\/\/www.visionweb.com.ar\/index.php?rest_route=\/wp\/v2\/posts\/17384","targetHints":{"allow":["GET"]}}],"collection":[{"href":"https:\/\/www.visionweb.com.ar\/index.php?rest_route=\/wp\/v2\/posts"}],"about":[{"href":"https:\/\/www.visionweb.com.ar\/index.php?rest_route=\/wp\/v2\/types\/post"}],"author":[{"embeddable":true,"href":"https:\/\/www.visionweb.com.ar\/index.php?rest_route=\/wp\/v2\/users\/4"}],"replies":[{"embeddable":true,"href":"https:\/\/www.visionweb.com.ar\/index.php?rest_route=%2Fwp%2Fv2%2Fcomments&post=17384"}],"version-history":[{"count":1,"href":"https:\/\/www.visionweb.com.ar\/index.php?rest_route=\/wp\/v2\/posts\/17384\/revisions"}],"predecessor-version":[{"id":17386,"href":"https:\/\/www.visionweb.com.ar\/index.php?rest_route=\/wp\/v2\/posts\/17384\/revisions\/17386"}],"wp:featuredmedia":[{"embeddable":true,"href":"https:\/\/www.visionweb.com.ar\/index.php?rest_route=\/wp\/v2\/media\/17385"}],"wp:attachment":[{"href":"https:\/\/www.visionweb.com.ar\/index.php?rest_route=%2Fwp%2Fv2%2Fmedia&parent=17384"}],"wp:term":[{"taxonomy":"category","embeddable":true,"href":"https:\/\/www.visionweb.com.ar\/index.php?rest_route=%2Fwp%2Fv2%2Fcategories&post=17384"},{"taxonomy":"post_tag","embeddable":true,"href":"https:\/\/www.visionweb.com.ar\/index.php?rest_route=%2Fwp%2Fv2%2Ftags&post=17384"}],"curies":[{"name":"wp","href":"https:\/\/api.w.org\/{rel}","templated":true}]}}